{"id":146315,"date":"2025-09-29T11:26:11","date_gmt":"2025-09-29T11:26:11","guid":{"rendered":"https:\/\/www.europesays.com\/es\/146315\/"},"modified":"2025-09-29T11:26:11","modified_gmt":"2025-09-29T11:26:11","slug":"transportes-continua-con-las-obras-de-modernizacion-del-tunel-de-somaconcha-en-la-a-67-a-la-altura-de-pesquera","status":"publish","type":"post","link":"https:\/\/www.europesays.com\/es\/146315\/","title":{"rendered":"Transportes contin\u00faa con las obras de modernizaci\u00f3n del t\u00fanel de Somaconcha en la A-67, a la altura de Pesquera"},"content":{"rendered":"<p>El Ministerio de Transportes y Movilidad Sostenible contin\u00faa ejecutando las obras de modernizaci\u00f3n y mejora de seguridad de los t\u00faneles de <strong>Gedo, Somaconcha, Lantueno, Las Caldas, Riocorvo y Pedredo<\/strong>, situados en la <a href=\"https:\/\/planderecuperacion.gob.es\/noticias\/Transportes-ejecuta-obras-modernizacion-tunel-Lantueno-A67-Cantabria-prtr\" rel=\"nofollow noopener\" target=\"_blank\"><strong>autov\u00eda A-67<\/strong><\/a> y la carretera N-611, en Cantabria. Esta actuaci\u00f3n cuenta con un <a href=\"https:\/\/planderecuperacion.gob.es\/noticias\/transportes-obras-mejora-carretera-cantabria-prtr\" rel=\"nofollow noopener\" target=\"_blank\"><strong>presupuesto de 31,3 millones de euro<\/strong><\/a>s (IVA incluido), financiado por el <strong>Plan de Recuperaci\u00f3n, Transformaci\u00f3n y Resiliencia (PRTR)<\/strong>.<\/p>\n<p>En este contexto, se va a extender una capa de rodadura con aglomerado asf\u00e1ltico en la calzada, en sentido Santander, del <strong>t\u00fanel de Somaconcha<\/strong>, situado en km 147 de la A65, en el municipio de Pesquera.<\/p>\n<p>Por ello, y en aras de garantizar la seguridad de los trabajadores y usuarios, a partir de las 7:00 horas del martes 30 de septiembre y hasta las 13:00 horas del 3 de octubre, se cerrar\u00e1 al tr\u00e1fico el tubo del t\u00fanel en sentido Santander.<\/p>\n<p>No obstante, se permitir\u00e1 la circulaci\u00f3n por un carril en horario nocturno de 7:00 a 20:00 horas, excepto para veh\u00edculos especiales con anchura superior a 4 m, que podr\u00e1n circular los lunes, jueves y viernes en horario comprendido entre las 20:00 y las 21:30 horas, debido a las limitaciones impuestas por las obras que se est\u00e1n \u00a0llevando tambi\u00e9n a cabo en el viaducto de Marlante.\u00a0<\/p>\n<p>Para asegurar la fluidez del tr\u00e1fico, se establecer\u00e1 un itinerario alternativo, debidamente se\u00f1alizado, para circular por la carretera N-611, desde la salida en el enlace 144 de la A-67 hasta la reincorporaci\u00f3n a la autov\u00eda en el enlace de Santa Cruz de Igu\u00f1a en el km 157.<\/p>\n","protected":false},"excerpt":{"rendered":"El Ministerio de Transportes y Movilidad Sostenible contin\u00faa ejecutando las obras de modernizaci\u00f3n y mejora de seguridad de&hellip;\n","protected":false},"author":2,"featured_media":146316,"comment_status":"","ping_status":"","sticky":false,"template":"","format":"standard","meta":{"footnotes":""},"categories":[5],"tags":[17,18,25,24,13,14,11,19,20,9,10,15,16,23,12,21,22],"class_list":{"0":"post-146315","1":"post","2":"type-post","3":"status-publish","4":"format-standard","5":"has-post-thumbnail","7":"category-titulares","8":"tag-breaking-news","9":"tag-breakingnews","10":"tag-es","11":"tag-espana","12":"tag-featured-news","13":"tag-featurednews","14":"tag-headlines","15":"tag-latest-news","16":"tag-latestnews","17":"tag-news","18":"tag-noticias","19":"tag-noticias-destacadas","20":"tag-noticiasdestacadas","21":"tag-spain","22":"tag-titulares","23":"tag-ultimas-noticias","24":"tag-ultimasnoticias"},"share_on_mastodon":{"url":"","error":""},"_links":{"self":[{"href":"https:\/\/www.europesays.com\/es\/wp-json\/wp\/v2\/posts\/146315","targetHints":{"allow":["GET"]}}],"collection":[{"href":"https:\/\/www.europesays.com\/es\/wp-json\/wp\/v2\/posts"}],"about":[{"href":"https:\/\/www.europesays.com\/es\/wp-json\/wp\/v2\/types\/post"}],"author":[{"embeddable":true,"href":"https:\/\/www.europesays.com\/es\/wp-json\/wp\/v2\/users\/2"}],"replies":[{"embeddable":true,"href":"https:\/\/www.europesays.com\/es\/wp-json\/wp\/v2\/comments?post=146315"}],"version-history":[{"count":0,"href":"https:\/\/www.europesays.com\/es\/wp-json\/wp\/v2\/posts\/146315\/revisions"}],"wp:featuredmedia":[{"embeddable":true,"href":"https:\/\/www.europesays.com\/es\/wp-json\/wp\/v2\/media\/146316"}],"wp:attachment":[{"href":"https:\/\/www.europesays.com\/es\/wp-json\/wp\/v2\/media?parent=146315"}],"wp:term":[{"taxonomy":"category","embeddable":true,"href":"https:\/\/www.europesays.com\/es\/wp-json\/wp\/v2\/categories?post=146315"},{"taxonomy":"post_tag","embeddable":true,"href":"https:\/\/www.europesays.com\/es\/wp-json\/wp\/v2\/tags?post=146315"}],"curies":[{"name":"wp","href":"https:\/\/api.w.org\/{rel}","templated":true}]}}