{"id":146321,"date":"2025-09-29T11:29:08","date_gmt":"2025-09-29T11:29:08","guid":{"rendered":"https:\/\/www.europesays.com\/es\/146321\/"},"modified":"2025-09-29T11:29:08","modified_gmt":"2025-09-29T11:29:08","slug":"el-bombazo-de-carlos-ulberg-que-anestesio-a-dominick-reyes-y-lo-encamina-a-la-pelea-por-el-titulo-de-los-semipesado-de-ufc","status":"publish","type":"post","link":"https:\/\/www.europesays.com\/es\/146321\/","title":{"rendered":"El bombazo de Carlos Ulberg que anestesi\u00f3 a Dominick Reyes y lo encamina a la pelea por el t\u00edtulo de los semipesado de UFC"},"content":{"rendered":"<p class=\"mb-4 text-lg md:leading-8 break-words\">La expectativa por ver a <b>Carlos Ulberg<\/b> y a <b>Dominick Reyes <\/b>frente a frente qued\u00f3 completamente satisfecha en el combate estelar de <b>UFC Perth<\/b>. Dos noqueadores sobre el oct\u00e1gono y un bombazo brutal de Ulberg cerraron el duelo en el primer round para sumar su novena victoria consecutiva en la divisi\u00f3n y para consolidarse como un serio candidato a pelear por el t\u00edtulo de los semipesados.<\/p>\n<p class=\"mb-4 text-lg md:leading-8 break-words\">Los fan\u00e1ticos esperaban un choque de mucho intercambio y no defraudaron en el arranque de la pelea. Por eso Ulberg presion\u00f3 desde el arranque del combate sali\u00f3 a dominar el oct\u00e1gono y forz\u00f3 a Reyes a retroceder, que sab\u00eda muy bien que enfrente ten\u00eda un rival con mucho poder en su pegada, por eso no quer\u00eda exponerse. Pero el neozeland\u00e9s ten\u00eda un plan trazado y lo respet\u00f3 a la perfecci\u00f3n: esperar el momento que abra la defensa Reyes para conectar.<\/p>\n<p class=\"mb-4 text-lg md:leading-8 break-words\">La paciencia de Ulberg tuvo su premio por que el momento que esperaba lleg\u00f3 cuando logr\u00f3 que Reyes aceptara el intercambio de golpes. El neozeland\u00e9s conect\u00f3 un jab de izquierda seguido de un demoledor gancho de derecha que impact\u00f3 de lleno en la mand\u00edbula del excampe\u00f3n interino. Reyes cay\u00f3 de inmediato mientras el \u00e1rbitro Marc Goddard intervino para detener la pelea ante los gritos enloquecidos de los fan\u00e1ticos australianos que celebraron semejante nocaut.<\/p>\n<p class=\"mb-4 text-lg md:leading-8 break-words\">Tras el combate Ulberg estaba desbordado de la alegr\u00eda y frente a los micr\u00f3fonos de la transmisi\u00f3n oficial dijo: \u201c<b>Eso es exactamente lo que quer\u00edamos<\/b>. Acabo de hablar con Hunter [Campbell] y vamos a conversar para volar a Las Vegas y presenciar el combate por el t\u00edtulo. Todo lo mejor para ellos, pero yo estar\u00e9 all\u00ed en persona\u201d.<\/p>\n<p class=\"mb-4 text-lg md:leading-8 break-words\">El deseo del ganador es tener una oportunidad de pelear por el t\u00edtulo de los semipesados, por eso pretende formar parte de la velada del s\u00e1bado pr\u00f3ximo en UFC 320, cuando se enfrente<b> Magomed Ankalaev y Alex Pereir<\/b>a que van por el campeonato de los semipesados. Por eso Ulberg aprovech\u00f3 la oportunidad de mandar un mensaje a la organizaci\u00f3n: \u201c<b>\u00a1I\u2019m coming! (\u201cEstoy llegando\u201d) Voy por el cintur\u00f3n<\/b>\u201c.<\/p>\n<p class=\"mb-4 text-lg md:leading-8 break-words\">El triunfo de Ulberg lo consolida como el contendiente n\u00famero uno de la divisi\u00f3n. Su racha de nueve victorias y su capacidad para finalizar peleas lo colocan en la primera fila para enfrentarse con el ganador de Ankalaev vs. Pereira. Mientras que Reyes qued\u00f3 relegado en su carrera, ya que el estadounidense <b>llegaba con tres victorias consecutivas por nocaut, <\/b>tras un per\u00edodo complicado que incluy\u00f3 una pol\u00e9mica derrota ante Jon Jones en 2020. Con esta derrota, su registro queda ahora en 3-5 en sus \u00faltimas ocho peleas.<\/p>\n","protected":false},"excerpt":{"rendered":"La expectativa por ver a Carlos Ulberg y a Dominick Reyes frente a frente qued\u00f3 completamente satisfecha en&hellip;\n","protected":false},"author":2,"featured_media":146322,"comment_status":"","ping_status":"","sticky":false,"template":"","format":"standard","meta":{"footnotes":""},"categories":[276],"tags":[44966,168,44967,30757,31277,25,24,23,167,343],"class_list":{"0":"post-146321","1":"post","2":"type-post","3":"status-publish","4":"format-standard","5":"has-post-thumbnail","7":"category-ufc","8":"tag-carlos-ulberg","9":"tag-deportes","10":"tag-dominick-reyes","11":"tag-el-duelo","12":"tag-el-momento","13":"tag-es","14":"tag-espana","15":"tag-spain","16":"tag-sports","17":"tag-ufc"},"share_on_mastodon":{"url":"","error":""},"_links":{"self":[{"href":"https:\/\/www.europesays.com\/es\/wp-json\/wp\/v2\/posts\/146321","targetHints":{"allow":["GET"]}}],"collection":[{"href":"https:\/\/www.europesays.com\/es\/wp-json\/wp\/v2\/posts"}],"about":[{"href":"https:\/\/www.europesays.com\/es\/wp-json\/wp\/v2\/types\/post"}],"author":[{"embeddable":true,"href":"https:\/\/www.europesays.com\/es\/wp-json\/wp\/v2\/users\/2"}],"replies":[{"embeddable":true,"href":"https:\/\/www.europesays.com\/es\/wp-json\/wp\/v2\/comments?post=146321"}],"version-history":[{"count":0,"href":"https:\/\/www.europesays.com\/es\/wp-json\/wp\/v2\/posts\/146321\/revisions"}],"wp:featuredmedia":[{"embeddable":true,"href":"https:\/\/www.europesays.com\/es\/wp-json\/wp\/v2\/media\/146322"}],"wp:attachment":[{"href":"https:\/\/www.europesays.com\/es\/wp-json\/wp\/v2\/media?parent=146321"}],"wp:term":[{"taxonomy":"category","embeddable":true,"href":"https:\/\/www.europesays.com\/es\/wp-json\/wp\/v2\/categories?post=146321"},{"taxonomy":"post_tag","embeddable":true,"href":"https:\/\/www.europesays.com\/es\/wp-json\/wp\/v2\/tags?post=146321"}],"curies":[{"name":"wp","href":"https:\/\/api.w.org\/{rel}","templated":true}]}}