{"id":146327,"date":"2025-09-29T11:32:09","date_gmt":"2025-09-29T11:32:09","guid":{"rendered":"https:\/\/www.europesays.com\/es\/146327\/"},"modified":"2025-09-29T11:32:09","modified_gmt":"2025-09-29T11:32:09","slug":"el-aplastante-palmares-de-tadej-pogacar-con-solo-27-anos-la-edad-a-la-que-indurain-gano-su-primer-tour-de-francia","status":"publish","type":"post","link":"https:\/\/www.europesays.com\/es\/146327\/","title":{"rendered":"El aplastante palmar\u00e9s de Tadej Pogacar con solo 27 a\u00f1os, la edad a la que Indurain gan\u00f3 su primer Tour de Francia"},"content":{"rendered":"<p><img alt=\"El ciclista esloveno Tadej Pogacar\" class=\"global-image\" decoding=\"async\" fetchpriority=\"high\" height=\"521\" loading=\"eager\" src=\"https:\/\/www.europesays.com\/es\/wp-content\/uploads\/2025\/09\/ETEX32XLTFC7FGN7N7QELK3VGM.JPG\" width=\"800\"\/>El ciclista esloveno Tadej Pogacar celebra la victoria en el campeonato mundial de ciclismo en ruta en Kigali. (Reuters\/Jean Bizimana)<\/p>\n<p class=\"paragraph\">El Mundial de ciclismo en ruta de 2025 ha sido el \u00faltimo de los t\u00edtulos conseguidos hasta ahora por el ciclista esloveno <b>Tadej <\/b><a rel=\"noopener noreferrer nofollow\" href=\"https:\/\/www.infobae.com\/espana\/deportes\/2025\/09\/21\/pogacar-tras-las-protestas-propalestinas-de-la-vuelta-a-espana-en-africa-me-siento-mas-seguro-que-en-algunos-paises-de-europa\/\" target=\"_blank\" title=\"https:\/\/www.infobae.com\/espana\/deportes\/2025\/09\/21\/pogacar-tras-las-protestas-propalestinas-de-la-vuelta-a-espana-en-africa-me-siento-mas-seguro-que-en-algunos-paises-de-europa\/\"><b>Pogacar<\/b><\/a>. Tras arrasar este pasado domingo en la exigente carrera en l\u00ednea de 267,5 ki\u00f3metros del Mundial celebrado en Kigali (Ruanda), en la que se fue en solitario a 66 kil\u00f3metros de meta para refrendar su <b>dominio <\/b>en el ciclismo mundial.<\/p>\n<p class=\"paragraph\">Este es su <b>segundo <\/b>mundial que gana de manera consecutiva, ya que en 2024 tambi\u00e9n port\u00f3 el maillot arco\u00edris y le permite seguir ampliando su vitrina.<\/p>\n<p class=\"paragraph\">Tadej Pogacar puede recibir a la perfecci\u00f3n el adjetivo de ciclista completo y polivalente. A sus 27 a\u00f1os suma <b>106 victorias<\/b> profesionales y ha batido todo tipo de r\u00e9cords de precocidad consiguendo acaparar varios grandes galardones cuando otros ciclistas hist\u00f3ricos estaban consiguiendo el primero. Sin duda un <b>palmar\u00e9s <\/b>de ensue\u00f1o que, pese a estar en la plenitud de su carrera, ya le encuadra entre los mejores de la historia.<\/p>\n<p class=\"paragraph\">El esloveno es el <b>bicampe\u00f3n <\/b>del Tour de Francia m\u00e1s j\u00f3ven de la historia que completa con su cuarto t\u00edtulo en 2025 y primer doblete en 2024 en el mismo con el Giro. Se ha impuesto en <b>nueve <\/b>monumentos, tres en la Lieja-Basto\u00f1a-Lieja, cuatro veces consecutivas en el Il Lombardia y dos Vueltas a Flandes y su primer Giro de Italia en 2024. Adem\u00e1s, en su palmar\u00e9s figuran <b>21 <\/b>victorias de etapa en las denominadas \u201cGrande Boucle\u201d, 6 en el Giro de Italia y 3 en la Vuelta a Espa\u00f1a. Y en 2023 a\u00f1adi\u00f3 el doblete Amstel Gold Race, en su debut, y la Flecha Valona.<\/p>\n<p><img alt=\"Tadej Pogacar celebra en el\" class=\"global-image\" decoding=\"async\" fetchpriority=\"low\" height=\"2106\" loading=\"lazy\" src=\"https:\/\/www.europesays.com\/es\/wp-content\/uploads\/2025\/09\/MK6IPGZHJFCPDPTTTGIH34ZI24.JPG\" width=\"3379\"\/>Tadej Pogacar celebra en el podio con su bici tras ganar el Tour de Francia (Reuters\/Benoit Tessier)<\/p>\n<p class=\"paragraph\">Ahora tambi\u00e9n puede decir que es <b>bicampe\u00f3n<\/b> del mundo de fondo en carretera y de manera consecutiva tras sus triunfos en Z\u00farich y Kigali. Y el 15 de junio de 2025 firm\u00f3 su cent\u00e9sima victoria con la general final del Dauphin\u00e9.<\/p>\n<p class=\"paragraph\">Pogacar dio el salto a profesional con el equipo de su pa\u00eds ROG-Ljubljana, en el a\u00f1o 2017. En su primera temporada como integrante de un equipo de la UCI no logr\u00f3 llevarse ning\u00fan triunfo pero cuaj\u00f3 <b>buenas<\/b> actuaciones. Para el a\u00f1o 2018 renov\u00f3 su contrato con el mismo conjunto que cambi\u00f3 su nombre a Ljubljana Gusto Xaurun. Ese a\u00f1o el esloveno se dio a conocer en el mundo del ciclismo tras su <b>victoria <\/b>en el Tour del Porvenir. De igual forma, obtuvo su primera victoria UCI en el Giro del Friuli 2.2.<\/p>\n<p>El Tour de Francia fue creado en un contexto marcado por la rivalidad entre peri\u00f3dicos y la b\u00fasqueda de estrategias innovadoras para aumentar la circulaci\u00f3n.<\/p>\n<p class=\"paragraph\">Estos logros no pasaron inadvertidos para el <b>UAE Team Emirates<\/b> que se hizo con sus servicios para la siguiente temporada, cuando ten\u00eda 20 a\u00f1os. A partir de ese momento comenz\u00f3 a explotar todo su potencial y los triunfos llegaron uno tras otro. En la escuadra emirat\u00ed contin\u00faa en la actualidad y es con la que ha cosechado todos los \u00e9xitos ya enumerados y algunos m\u00e1s.<\/p>\n<p class=\"paragraph\">Destaca en su trayectoria su idilio con el <b>Tour de Francia<\/b>, donde ha conseguido cuatro t\u00edtulos. Es el tetracampe\u00f3n m\u00e1s joven en ganar <b>cuatro <\/b>Tours, ya que lo logr\u00f3 con 26 a\u00f1os, 10 meses y seis d\u00edas, superando por tres meses a la leyenda Eddy Merckx. A esa edad consegu\u00eda <b>Miguel Indurain<\/b> su primer t\u00edtulo en Francia, que ser\u00eda el inicio de los cinco que consigui\u00f3 de manera consecutiva, hito que hasta el momento nadie m\u00e1s ha podido igualar. El propio Indurain ha comentado en entrevistas que Pogacar puede ganar m\u00e1s de cinco Tours.<\/p>\n<p><img alt=\"Miguel Indurain saluda tras obtener\" class=\"global-image\" decoding=\"async\" fetchpriority=\"low\" height=\"1968\" loading=\"lazy\" src=\"https:\/\/www.europesays.com\/es\/wp-content\/uploads\/2025\/09\/5XS2IQJPKJEKHCAX2RHV5B6OW4.jpg\" width=\"2780\"\/>Miguel Indurain saluda tras obtener la medalla de oro en Atlanta. (EFE\/Eduardo Abad)<\/p>\n<p class=\"paragraph\">Se unir\u00eda de esta forma a un selecto club de <b>pentacampeones <\/b>y <a href=\"https:\/\/www.infobae.com\/espana\/2025\/09\/25\/el-ciclista-juan-ayuso-ficha-por-lidl-trek-hasta-2030\/\" target=\"_blank\" rel=\"noreferrer nofollow noopener\" title=\"https:\/\/www.infobae.com\/espana\/2025\/09\/25\/el-ciclista-juan-ayuso-ficha-por-lidl-trek-hasta-2030\/\">ciclistas <\/a>hist\u00f3ricos que podr\u00eda <b>superar <\/b>y dejar en el recuerdo, porque a sus 27 a\u00f1os, Tadej Pogacar, a\u00fan tiene una larga trayectoria por delante. <\/p>\n","protected":false},"excerpt":{"rendered":"El ciclista esloveno Tadej Pogacar celebra la victoria en el campeonato mundial de ciclismo en ruta en Kigali.&hellip;\n","protected":false},"author":2,"featured_media":146328,"comment_status":"","ping_status":"","sticky":false,"template":"","format":"standard","meta":{"footnotes":""},"categories":[273],"tags":[5404,313,312,168,25,24,36306,23,3020,167],"class_list":{"0":"post-146327","1":"post","2":"type-post","3":"status-publish","4":"format-standard","5":"has-post-thumbnail","7":"category-ciclismo","8":"tag-africa","9":"tag-ciclismo","10":"tag-cycling","11":"tag-deportes","12":"tag-es","13":"tag-espana","14":"tag-kigali","15":"tag-spain","16":"tag-sport","17":"tag-sports"},"share_on_mastodon":{"url":"","error":""},"_links":{"self":[{"href":"https:\/\/www.europesays.com\/es\/wp-json\/wp\/v2\/posts\/146327","targetHints":{"allow":["GET"]}}],"collection":[{"href":"https:\/\/www.europesays.com\/es\/wp-json\/wp\/v2\/posts"}],"about":[{"href":"https:\/\/www.europesays.com\/es\/wp-json\/wp\/v2\/types\/post"}],"author":[{"embeddable":true,"href":"https:\/\/www.europesays.com\/es\/wp-json\/wp\/v2\/users\/2"}],"replies":[{"embeddable":true,"href":"https:\/\/www.europesays.com\/es\/wp-json\/wp\/v2\/comments?post=146327"}],"version-history":[{"count":0,"href":"https:\/\/www.europesays.com\/es\/wp-json\/wp\/v2\/posts\/146327\/revisions"}],"wp:featuredmedia":[{"embeddable":true,"href":"https:\/\/www.europesays.com\/es\/wp-json\/wp\/v2\/media\/146328"}],"wp:attachment":[{"href":"https:\/\/www.europesays.com\/es\/wp-json\/wp\/v2\/media?parent=146327"}],"wp:term":[{"taxonomy":"category","embeddable":true,"href":"https:\/\/www.europesays.com\/es\/wp-json\/wp\/v2\/categories?post=146327"},{"taxonomy":"post_tag","embeddable":true,"href":"https:\/\/www.europesays.com\/es\/wp-json\/wp\/v2\/tags?post=146327"}],"curies":[{"name":"wp","href":"https:\/\/api.w.org\/{rel}","templated":true}]}}