{"id":146329,"date":"2025-09-29T11:33:07","date_gmt":"2025-09-29T11:33:07","guid":{"rendered":"https:\/\/www.europesays.com\/es\/146329\/"},"modified":"2025-09-29T11:33:07","modified_gmt":"2025-09-29T11:33:07","slug":"sin-f1-este-fin-de-semana-alpine-festejo-el-campeonato-mundial-de-resistencia","status":"publish","type":"post","link":"https:\/\/www.europesays.com\/es\/146329\/","title":{"rendered":"Sin F1 este fin de semana, Alpine festej\u00f3 el Campeonato Mundial de Resistencia"},"content":{"rendered":"<p>Foto: GettyImages (TyC Sports).<br \/>\nDe la mano de Charles Milesi, Ferdinand Habsburg y Paul-Loup Chatin, la escuder\u00eda francesa logr\u00f3 quedarse con la victoria en las seis horas de Fuji.<\/p>\n<p data-start=\"138\" data-end=\"390\">La escuder\u00eda Alpine tuvo motivos para festejar en la pen\u00faltima fecha del Campeonato Mundial de Resistencia (WEC). El equipo franc\u00e9s se impuso en las 6 Horas de Fuji con el auto #35, conducido por Charles Milesi, Ferdinand Habsburg y Paul-Loup Chatin.<\/p>\n<p data-start=\"392\" data-end=\"661\">El coche larg\u00f3 desde la novena posici\u00f3n y sufri\u00f3 penalizaciones en boxes, adem\u00e1s de perder puestos por un contacto en pista. A pesar de esas dificultades, el equipo supo reponerse y aprovech\u00f3 las circunstancias de carrera para volver a pelear en los primeros lugares.<\/p>\n<p data-start=\"663\" data-end=\"935\">La clave estuvo en la segunda mitad, cuando tras un safety car, Alpine tom\u00f3 la decisi\u00f3n de cambiar solo los neum\u00e1ticos del lado izquierdo, mientras que el resto de las escuder\u00edas reemplaz\u00f3 las cuatro ruedas. Esa estrategia fue determinante para ganar tiempo en los pits.<\/p>\n<p><a href=\"https:\/\/radio3cadenapatagonia.com.ar\/el-camino-de-boca-para-clasificarse-a-la-libertadores\/\" target=\"_blank\" rel=\"noopener nofollow\"><strong>MIR\u00c1 TAMBI\u00c9N: El camino de Boca para clasificarse a la Libertadores<\/strong><\/a><\/p>\n<p data-start=\"937\" data-end=\"1193\">Milesi sali\u00f3 a pista como l\u00edder y mantuvo un ritmo s\u00f3lido hasta la bandera a cuadros. Finalmente, cruz\u00f3 la meta con m\u00e1s de siete segundos de ventaja sobre su perseguidor, lo que desat\u00f3 la alegr\u00eda en el equipo y confirm\u00f3 la eficacia de la apuesta t\u00e1ctica.<\/p>\n<p data-start=\"1195\" data-end=\"1392\">Adem\u00e1s, hubo participaci\u00f3n argentina en Fuji. Nicol\u00e1s Varrone compiti\u00f3 en la categor\u00eda Hypercars y finaliz\u00f3 en el puesto 12, mientras que Jos\u00e9 Mar\u00eda \u00abPechito\u00bb L\u00f3pez corri\u00f3 en LMGT3 y termin\u00f3 15\u00ba.<\/p>\n<p data-start=\"1394\" data-end=\"1587\">Con esta victoria, Alpine cerr\u00f3 un fin de semana inolvidable y ahora espera la \u00faltima fecha del campeonato con la motivaci\u00f3n en alza, en paralelo a la reanudaci\u00f3n de la F\u00f3rmula 1 en Singapur.<\/p>\n<p data-start=\"1394\" data-end=\"1587\"><strong>Fuente: TyC Sports.<\/strong><\/p>\n","protected":false},"excerpt":{"rendered":"Foto: GettyImages (TyC Sports). De la mano de Charles Milesi, Ferdinand Habsburg y Paul-Loup Chatin, la escuder\u00eda francesa&hellip;\n","protected":false},"author":2,"featured_media":146330,"comment_status":"","ping_status":"","sticky":false,"template":"","format":"standard","meta":{"footnotes":""},"categories":[270],"tags":[168,25,24,306,271,272,23,167],"class_list":{"0":"post-146329","1":"post","2":"type-post","3":"status-publish","4":"format-standard","5":"has-post-thumbnail","7":"category-formula-1","8":"tag-deportes","9":"tag-es","10":"tag-espana","11":"tag-f1","12":"tag-formula-1","13":"tag-formula1","14":"tag-spain","15":"tag-sports"},"share_on_mastodon":{"url":"","error":""},"_links":{"self":[{"href":"https:\/\/www.europesays.com\/es\/wp-json\/wp\/v2\/posts\/146329","targetHints":{"allow":["GET"]}}],"collection":[{"href":"https:\/\/www.europesays.com\/es\/wp-json\/wp\/v2\/posts"}],"about":[{"href":"https:\/\/www.europesays.com\/es\/wp-json\/wp\/v2\/types\/post"}],"author":[{"embeddable":true,"href":"https:\/\/www.europesays.com\/es\/wp-json\/wp\/v2\/users\/2"}],"replies":[{"embeddable":true,"href":"https:\/\/www.europesays.com\/es\/wp-json\/wp\/v2\/comments?post=146329"}],"version-history":[{"count":0,"href":"https:\/\/www.europesays.com\/es\/wp-json\/wp\/v2\/posts\/146329\/revisions"}],"wp:featuredmedia":[{"embeddable":true,"href":"https:\/\/www.europesays.com\/es\/wp-json\/wp\/v2\/media\/146330"}],"wp:attachment":[{"href":"https:\/\/www.europesays.com\/es\/wp-json\/wp\/v2\/media?parent=146329"}],"wp:term":[{"taxonomy":"category","embeddable":true,"href":"https:\/\/www.europesays.com\/es\/wp-json\/wp\/v2\/categories?post=146329"},{"taxonomy":"post_tag","embeddable":true,"href":"https:\/\/www.europesays.com\/es\/wp-json\/wp\/v2\/tags?post=146329"}],"curies":[{"name":"wp","href":"https:\/\/api.w.org\/{rel}","templated":true}]}}