{"id":146368,"date":"2025-09-29T11:55:16","date_gmt":"2025-09-29T11:55:16","guid":{"rendered":"https:\/\/www.europesays.com\/es\/146368\/"},"modified":"2025-09-29T11:55:16","modified_gmt":"2025-09-29T11:55:16","slug":"aspanoa-reune-en-almudevar-a-casi-1-000-ciclistas-solidarios","status":"publish","type":"post","link":"https:\/\/www.europesays.com\/es\/146368\/","title":{"rendered":"Aspanoa re\u00fane en Almud\u00e9var a casi 1.000 ciclistas solidarios"},"content":{"rendered":"<p class=\"paragraph\">El municipio altoaragon\u00e9s de Almud\u00e9var se llen\u00f3 ayer por la ma\u00f1ana de deporte y solidaridad con motivo de la BTT Aspanoa. La d\u00e9cimo tercera edici\u00f3n de esta <b>cicloturista contra el c\u00e1ncer infantil cont\u00f3<\/b> con la participaci\u00f3n de casi mil ciclistas -979, para ser exactos-, que disfrutaron de una jornada marcada por el buen tiempo.<\/p>\n<p class=\"paragraph\">Esta <b>actividad cuenta con tres rutas<\/b> que se adaptan a todas las edades y niveles. En concreto, 487 ciclistas hicieron la ruta larga -que este a\u00f1o era especialmente exigente, con 60 kil\u00f3metros de recorrido y un desnivel de 550 metros-; otros <b>304 optaron por la ruta corta<\/b> -de 29 kil\u00f3metros-; y 188 disfrutaron del recorrido familiar.<\/p>\n<p class=\"paragraph\">El encargado de cortar la cinta fue Pepe Pelegr\u00edn. <b>Aspanoa quiso homenajearlo<\/b> porque el zaragozano de 81 a\u00f1os es el actual <b>r\u00e9cord mundial de ultraciclismo<\/b> para mayores de 80 a\u00f1os. Esta gesta la logr\u00f3 el pasado mes de abril en la Feria de Zaragoza tras <b>pedalear 474 kil\u00f3metros en 24 horas<\/b>. Y todo ello en el marco de un reto solidario que recaud\u00f3 fondos para Atades y Aspanoa.<\/p>\n<p class=\"paragraph\">Junto a Pelegr\u00edn, <b>estuvieron presentes autoridades<\/b> en este acto el subdelegado del Gobierno en Huesca, Jos\u00e9 Carlos Campo; la diputada provincial de Servicios Sociales, Lola Ibort; la alcaldesa de Almud\u00e9var, Sof\u00eda Avellanas; la directora de la Fundaci\u00f3n Caja Rural de Arag\u00f3n, Laura Prada; y el presidente y el gerente de Aspanoa, Gabriel Tirado y Juan Carlos Ac\u00edn.<\/p>\n<p class=\"paragraph\">Estos \u00faltimos <b>manifestaron su emoci\u00f3n<\/b> por este \u00e9xito solidario, que <b>resulta vital para la asociaci\u00f3n<\/b> y, en concreto, para financiar los servicios que se prestan en la Casa de Aspanoa en Almud\u00e9var.<\/p>\n<p class=\"paragraph\">Unas instalaciones que, seg\u00fan se\u00f1alaron en una nota de prensa desde la asociaci\u00f3n, <b>acogen a m\u00e1s de 100 ni\u00f1os<\/b> y adolescentes con c\u00e1ncer en las distintas fases de la enfermedad a trav\u00e9s de diferentes campamentos, as\u00ed como otras muchas actividades en las que participan otros menores afectados y sus familias, como convivencias, respiros, talleres de cocina, jornadas de formaci\u00f3n, etc\u00e9tera.<\/p>\n<p class=\"paragraph\">Esta <b>actividad cont\u00f3 con la colaboraci\u00f3n<\/b> de diversas empresas e instituciones, entre las que destacan el Ayuntamiento de Almud\u00e9var, Adisseo, Ars Alendi, Electricidad Medina, Fundaci\u00f3n Caja Rural de Arag\u00f3n, Huesca La Magia, Pasteler\u00eda Tolosana, Transportes Torn\u00e9 y Cooperativa Virgen de la Corona.\u00a0<\/p>\n","protected":false},"excerpt":{"rendered":"El municipio altoaragon\u00e9s de Almud\u00e9var se llen\u00f3 ayer por la ma\u00f1ana de deporte y solidaridad con motivo de&hellip;\n","protected":false},"author":2,"featured_media":146369,"comment_status":"","ping_status":"","sticky":false,"template":"","format":"standard","meta":{"footnotes":""},"categories":[273],"tags":[25150,42675,313,2838,312,168,25,24,4984,43990,23,167],"class_list":{"0":"post-146368","1":"post","2":"type-post","3":"status-publish","4":"format-standard","5":"has-post-thumbnail","7":"category-ciclismo","8":"tag-almudevar","9":"tag-aspanoa","10":"tag-ciclismo","11":"tag-ciclistas","12":"tag-cycling","13":"tag-deportes","14":"tag-es","15":"tag-espana","16":"tag-reune","17":"tag-solidarios","18":"tag-spain","19":"tag-sports"},"share_on_mastodon":{"url":"","error":""},"_links":{"self":[{"href":"https:\/\/www.europesays.com\/es\/wp-json\/wp\/v2\/posts\/146368","targetHints":{"allow":["GET"]}}],"collection":[{"href":"https:\/\/www.europesays.com\/es\/wp-json\/wp\/v2\/posts"}],"about":[{"href":"https:\/\/www.europesays.com\/es\/wp-json\/wp\/v2\/types\/post"}],"author":[{"embeddable":true,"href":"https:\/\/www.europesays.com\/es\/wp-json\/wp\/v2\/users\/2"}],"replies":[{"embeddable":true,"href":"https:\/\/www.europesays.com\/es\/wp-json\/wp\/v2\/comments?post=146368"}],"version-history":[{"count":0,"href":"https:\/\/www.europesays.com\/es\/wp-json\/wp\/v2\/posts\/146368\/revisions"}],"wp:featuredmedia":[{"embeddable":true,"href":"https:\/\/www.europesays.com\/es\/wp-json\/wp\/v2\/media\/146369"}],"wp:attachment":[{"href":"https:\/\/www.europesays.com\/es\/wp-json\/wp\/v2\/media?parent=146368"}],"wp:term":[{"taxonomy":"category","embeddable":true,"href":"https:\/\/www.europesays.com\/es\/wp-json\/wp\/v2\/categories?post=146368"},{"taxonomy":"post_tag","embeddable":true,"href":"https:\/\/www.europesays.com\/es\/wp-json\/wp\/v2\/tags?post=146368"}],"curies":[{"name":"wp","href":"https:\/\/api.w.org\/{rel}","templated":true}]}}