{"id":146374,"date":"2025-09-29T11:58:11","date_gmt":"2025-09-29T11:58:11","guid":{"rendered":"https:\/\/www.europesays.com\/es\/146374\/"},"modified":"2025-09-29T11:58:11","modified_gmt":"2025-09-29T11:58:11","slug":"champions-league-juan-carlos-carcedo-somos-un-club-humilde-nuestro-objetivo-es-competir","status":"publish","type":"post","link":"https:\/\/www.europesays.com\/es\/146374\/","title":{"rendered":"Champions League | Juan Carlos Carcedo: \u00abSomos un club humilde, nuestro objetivo es competir\u00bb"},"content":{"rendered":"<p class=\"ft-text\"><strong>El Pafos es una de las sorpresas positivas de la actual edici\u00f3n de la Champions League.<\/strong> Bajo la direcci\u00f3n de <strong>Juan Carlos Carcedo<\/strong>, el conjunto chipriota disputa por primera vez en su historia la m\u00e1xima competici\u00f3n continental. Tras sumar un punto de la visita al campo del Olympiakos, reciben al Bayern de M\u00fanich en la pr\u00f3xima jornada.<\/p>\n<p class=\"ft-text\">Considerado todo un \u00eddolo en Chipre, el t\u00e9cnico de Logro\u00f1o repasa en SPORT <strong>el debut del Pafos en Champions, los nombres propios de esta prestigiosa competici\u00f3n y la realidad de un equipo humilde entre los mejores conjuntos del mundo. <\/strong><\/p>\n<p class=\"ft-text\"><strong>Pregunta: \u00bfQu\u00e9 sientes al escuchar el himno de la Champions?<\/strong><\/p>\n<p class=\"ft-text\">Respuesta: Es un orgullo. Es cierto que tuve la fortuna de estar muchos a\u00f1os en Europa y en la Champions League, pero al final como primer entrenador y como parte del cuerpo t\u00e9cnico aqu\u00ed en Chipre me siento orgulloso y muy satisfecho del trabajo que estamos haciendo en estos a\u00f1os.<\/p>\n<p class=\"ft-text\"><strong>Debutasteis con un empate contra el Olympiakos. \u00bfQu\u00e9 sensaciones os dej\u00f3 el partido?<\/strong><\/p>\n<p class=\"ft-text\">Muy buenas a nivel de competitividad, aunque es una pena no haber podido estar con 11 durante todo el partido. Estuvimos 70 minutos aguantando con 10 hombres y no tuvimos muchas opciones ofensivas. Pero la verdad que fue incre\u00edble c\u00f3mo se involucraron los jugadores y la mentalidad que tuvieron para aguantar sabiendo que no era f\u00e1cil.<\/p>\n<p class=\"ft-text\"><strong>\u00bfQu\u00e9 objetivo os marc\u00e1is en la Champions?<\/strong><\/p>\n<p class=\"ft-text\">Pues lo que hicimos en el primer partido, competir. Sabemos que tenemos rivales mejores que nosotros, con mayores presupuestos y nosotros somos un club humilde. De hecho, el siguiente que nos toca es el Bayern, que es posiblemente el equipo que est\u00e1 m\u00e1s en forma en Europa, pero intentaremos competirles y hacer un buen partido.<\/p>\n<p class=\"ft-text\"><strong>David Luiz es uno de los nombres m\u00e1s reconocidos del equipo. \u00bfC\u00f3mo ha llegado al equipo?<\/strong><\/p>\n<p class=\"ft-text\">Realmente vino nuevamente a Europa porque ten\u00eda esa ambici\u00f3n, esas ganas de seguir compitiendo en un nivel alto. Es cierto que vino con un poquito de retraso en el periodo de acondicionamiento f\u00edsico, pero ya estaba a un buen nivel y l\u00e1stima que el otro d\u00eda tuviese un peque\u00f1o percance. Esperemos que no sea mucho, un par de semanas m\u00e1ximo, y que est\u00e9 totalmente compitiendo con nosotros.<\/p>\n<p><img decoding=\"async\" src=\"https:\/\/www.europesays.com\/es\/wp-content\/uploads\/2025\/09\/9dc35426-d2d6-4492-ae2c-c442b5038a73_alta-libre-aspect-ratio_default_0.jpg\" width=\"1200\" height=\"675\" alt=\"Los jugadores del Pafos celebran el empate en la Champions\" class=\"ft-helper-img-rd\" loading=\"lazy\" hasdataaida=\"true\"\/><\/p>\n<p class=\"ft-helper-fontColor-quaternary ft-helper-fontSize-body-S ft-helper-spacer-t-xxs\">Los jugadores del Pafos celebran el empate en la Champions  \/ AP<\/p>\n<p class=\"ft-text\"><strong>Teniendo en cuenta el exigente reto de la Champions, \u00bfos hab\u00e9is podido reforzar este verano?<\/strong><\/p>\n<p class=\"ft-text\">Nosotros tenemos un mercado reducido. Chipre no es el primer o segundo lugar donde los jugadores quieren venir, pero poco a poco creo que el club est\u00e1 haciendo un buen trabajo, est\u00e1 atrayendo jugadores cada vez con mayor nivel, y con esas posibilidades hemos formado una buena plantilla.<\/p>\n<p class=\"ft-text\"><strong>\u00bfQu\u00e9 se puede esperar del Pafos en los siguientes partidos?<\/strong><\/p>\n<p class=\"ft-text\">Nosotros solemos ser un equipo valiente, que intentamos proveer un buen juego, bastante din\u00e1micos e intensos. Sabemos defender juntos cuando es necesario, pero tambi\u00e9n tenemos nuestra vertiente ofensiva. Es cierto que la Champions es un nivel elevado, y veremos luego hasta d\u00f3nde podemos llegar o hasta d\u00f3nde podemos competir.<\/p>\n<p class=\"ft-text\"><strong>Vuestro pr\u00f3ximo rival es ni m\u00e1s ni menos que el Bayern de M\u00fanich. \u00bfC\u00f3mo afront\u00e1is el partido?<\/strong><\/p>\n<p class=\"ft-text\">Tenemos completo el estadio desde hace ya varios d\u00edas, y la gente est\u00e1 muy ilusionado porque hace unos a\u00f1os era impensable que el Pafos jugara contra los grandes de Europa. Notas por la calle las ganas que hay de estos partidos y pr\u00e1cticamente hay &#8216;sold out&#8217; en los cuatro partidos de Champions que jugaremos en casa.<\/p>\n<p class=\"ft-text\"><strong>Luis D\u00edaz es uno de los grandes peligros de este Bayern.<\/strong><\/p>\n<p class=\"ft-text\">No puedo decir m\u00e1s que cosas incre\u00edbles sobre su trayectoria, la capacidad ofensiva que tiene, lo \u00fanico que es&#8230; Tambi\u00e9n est\u00e1 Harry Kane que es m\u00e1ximo goleador europeo; la verdad es que tienen una cantidad de jugadores de primer nivel. Nosotros lo que intentaremos es, con nuestras armas, competirles e intentar hacerles un partido dif\u00edcil.<\/p>\n<p class=\"ft-text\"><strong>Mirando el calendario de Champions, \u00bfhay alg\u00fan partido que te haga especial ilusi\u00f3n? <\/strong><\/p>\n<p class=\"ft-text\">Evidentemente que enfrentarte a Bayern, Juventus y Chelsea son los rivales que a priori para la afici\u00f3n y para los jugadores son m\u00e1s emocionantes.<\/p>\n<p class=\"ft-text\"><strong>Tambi\u00e9n jug\u00e1is contra el AS M\u00f3naco, donde Ansu Fati est\u00e1 volviendo a brillar. \u00bfC\u00f3mo se explica su proceso?<\/strong><\/p>\n<p class=\"ft-text\">Era un jugador que ten\u00eda una gran profesionalidad, pero que lamentablemente tuvo un peque\u00f1o bache por las lesiones. Pero lo importante es que los jugadores sean capaces de seguir trabajando incluso en las dificultades y seguro que \u00e9l, que todav\u00eda es muy joven y tiene mucha carrera por delante, va a ser capaz de volver a explosionar en un equipo.<\/p>\n<p class=\"ft-text\"><strong>\u00bfQu\u00e9 favoritos ves para ganar la Champions?<\/strong><\/p>\n<p class=\"ft-text\">Creo que al final los equipos de siempre estar\u00e1n ah\u00ed. El Liverpool, el Bar\u00e7a, el Madrid o el PSG van a estar entre los siete o ocho mejores de Europa nuevamente y son los que van a estar en la eliminatoria final seguro.<\/p>\n<p><img decoding=\"async\" src=\"https:\/\/www.europesays.com\/es\/wp-content\/uploads\/2025\/09\/6cede4e7-7634-46de-8c34-405eb6953e72_alta-libre-aspect-ratio_default_0.jpg\" width=\"1200\" height=\"813\" alt=\"El Pafos celebra el t\u00edtulo de liga\" class=\"ft-helper-img-rd\" loading=\"lazy\" hasdataaida=\"true\"\/><\/p>\n<p class=\"ft-helper-fontColor-quaternary ft-helper-fontSize-body-S ft-helper-spacer-t-xxs\">El Pafos celebra el t\u00edtulo de liga  \/ &#8216;X&#8217;<\/p>\n<p class=\"ft-text\"><strong>En la Liga de Chipre hab\u00e9is pasado de ir de &#8216;tapados&#8217; a ser el favorito. \u00bfHay grandes diferencias?<\/strong><\/p>\n<p class=\"ft-text\">Hay una gran diferencia. Evidentemente que al principio \u00e9ramos un equipo que aspir\u00e1bamos a intentar meternos entre los tres primeros. Hemos ido evolucionando, ganamos el primer a\u00f1o la Copa, el a\u00f1o pasado la Liga, capaces de meternos en octavos de Conference League y este a\u00f1o llega el poder de meternos en la fase de grupos de la Champions. Ahora somos uno de los favoritos y uno de los rivales a batir. Y encima vienes con muchos partidos, nosotros no est\u00e1bamos acostumbrados a jugar tanto. Es algo que tendremos que superar y que hemos intentado hacer una plantilla amplia para poder dar minutos.<\/p>\n<p class=\"ft-text\"><strong>Jug\u00e1is tres competiciones, \u00bfc\u00f3mo se trabaja a nivel f\u00edsico?<\/strong><\/p>\n<p class=\"ft-text\">El a\u00f1o pasado terminamos ya con 60 partidos y este a\u00f1o tiene pinta de que vamos a hacer muy parecido. Entonces, pr\u00e1cticamente lo que hay que hacer es recuperar a los jugadores, que intenten alimentarse lo mejor posible y descansar. Trabajamos mucho a base de v\u00eddeo, de im\u00e1genes, porque es la mejora donde al jugador puedes ense\u00f1arle cosas, porque a\u00fan est\u00e1s todav\u00eda fatigado tanto f\u00edsico como mentalmente. Y es la manera en la que t\u00fa puedes intentar ajustar cosas y mejorar al jugador en estos peque\u00f1os momentos que tienes.<\/p>\n<p class=\"ft-text\"><strong>Por \u00faltimo, \u00bfqu\u00e9 ha supuesto estar en la Champions para el Pafos? <\/strong><\/p>\n<p class=\"ft-text\">Pues reconocimiento para muchos de los jugadores, incluso tambi\u00e9n para la Liga de Chipre, que al final hay un buen nivel. Quiz\u00e1s no es tan conocida, pero en los \u00faltimos a\u00f1os con bastantes inversores extranjeros que est\u00e1n llegando aqu\u00ed, pues est\u00e1n d\u00e1ndole cada vez m\u00e1s calidad, trayendo m\u00e1s entrenadores y jugadores de buenas cualidades. Y creo que el campeonato est\u00e1 creciendo y eso es bueno para la competici\u00f3n, para los jugadores, para la Liga y para los aficionados.<\/p>\n","protected":false},"excerpt":{"rendered":"El Pafos es una de las sorpresas positivas de la actual edici\u00f3n de la Champions League. Bajo la&hellip;\n","protected":false},"author":2,"featured_media":146375,"comment_status":"","ping_status":"","sticky":false,"template":"","format":"standard","meta":{"footnotes":""},"categories":[268],"tags":[11681,168,25,24,280,282,30153,281,23,167],"class_list":{"0":"post-146374","1":"post","2":"type-post","3":"status-publish","4":"format-standard","5":"has-post-thumbnail","7":"category-futbol","8":"tag-champions","9":"tag-deportes","10":"tag-es","11":"tag-espana","12":"tag-football","13":"tag-futbol","14":"tag-pafos","15":"tag-soccer","16":"tag-spain","17":"tag-sports"},"share_on_mastodon":{"url":"","error":""},"_links":{"self":[{"href":"https:\/\/www.europesays.com\/es\/wp-json\/wp\/v2\/posts\/146374","targetHints":{"allow":["GET"]}}],"collection":[{"href":"https:\/\/www.europesays.com\/es\/wp-json\/wp\/v2\/posts"}],"about":[{"href":"https:\/\/www.europesays.com\/es\/wp-json\/wp\/v2\/types\/post"}],"author":[{"embeddable":true,"href":"https:\/\/www.europesays.com\/es\/wp-json\/wp\/v2\/users\/2"}],"replies":[{"embeddable":true,"href":"https:\/\/www.europesays.com\/es\/wp-json\/wp\/v2\/comments?post=146374"}],"version-history":[{"count":0,"href":"https:\/\/www.europesays.com\/es\/wp-json\/wp\/v2\/posts\/146374\/revisions"}],"wp:featuredmedia":[{"embeddable":true,"href":"https:\/\/www.europesays.com\/es\/wp-json\/wp\/v2\/media\/146375"}],"wp:attachment":[{"href":"https:\/\/www.europesays.com\/es\/wp-json\/wp\/v2\/media?parent=146374"}],"wp:term":[{"taxonomy":"category","embeddable":true,"href":"https:\/\/www.europesays.com\/es\/wp-json\/wp\/v2\/categories?post=146374"},{"taxonomy":"post_tag","embeddable":true,"href":"https:\/\/www.europesays.com\/es\/wp-json\/wp\/v2\/tags?post=146374"}],"curies":[{"name":"wp","href":"https:\/\/api.w.org\/{rel}","templated":true}]}}