{"id":146377,"date":"2025-09-29T12:01:11","date_gmt":"2025-09-29T12:01:11","guid":{"rendered":"https:\/\/www.europesays.com\/es\/146377\/"},"modified":"2025-09-29T12:01:11","modified_gmt":"2025-09-29T12:01:11","slug":"galena-la-novela-de-pepa-m-aguilera-finalista-y-mencion-honorifica-de-los-premios-ilba-internacional-latino-book-award-portada-info","status":"publish","type":"post","link":"https:\/\/www.europesays.com\/es\/146377\/","title":{"rendered":"GALENA, la novela de Pepa M. Aguilera, finalista y menci\u00f3n honor\u00edfica de los premios ILBA, Internacional Latino Book Award &#8211; Portada.info"},"content":{"rendered":"<p> <img decoding=\"async\" class=\"lazyload\" src=\"https:\/\/www.europesays.com\/es\/wp-content\/uploads\/2025\/09\/Pepa-M.-Aguilera-novela-Galena-20231222-WA0028.jpg\" alt=\"GALENA, la novela de Pepa M. Aguilera, finalista y menci\u00f3n honor\u00edfica de los premios ILBA, Internacional Latino Book Award\"\/><a data-no-instant=\"1\" href=\"https:\/\/www.bogavillena.com\/\" rel=\"noopener nofollow\" class=\"adv-link\" aria-label=\"IMG-20250811-WA0017\" target=\"_blank\"><img loading=\"lazy\" decoding=\"async\" class=\"lazyload\" src=\"https:\/\/www.europesays.com\/es\/wp-content\/uploads\/2025\/09\/1758145811_673_IMG-20250811-WA0017.jpg\" alt=\"\"  data- width=\"1600\" height=\"514\" style=\" max-width: 100%; height: auto;\"\/><\/a><\/p>\n<p>Los ILBA, Premios Internacionales del Libro Latino, producidos por Empowering Latino Futures son un prestigioso concurso a nivel internacional que desde 1998, ofrecen una gran visi\u00f3n sobre la evoluci\u00f3n de los libros.\u00a0<\/p>\n<p>\u00a0\u00a0\u00a0En los premios de este a\u00f1o, con m\u00e1s de 5,000 libros recibidos, se necesit\u00f3 de 222 jueces para revisar todas las participaciones.\u00a0<\/p>\n<p>\u00a0\u00a0\u00a0Empowering Latino Futures, asume con gran responsabilidad su trabajo con libros escritos, por y sobre latinos, y la calidad de esos libros. Por eso, adem\u00e1s de reconocer la excelencia de los Libros Ganadores, tambi\u00e9n se celebran los libros con Menci\u00f3n Honor\u00edfica.<\/p>\n<p>La escritora villenense, Pepa M. Aguilera, se presenta a estos premios en dos categor\u00edas: Mejor Ebook\u00a0 y Mejor Novela de Ficci\u00f3n Hist\u00f3rica, quedando\u00a0 Finalista en la primera categor\u00eda, y recibiendo Menci\u00f3n Honor\u00edfica en la segunda,.<\/p>\n<p>\u00a0\u00a0\u00a0La 27\u00aa edici\u00f3n, de los Premios Internacionales del Libro Latino, se llevar\u00e1 a cabo el 25 de octubre en el Concert Hall, del campus de Mira Costa College en Oceanside, California.\u00a0<\/p>\n<p>\u00a0\u00a0\u00a0Dos ceremonias premiar\u00e1n a los ganadores de las Medallas de Oro, Plata y Bronce de este a\u00f1o.\u00a0\u00a0\u00a0\u00a0\u00a0<\/p>\n","protected":false},"excerpt":{"rendered":"Los ILBA, Premios Internacionales del Libro Latino, producidos por Empowering Latino Futures son un prestigioso concurso a nivel&hellip;\n","protected":false},"author":2,"featured_media":146378,"comment_status":"","ping_status":"","sticky":false,"template":"","format":"standard","meta":{"footnotes":""},"categories":[172],"tags":[224,146,147,25,24,44974,1496,225,44975,532,23],"class_list":{"0":"post-146377","1":"post","2":"type-post","3":"status-publish","4":"format-standard","5":"has-post-thumbnail","7":"category-libros","8":"tag-books","9":"tag-entertainment","10":"tag-entretenimiento","11":"tag-es","12":"tag-espana","13":"tag-galena","14":"tag-libro","15":"tag-libros","16":"tag-pepa-m-aguilera","17":"tag-premios","18":"tag-spain"},"share_on_mastodon":{"url":"","error":""},"_links":{"self":[{"href":"https:\/\/www.europesays.com\/es\/wp-json\/wp\/v2\/posts\/146377","targetHints":{"allow":["GET"]}}],"collection":[{"href":"https:\/\/www.europesays.com\/es\/wp-json\/wp\/v2\/posts"}],"about":[{"href":"https:\/\/www.europesays.com\/es\/wp-json\/wp\/v2\/types\/post"}],"author":[{"embeddable":true,"href":"https:\/\/www.europesays.com\/es\/wp-json\/wp\/v2\/users\/2"}],"replies":[{"embeddable":true,"href":"https:\/\/www.europesays.com\/es\/wp-json\/wp\/v2\/comments?post=146377"}],"version-history":[{"count":0,"href":"https:\/\/www.europesays.com\/es\/wp-json\/wp\/v2\/posts\/146377\/revisions"}],"wp:featuredmedia":[{"embeddable":true,"href":"https:\/\/www.europesays.com\/es\/wp-json\/wp\/v2\/media\/146378"}],"wp:attachment":[{"href":"https:\/\/www.europesays.com\/es\/wp-json\/wp\/v2\/media?parent=146377"}],"wp:term":[{"taxonomy":"category","embeddable":true,"href":"https:\/\/www.europesays.com\/es\/wp-json\/wp\/v2\/categories?post=146377"},{"taxonomy":"post_tag","embeddable":true,"href":"https:\/\/www.europesays.com\/es\/wp-json\/wp\/v2\/tags?post=146377"}],"curies":[{"name":"wp","href":"https:\/\/api.w.org\/{rel}","templated":true}]}}