{"id":146379,"date":"2025-09-29T12:02:15","date_gmt":"2025-09-29T12:02:15","guid":{"rendered":"https:\/\/www.europesays.com\/es\/146379\/"},"modified":"2025-09-29T12:02:15","modified_gmt":"2025-09-29T12:02:15","slug":"parezco-la-funda-de-un-paraguas","status":"publish","type":"post","link":"https:\/\/www.europesays.com\/es\/146379\/","title":{"rendered":"Parezco la funda de un paraguas"},"content":{"rendered":"<p><strong>Sofisticado y elegante.<\/strong> As\u00ed se podr\u00eda describir el estilismo de <a href=\"https:\/\/okdiario.com\/look\/actualidad\/ana-rosa-quintana-desvela-cual-entrevista-que-encantaria-hacer-2381480\" rel=\"nofollow noopener\" target=\"_blank\"><strong>Ana Rosa Quintana<\/strong><\/a> delante de las c\u00e1maras. La presentadora de televisi\u00f3n siempre se ha mostrado muy cuidadosa con cada una de las prendas que luce durante sus programas, consciente de que su imagen es tambi\u00e9n parte de su sello profesional. De hecho, a lo largo de su trayectoria, ha dejado m\u00e1s que claro que su <strong>vestuario<\/strong> es una herramienta de comunicaci\u00f3n para ella. Y es por eso que, en m\u00e1s de una ocasi\u00f3n, lo ha utilizado para transmitir mensajes sutiles o incluso para posicionarse en determinadas cuestiones sociales.<\/p>\n<p>Sin embargo, mantener esta coherencia est\u00e9tica no siempre es una tarea sencilla. Cada ma\u00f1ana, su equipo de estilismo trabaja para lograr mantener esta impoluta imagen en riguroso directo, pero los imprevistos forman parte del d\u00eda a d\u00eda y justo este lunes, 29 de septiembre, Ana Rosa Quintana ha tenido que hacer frente a uno de ellos justo unos minutos antes de iniciarse la emisi\u00f3n de <strong>El programa de Ana Rosa.<\/strong> Pero, lejos de esconderlo, el espacio televisivo ha decidido compartirlo con sus seguidores de Instagram, mostrando una vez m\u00e1s su cercan\u00eda con el p\u00fablico: <strong>\u00abHoy Ana Rosa ha tenido problemitas de \u00faltima hora\u00bb<\/strong>, escrib\u00edan.<\/p>\n<blockquote class=\"instagram-media\" style=\"background: #FFF; border: 0; border-radius: 3px; box-shadow: 0 0 1px 0 rgba(0,0,0,0.5),0 1px 10px 0 rgba(0,0,0,0.15); margin: 1px; max-width: 540px; min-width: 326px; padding: 0; width: calc(100% - 2px);\" data-instgrm-captioned=\"\" data-instgrm-permalink=\"https:\/\/www.instagram.com\/reel\/DPLVuj7DHpy\/?utm_source=ig_embed&amp;utm_campaign=loading\" data-instgrm-version=\"14\">\n<\/blockquote>\n<p>\u00abDice Mamen que no puedes andar y que te has pelado con ella. \u00bfQu\u00e9 ha pasado?\u00bb, le preguntaba un estilista a Ana Rosa, quien llevaba una falda larga midi de color blanco con la que no se sent\u00eda del todo c\u00f3moda por la raja con la que contaba en el centro. Otra de las estilistas quitaba importancia al parecer de la periodista y resaltaba que ten\u00eda un cuerpazo para poder lucir este tipo de prendas. Algo que continuaba sin convencer a la mencionada. <strong>\u00abLuego estate cuatro horas y media embutida, que parezco la funda de un paraguas\u00bb<\/strong>, dec\u00eda Quintana entre risas.<\/p>\n<p>Pero eso no ha sido todo. Y es que a pocos minutos de comenzar la emisi\u00f3n, Lara, otro de los miembros del equipo de estilistas, aparec\u00eda cosiendo deprisa y corriendo uno de los botones de la camisa de Ana Rosa. <strong>\u00abVamos a hacer un apa\u00f1\u00edn\u00bb<\/strong>, explicaba la estilista. \u00abPero es que no puedo respirar\u00bb, se quejaba Ana Rosa.\u00a0\u00abNervios de \u00faltima hora porque le tienen que coser eso y que no llegamos\u00bb, comentaba en tono bromista la voz en off encargada de grabar la escena. Una escena que, como no pod\u00eda ser de otra manera, no ha tardado en generar todo tipo de comentarios en el post, siendo la mayor\u00eda de estos muy halagadores hacia la profesionalidad de la presentadora.<\/p>\n<p>\n<img decoding=\"async\" loading=\"lazy\" class=\"size-medium wp-image-2390148\" alt=\"Ana Rosa Quintana\" width=\"360\" height=\"620\"  src=\"https:\/\/www.europesays.com\/es\/wp-content\/uploads\/2025\/09\/1758214691_923_placeholder.jpg\"  bad-src=\"https:\/\/www.europesays.com\/es\/wp-content\/uploads\/2025\/09\/1758214691_923_placeholder.jpg\"\/><\/p>\n<p><img decoding=\"async\" loading=\"lazy\" class=\"size-medium wp-image-2390148\" src=\"https:\/\/www.europesays.com\/es\/wp-content\/uploads\/2025\/09\/ig-360x620.jpg\" alt=\"Ana Rosa Quintana\" width=\"360\" height=\"620\"  \/><\/p>\n<p> Ana Rosa Quintana en el plat\u00f3 de \u2018El programa de Ana Rosa\u2019. (Foto: Instagram)\n<\/p>\n<p>\u00abEmbutida, pero d\u00e1ndonos toda la informaci\u00f3n veraz\u00bb, \u00abMamen, cada d\u00eda la pones m\u00e1s ideal\u00bb, <strong>\u00abPreciosa como siempre\u00bb<\/strong>, \u00abEs fant\u00e1stica\u00bb, <strong>\u00abEmbutida, pero valiente\u00bb<\/strong>, \u00abEst\u00e1s guap\u00edsima\u00bb, \u00abEst\u00e1s muy guapa y tienes un cuerpazo\u00bb,<strong> \u00abPero qu\u00e9 arte tienes, Ana Rosa. Eres \u00fanica\u00bb<\/strong>, \u00abGuapa y elegante\u00bb, escrib\u00edan algunos de los internautas.<\/p>\n<p>\t\t\t\t\t\t\t<script async src=\"\/\/www.instagram.com\/embed.js\"><\/script><\/p>\n","protected":false},"excerpt":{"rendered":"Sofisticado y elegante. As\u00ed se podr\u00eda describir el estilismo de Ana Rosa Quintana delante de las c\u00e1maras. La&hellip;\n","protected":false},"author":2,"featured_media":146380,"comment_status":"","ping_status":"","sticky":false,"template":"","format":"standard","meta":{"footnotes":""},"categories":[171],"tags":[36147,146,147,25,24,23,214],"class_list":{"0":"post-146379","1":"post","2":"type-post","3":"status-publish","4":"format-standard","5":"has-post-thumbnail","7":"category-tv","8":"tag-ana-rosa","9":"tag-entertainment","10":"tag-entretenimiento","11":"tag-es","12":"tag-espana","13":"tag-spain","14":"tag-tv"},"share_on_mastodon":{"url":"","error":""},"_links":{"self":[{"href":"https:\/\/www.europesays.com\/es\/wp-json\/wp\/v2\/posts\/146379","targetHints":{"allow":["GET"]}}],"collection":[{"href":"https:\/\/www.europesays.com\/es\/wp-json\/wp\/v2\/posts"}],"about":[{"href":"https:\/\/www.europesays.com\/es\/wp-json\/wp\/v2\/types\/post"}],"author":[{"embeddable":true,"href":"https:\/\/www.europesays.com\/es\/wp-json\/wp\/v2\/users\/2"}],"replies":[{"embeddable":true,"href":"https:\/\/www.europesays.com\/es\/wp-json\/wp\/v2\/comments?post=146379"}],"version-history":[{"count":0,"href":"https:\/\/www.europesays.com\/es\/wp-json\/wp\/v2\/posts\/146379\/revisions"}],"wp:featuredmedia":[{"embeddable":true,"href":"https:\/\/www.europesays.com\/es\/wp-json\/wp\/v2\/media\/146380"}],"wp:attachment":[{"href":"https:\/\/www.europesays.com\/es\/wp-json\/wp\/v2\/media?parent=146379"}],"wp:term":[{"taxonomy":"category","embeddable":true,"href":"https:\/\/www.europesays.com\/es\/wp-json\/wp\/v2\/categories?post=146379"},{"taxonomy":"post_tag","embeddable":true,"href":"https:\/\/www.europesays.com\/es\/wp-json\/wp\/v2\/tags?post=146379"}],"curies":[{"name":"wp","href":"https:\/\/api.w.org\/{rel}","templated":true}]}}