{"id":146411,"date":"2025-09-29T12:20:10","date_gmt":"2025-09-29T12:20:10","guid":{"rendered":"https:\/\/www.europesays.com\/es\/146411\/"},"modified":"2025-09-29T12:20:10","modified_gmt":"2025-09-29T12:20:10","slug":"el-real-madrid-esta-maldito-en-las-finales","status":"publish","type":"post","link":"https:\/\/www.europesays.com\/es\/146411\/","title":{"rendered":"El Real Madrid est\u00e1 maldito en las finales"},"content":{"rendered":"<p>Desde el 18 de febrero de 2024, d\u00eda en el que el <strong>Real Madrid<\/strong> gan\u00f3 la <strong>Copa del Rey<\/strong> en <strong>M\u00e1laga<\/strong> contra el <strong>Barcelona<\/strong>, el <a href=\"http:\/\/realmadrid.com\" rel=\"nofollow noopener\" target=\"_blank\">conjunto blanco<\/a> ha disputado seis finales m\u00e1s, dos de ellas las ha ganado y cuatro las ha perdido. Las dos victorias fueron en <strong>Liga ACB<\/strong>, es decir, en eliminatoria, y todas las derrotas en partidos a vida o muerte. Una maldici\u00f3n que no acaba y que se ha traspasado del equipo de <strong>Chus Mateo<\/strong> al de <a href=\"https:\/\/okdiario.com\/diariomadridista\/baloncesto\/okdiario-mvp-supercopascariolo-tiene-parte-del-merito-567794\" rel=\"nofollow noopener\" target=\"_blank\"><strong>Sergio Scariolo<\/strong><\/a>.<\/p>\n<p>El Real Madrid cay\u00f3 frente al <a href=\"https:\/\/okdiario.com\/diariomadridista\/baloncesto\/supercopa-venganza-del-valencia-contra-real-madrid-567572\" rel=\"nofollow noopener\" target=\"_blank\"><strong>Valencia<\/strong> <strong>Basket<\/strong><\/a> este domingo en el duelo por la <strong>Supercopa de Espa\u00f1a<\/strong> en el <strong>Mart\u00edn Carpena<\/strong> y ya son cuatro las finales a un partido perdidas desde la de la <strong>Euroliga<\/strong> de 2024 ante <strong>Panathinaikos<\/strong> en <strong>Berl\u00edn<\/strong>. Supercopa en <strong>Murcia<\/strong> con <strong>Unicaja<\/strong>, Copa en <strong>Las Palmas<\/strong> tambi\u00e9n contra los de <strong>Ibon Navarro<\/strong>, y ahora otro tropiezo en el estreno de la temporada 2025-26 en el pabell\u00f3n que vio a los blancos alzar su \u00faltimo t\u00edtulo en torneo corto.<\/p>\n<p>Bien es cierto que la Supercopa lleg\u00f3 en una fase muy prematura de la preparaci\u00f3n para el equipo de Scariolo, pero no deja de ser un campeonato oficial y un t\u00edtulo que se suma o se resta a final de curso. Chus Mateo la gan\u00f3 en su primer y segundo a\u00f1o, la perdi\u00f3 en el tercero y la derrota con Unicaja marc\u00f3 el devenir de los primeros meses. Un Real Madrid perdido en Euroliga y que cosech\u00f3 tres de sus cuatro derrotas en ACB en el \u00faltimo trimestre de 2024.<\/p>\n<p>Ahora el italiano tiene que corregir los errores de M\u00e1laga y conseguir en tiempo r\u00e9cord la adaptaci\u00f3n de un grupo nuevo a unas ideas nuevas desde el banquillo. No es tarea f\u00e1cil, aunque el calendario exige hacerlo cuanto antes. Adem\u00e1s, el Real Madrid debe recomponerse para, pensando en el lejano objetivo de la Copa, dejar atr\u00e1s una maldici\u00f3n en torneos cortos que ya preocupa.<\/p>\n<p>El Real Madrid, un fijo en las finales<\/p>\n<p>Desde la final de la Liga Endesa 2023, perdida contra el <strong>Bar\u00e7a<\/strong> tras proclamarse campe\u00f3n de Europa en <strong>Kaunas<\/strong>, el Real Madrid ha disputado todas las finales posibles a excepci\u00f3n de la pasada Euroliga, en la que no lleg\u00f3 ni a la <strong>Final Four<\/strong>. Tras la Copa de 2024, s\u00f3lo ha ganado finales de Liga en series contra <strong>UCAM Murcia<\/strong> y Valencia Basket, ambas por la v\u00eda r\u00e1pida.<\/p>\n<p>Un m\u00e9rito enorme que este a\u00f1o buscar\u00e1 embellecer repetir y embellecer ganando tambi\u00e9n las finales a un partido. \u00abEs deporte, la pr\u00f3xima vez ser\u00e1\u00bb, era la frase m\u00e1s repetida en el vestuario blanco tras caer en el Carpena en un partido de claros altibajos en el que los blancos s\u00f3lo dominaron el primer y el tercer cuarto.<\/p>\n<p>Los fallos de concentraci\u00f3n, la expulsi\u00f3n de <strong>Walter Tavares<\/strong> y un gran Valencia impidieron al Real Madrid romper una maldici\u00f3n que ya carga desde el 26 de mayo de 2024 con aquella final con Panathinaikos. 490 d\u00edas y cuatro finales perdidas, demasiado para el equipo m\u00e1s laureado de Europa, que quiere reencontrarse consigo mismo y su competitividad en este inicio fren\u00e9tico de temporada que arranca este martes en <strong>Bolonia<\/strong> contra la <strong>Virtus<\/strong> en la primera jornada de Euroliga.<\/p>\n","protected":false},"excerpt":{"rendered":"Desde el 18 de febrero de 2024, d\u00eda en el que el Real Madrid gan\u00f3 la Copa del&hellip;\n","protected":false},"author":2,"featured_media":146412,"comment_status":"","ping_status":"","sticky":false,"template":"","format":"standard","meta":{"footnotes":""},"categories":[269],"tags":[299,298,168,25,24,23,167],"class_list":{"0":"post-146411","1":"post","2":"type-post","3":"status-publish","4":"format-standard","5":"has-post-thumbnail","7":"category-baloncesto","8":"tag-baloncesto","9":"tag-basketball","10":"tag-deportes","11":"tag-es","12":"tag-espana","13":"tag-spain","14":"tag-sports"},"share_on_mastodon":{"url":"","error":""},"_links":{"self":[{"href":"https:\/\/www.europesays.com\/es\/wp-json\/wp\/v2\/posts\/146411","targetHints":{"allow":["GET"]}}],"collection":[{"href":"https:\/\/www.europesays.com\/es\/wp-json\/wp\/v2\/posts"}],"about":[{"href":"https:\/\/www.europesays.com\/es\/wp-json\/wp\/v2\/types\/post"}],"author":[{"embeddable":true,"href":"https:\/\/www.europesays.com\/es\/wp-json\/wp\/v2\/users\/2"}],"replies":[{"embeddable":true,"href":"https:\/\/www.europesays.com\/es\/wp-json\/wp\/v2\/comments?post=146411"}],"version-history":[{"count":0,"href":"https:\/\/www.europesays.com\/es\/wp-json\/wp\/v2\/posts\/146411\/revisions"}],"wp:featuredmedia":[{"embeddable":true,"href":"https:\/\/www.europesays.com\/es\/wp-json\/wp\/v2\/media\/146412"}],"wp:attachment":[{"href":"https:\/\/www.europesays.com\/es\/wp-json\/wp\/v2\/media?parent=146411"}],"wp:term":[{"taxonomy":"category","embeddable":true,"href":"https:\/\/www.europesays.com\/es\/wp-json\/wp\/v2\/categories?post=146411"},{"taxonomy":"post_tag","embeddable":true,"href":"https:\/\/www.europesays.com\/es\/wp-json\/wp\/v2\/tags?post=146411"}],"curies":[{"name":"wp","href":"https:\/\/api.w.org\/{rel}","templated":true}]}}