{"id":146421,"date":"2025-09-29T12:26:08","date_gmt":"2025-09-29T12:26:08","guid":{"rendered":"https:\/\/www.europesays.com\/es\/146421\/"},"modified":"2025-09-29T12:26:08","modified_gmt":"2025-09-29T12:26:08","slug":"la-obra-maestra-que-regresa-con-mas-fuerza-treinta-y-seis-anos-despues","status":"publish","type":"post","link":"https:\/\/www.europesays.com\/es\/146421\/","title":{"rendered":"la obra maestra que regresa con m\u00e1s fuerza treinta y seis a\u00f1os despu\u00e9s"},"content":{"rendered":"\n<p><b>Por Luis Felipe Guti\u00e9rrez<\/b><\/p>\n<p><b>*Colaboraci\u00f3n especial<\/b><\/p>\n<p>En 1989, en La Mota, por aquel entonces un barrio emergente del Bel\u00e9n \u2015donde viv\u00eda con mis padres y mi hermano\u2015, mi amigo Jorge Orlando Vel\u00e1squez y yo sol\u00edamos ir a la casa de Juan Felipe Escobar, otro amigo en com\u00fan, a pasar tardes interminables jugando Nintendo, especialmente Mario Bros y Caza Patos (Duck Hunt), y gozando de las atenciones que aquella hospitalaria familia nos ofrec\u00eda.<\/p>\n<p><b>Le puede interesar: <a rel=\"nofollow noopener noreferrer\" href=\"https:\/\/www.elcolombiano.com\/colombia\/concierto-de-kendrick-lamar-cancelado-en-bogota-reembolso-AO29500330\" target=\"_blank\">Luego de filas de m\u00e1s de 5 horas, cancelaron concierto de Kendrick Lamar en Bogot\u00e1, \u00bfqu\u00e9 se sabe?<\/a><\/b><\/p>\n<p>Don Juan Francisco Escobar, padre de Juan Felipe, ten\u00eda un alto cargo ejecutivo en<b> Codiscos, posiblemente el sello discogr\u00e1fico m\u00e1s importante en la historia de Colombia.<\/b> All\u00ed, en su casa, todos los viernes, al final de la tarde, don Juan Francisco llegaba con grabaciones de m\u00fasicos y artistas de rock que buscaban surgir en la escena local. De modo que, en no pocas ocasiones, Jorge, Juan Felipe y yo tuvimos el privilegio de ser de los primeros en conocer las m\u00e1s recientes grabaciones de bandas como Perseo, Ekhymosis, Juanita Dientes Verdes, entre otros.<\/p>\n<p>\u2015Esc\u00fachenlo y me dicen qu\u00e9 tal les parece \u2015sol\u00eda decirnos, con una sonrisa p\u00edcara, lanzando el casete sobre la mesa como si fuera una pista secreta.<\/p>\n<p>Un de esos viernes, el se\u00f1or Escobar lleg\u00f3 con un casete que, al escucharlo, nos vol\u00f3 la cabeza: <b>Kraken II <\/b><b>(1989), de la agrupaci\u00f3n Kraken. <\/b>Jam\u00e1s hab\u00edamos escuchado algo igual. Conoc\u00edamos la agrupaci\u00f3n, pero no le hab\u00edamos prestado la atenci\u00f3n suficiente y casi que hab\u00edamos olvidado su trabajo anterior, Kraken I (1987), quiz\u00e1s porque est\u00e1bamos embebidos en el mundo del hard rock gringo y de la moda arrolladora del glam rock y su sonido empalagoso. Pero Kraken II nos oblig\u00f3 a devolvernos en el tiempo, a repasar su primer disco y a enloquecernos con esta segunda producci\u00f3n.<\/p>\n<p><b>Puede leer: <a rel=\"nofollow noopener noreferrer\" href=\"https:\/\/www.elcolombiano.com\/cultura\/musica\/batalla-de-las-bandas-en-medellin-rock-40-anos-GE26883207\" target=\"_blank\">As\u00ed fue La Batalla de las Bandas, el hito del rock paisa que en 2025 cumple 40 a\u00f1os<\/a><\/b><\/p>\n<p>Al sonar Los misterios no hablan \u2015canci\u00f3n que abre el \u00e1lbum\u2015, seguida de una power ballad como Vestido de cristal, exclamamos: \u201c\u00a1Qu\u00e9 es esto, por Dios!\u201d. Luego, la cara B de la cinta iniciaba con la impactante Camino a la monta\u00f1a negra, para luego pasar a Palabras que sangran y continuar con una balada dram\u00e1tica como lo es Una vez m\u00e1s. No lloramos por no mostrar debilidad, pero a los tres se nos eriz\u00f3 la piel. Hab\u00eda tanto por decir, que no dijimos nada: dejamos que las canciones lo dijeran todos.<b> Era como estar escuchando una mezcla poderosa entre Iron Maiden y Deep Purple,<\/b> pero hecho en Medell\u00edn, con un estilo l\u00edrico \u00fanico, lleno de misticismo, fuerza y sensibilidad po\u00e9tica.<\/p>\n<p><b>Los juegos de Nintendo pasaron a ser nimiedades. <\/b>Fueron meses durante los cuales las reuniones en la casa de Juan Felipe se convirtieron en un intercambio de m\u00fasica con el \u00fanico objetivo de comparar a las principales bandas del rock mundial con Kraken. Conect\u00e1bamos la grabadora y nos sumerg\u00edamos en un universo paralelo de voces y ritmos de bater\u00eda atronadoras y riff de guitarras potentes.<\/p>\n<p>\u2015Parce, esto aqu\u00ed suena tipo Judas \u2015dec\u00eda alguno.<\/p>\n<p>\u2015Muchachos, \u201cCamino a la monta\u00f1a negra\u201d es como una especie de Childern of Damnes \u2015opinaba otro.<\/p>\n<p>Y as\u00ed, sin ego\u00edsmo alguno, Juan Felipe empez\u00f3 a compartir esos casetes llenos de sorpresas que su padre nos daba a conocer. S\u00ed: en La Mota la fiebre por Kraken se expandi\u00f3, de alguna manera, gracias a la familia Escobar. Porque en aquellas noches, cuando Medell\u00edn era un rugir de violencia al otro lado de la ventana, nosotros, sin miedo, nos sent\u00edamos parte de algo m\u00e1s grande, como si con cada casete, con cada play, estuvi\u00e9ramos ayudando a construir el sonido del ma\u00f1ana.<\/p>\n<p><b>Le puede interesar: <a rel=\"nofollow noopener noreferrer\" href=\"https:\/\/www.elcolombiano.com\/tendencias\/ultrametal-de-medellin-EP27822446\" target=\"_blank\">El ultrametal de Medell\u00edn y la trayectoria de Tenebrarum<\/a><\/b><\/p>\n<p>Y aunque los casetes se perdieron, y el Nintendo ya no enciende, todav\u00eda hay canciones que me suenan a esos d\u00edas: a una habitaci\u00f3n en penumbra, a tres ni\u00f1os escuchando el futuro en voz baja.<\/p>\n<p>A\u00f1os despu\u00e9s, cuando el mundo se llen\u00f3 de discos quemados, MP3 y playlists, nunca volv\u00ed a sentir lo mismo al descubrir una banda. Ese momento en la sala de la casa de Juan Felipe, con un casete TDK, la lluvia cayendo y Elkin Ram\u00edrez cantando como si gritara por todos nosotros, qued\u00f3 tatuado en mi memoria. Fue la noche en que entendimos que la m\u00fasica tambi\u00e9n pod\u00eda ser un llamado, un espejo, un grito de libertad.<\/p>\n<p>   La restauraci\u00f3n de Kraken II: el aporte hist\u00f3rico de V\u00edctor Garc\u00eda    <\/p>\n<p>La capacidad creativa y la calidad musical de Kraken nunca estuvieron en discusi\u00f3n, y tampoco la profundidad de sus letras: po\u00e9ticas algunas, contestatarias otras. Y es que un d\u00eda la magia del destino uni\u00f3 a cuatro talentosos m\u00fasicos para marcar por siempre la historia del rock nacional: <b>Hugo Restrepo (guitarra), Jorge Atehort\u00faa (bajo), Gonzo V\u00e1squez (bater\u00eda) y el inmortal Elkin Ram\u00edrez (voz) <\/b>consolidaron un sonido que a\u00fan perdura y que, como el t\u00edtulo de uno de sus \u00e1lbumes posteriores, ha sido huella y camino, e inspiraci\u00f3n para nuevas generaciones de roqueros.<\/p>\n<p><b>Puede leer: <a rel=\"nofollow noopener noreferrer\" href=\"https:\/\/www.elcolombiano.com\/cultura\/musica\/teatro-carlos-vieco-cumple-40-anos-medellin-rock-GJ25863522\" target=\"_blank\">Conozca el templo del rock en Medell\u00edn<\/a><\/b><\/p>\n<p>Sin embargo, entre los aficionados \u2015y entre los mismos integrantes\u2015 siempre qued\u00f3 el sin sabor de que el sonido de Kraken I y Kraken II estuvo por debajo de la calidad musical de la banda. Durante d\u00e9cadas se habl\u00f3 de la posibilidad de mejorar el sonido. En el entorno del rock local se dec\u00eda que era imposible lograrlo: que las pistas estaban en muy mal estado, e incluso, que hab\u00edan desparecido. Por fortuna, nunca fue as\u00ed.<\/p>\n<p>El tiempo \u2014que todo lo arrasa, pero nunca se queda con nada\u2014 puso en el camino al productor musical <b>V\u00edctor Garc\u00eda (exintegrante de Nash y art\u00edfice de memorables trabajos con Kraken, Ekhymosis, Estados Alterados y Masacre, entre otros). <\/b>Treinta y seis a\u00f1os despu\u00e9s, en sus manos recay\u00f3 la bandera de un proceso t\u00e9cnico que hoy llena de orgullo a los seguidores del rock nacional. Como un tesoro escondido, las cintas multitrack originales del Kraken II aparecieron a\u00f1os despu\u00e9s en las bodegas de los estudios de V\u00edctor: un hallazgo descomunal para la memoria musical de Colombia. Y fue gracias a un minucioso trabajo de restauraci\u00f3n y remasterizaci\u00f3n en Los \u00c1ngeles (EE. UU.), dirigido por el propio Garc\u00eda y bajo la producci\u00f3n ejecutiva de Dennis Murcia y Fernando L\u00f3pez (Codiscos), que esta obra maestra resucit\u00f3 con una potencia sonora extraordinaria, devolviendo a la vida un legado que parec\u00eda perdido en el silencio.<\/p>\n<p>    Con Tit\u00e1n, el legado contin\u00faa    <\/p>\n<p>Elkin, fallecido en 2017, debe estar orgulloso del glorioso puerto al que ha llegado su sue\u00f1o musical. Bajo el nombre de Tit\u00e1n, el prodigioso talento de Hugo, Jorge y Gonzo \u2014 fundadores originales de Kraken\u2014 se funde hoy con la energ\u00eda de nuevas generaciones: Carlos \u201cGambe\u201d Escobar (ex-Masacre, guitarra r\u00edtmica), John \u201cCrow\u201d Cuervo (teclados) y la imponente voz de Pedro Pablo Arias, un verdadero eco de Elkin Ram\u00edrez en cuerpo ajeno. Juntos mantienen viva la llama de una historia que se niega a apagarse y que, por el contrario, sigue creciendo en la memoria colectiva como un legado inmarcesible del rock colombiano.<\/p>\n","protected":false},"excerpt":{"rendered":"Por Luis Felipe Guti\u00e9rrez *Colaboraci\u00f3n especial En 1989, en La Mota, por aquel entonces un barrio emergente del&hellip;\n","protected":false},"author":2,"featured_media":146422,"comment_status":"","ping_status":"","sticky":false,"template":"","format":"standard","meta":{"footnotes":""},"categories":[170],"tags":[146,147,25,24,184,185,1267,23],"class_list":{"0":"post-146421","1":"post","2":"type-post","3":"status-publish","4":"format-standard","5":"has-post-thumbnail","7":"category-musica","8":"tag-entertainment","9":"tag-entretenimiento","10":"tag-es","11":"tag-espana","12":"tag-music","13":"tag-musica","14":"tag-noticias-el-colombiano","15":"tag-spain"},"share_on_mastodon":{"url":"","error":""},"_links":{"self":[{"href":"https:\/\/www.europesays.com\/es\/wp-json\/wp\/v2\/posts\/146421","targetHints":{"allow":["GET"]}}],"collection":[{"href":"https:\/\/www.europesays.com\/es\/wp-json\/wp\/v2\/posts"}],"about":[{"href":"https:\/\/www.europesays.com\/es\/wp-json\/wp\/v2\/types\/post"}],"author":[{"embeddable":true,"href":"https:\/\/www.europesays.com\/es\/wp-json\/wp\/v2\/users\/2"}],"replies":[{"embeddable":true,"href":"https:\/\/www.europesays.com\/es\/wp-json\/wp\/v2\/comments?post=146421"}],"version-history":[{"count":0,"href":"https:\/\/www.europesays.com\/es\/wp-json\/wp\/v2\/posts\/146421\/revisions"}],"wp:featuredmedia":[{"embeddable":true,"href":"https:\/\/www.europesays.com\/es\/wp-json\/wp\/v2\/media\/146422"}],"wp:attachment":[{"href":"https:\/\/www.europesays.com\/es\/wp-json\/wp\/v2\/media?parent=146421"}],"wp:term":[{"taxonomy":"category","embeddable":true,"href":"https:\/\/www.europesays.com\/es\/wp-json\/wp\/v2\/categories?post=146421"},{"taxonomy":"post_tag","embeddable":true,"href":"https:\/\/www.europesays.com\/es\/wp-json\/wp\/v2\/tags?post=146421"}],"curies":[{"name":"wp","href":"https:\/\/api.w.org\/{rel}","templated":true}]}}