{"id":146423,"date":"2025-09-29T12:27:09","date_gmt":"2025-09-29T12:27:09","guid":{"rendered":"https:\/\/www.europesays.com\/es\/146423\/"},"modified":"2025-09-29T12:27:09","modified_gmt":"2025-09-29T12:27:09","slug":"el-brutalista-la-odisea-de-un-arquitecto-entre-el-trauma-y-el-sueno-americano-ya-se-puede-ver-en-streaming","status":"publish","type":"post","link":"https:\/\/www.europesays.com\/es\/146423\/","title":{"rendered":"El Brutalista, la odisea de un arquitecto entre el trauma y el sue\u00f1o americano ya se puede ver en streaming"},"content":{"rendered":"<p>Huyendo de la Europa de la posguerra, el visionario arquitecto L\u00e1szl\u00f3 Toth llega a Estados Unidos para reconstruir su vida, su obra y su matrimonio con su esposa Erzs\u00e9bet tras verse obligados a separarse durante la guerra a causa de los cambios de fronteras y reg\u00edmenes. (Cr\u00e9dito: Universal Studios)<\/p>\n<p class=\"paragraph\">La llegada de <b>L\u00e1szl\u00f3 T\u00f3th<\/b> a <b>Estados Unidos<\/b> marca el inicio de una traves\u00eda en la que el sue\u00f1o americano se revela como una promesa esquiva para quienes, como \u00e9l, buscan reconstruir su vida tras el trauma de la guerra. <b>El Brutalista<\/b>, dirigida por <b>Brady Corbet<\/b> y protagonizada por <b>Adrien Brody<\/b>, explora la experiencia de un arquitecto h\u00fangaro jud\u00edo que, despu\u00e9s de sobrevivir al Holocausto, se enfrenta a la dificultad de integrarse en una sociedad que no reconoce su prestigio ni su talento, y donde la integridad art\u00edstica choca con las exigencias del \u00e9xito material.<\/p>\n<p class=\"paragraph\">Disponible desde hoy en la plataforma <b>HBO Max<\/b>, la pel\u00edcula narra el recorrido de <b>L\u00e1szl\u00f3 T\u00f3th<\/b>, quien, tras verse obligado a separarse de su esposa <b>Erzs\u00e9bet<\/b> por los cambios de fronteras y reg\u00edmenes en la Europa de la posguerra, se instala en Pensilvania. All\u00ed, el industrial <b>Harrison Lee Van Buren<\/b> reconoce su capacidad y le ofrece la oportunidad de construir un monumento en memoria de su madre, un encargo que se convierte en el eje de una lucha entre el poder econ\u00f3mico y la b\u00fasqueda de sentido personal.<\/p>\n<p><img alt=\"La llegada de L\u00e1szl\u00f3 T\u00f3th\" class=\"global-image\" decoding=\"async\" fetchpriority=\"low\" height=\"1080\" loading=\"lazy\" src=\"https:\/\/www.europesays.com\/es\/wp-content\/uploads\/2025\/09\/UE3Z6XSECRDFJPD4KD7RBD3URQ.jpg\" width=\"1920\"\/>La llegada de L\u00e1szl\u00f3 T\u00f3th a Estados Unidos marca el inicio de una traves\u00eda en la que el sue\u00f1o americano se revela como una promesa esquiva para quienes, como \u00e9l, buscan reconstruir su vida tras el trauma de la guerra. (HBO Max)<\/p>\n<p class=\"paragraph\">La obra, que ha sido galardonada con <b>tres premios Oscar<\/b>, se apoya en un guion coescrito por <b>Mona Fastvold<\/b>, quien ya hab\u00eda colaborado con Corbet en The Childhood of a Leader y Vox Lux. Fastvold destaca que el v\u00ednculo entre L\u00e1szl\u00f3 y Erzs\u00e9bet fue el punto de partida emocional de la historia: \u201cMientras escrib\u00edamos el guion nos encant\u00f3 la relaci\u00f3n, la amistad y la historia de amor que se desarrolla entre L\u00e1szl\u00f3 y Erzs\u00e9bet. Estos fueron los primeros destellos e ideas que se convirtieron en El Brutalista\u201d, explic\u00f3 Fastvold seg\u00fan declaraciones recogidas en las notas de producci\u00f3n.<\/p>\n<p class=\"paragraph\">La arquitectura brutalista, que da nombre a la pel\u00edcula, se consolid\u00f3 en el Reino Unido durante la reconstrucci\u00f3n de la posguerra en la d\u00e9cada de 1950. Este estilo, caracterizado por el uso de materiales expuestos como el concreto y el ladrillo, prioriza la estructura sobre la ornamentaci\u00f3n, como se observa en las obras de <b>Le Corbusier<\/b>, <b>Marcel Breuer<\/b>, <b>William Pereira<\/b>, <b>Moshe Safdie<\/b>, <b>Denys Lasdun<\/b> y <b>Alison &amp; Peter Smithson<\/b>. Corbet y Fastvold encontraron en el brutalismo una resonancia tanto f\u00edsica como psicol\u00f3gica con la experiencia de los inmigrantes y el trauma de la guerra. Corbet lo expresa as\u00ed: \u201cPara nosotros, la psicolog\u00eda y la arquitectura de posguerra \u2014incluyendo el brutalismo\u2014 est\u00e1n vinculadas, y presentamos eso en la pel\u00edcula a trav\u00e9s de la construcci\u00f3n del Instituto, una manifestaci\u00f3n de 30 a\u00f1os de trauma en L\u00e1szl\u00f3 T\u00f3th y la ramificaci\u00f3n de dos guerras mundiales\u201d.<\/p>\n<p><img alt=\"Disponible desde el 29 de\" class=\"global-image\" decoding=\"async\" fetchpriority=\"low\" height=\"1080\" loading=\"lazy\" src=\"https:\/\/www.europesays.com\/es\/wp-content\/uploads\/2025\/09\/KXCTMIKIGJB4PP4KGOFG65ASSE.jpg\" width=\"1920\"\/>Disponible desde el 29 de abril en el servicio On Demand de Flow para clientes de HBO, la pel\u00edcula narra el recorrido de L\u00e1szl\u00f3 T\u00f3th, quien, tras verse obligado a separarse de su esposa Erzs\u00e9bet por los cambios de fronteras y reg\u00edmenes en la Europa de la posguerra, se instala en Pensilvania.<\/p>\n<p class=\"paragraph\">El director subraya la ambivalencia del brutalismo: <b>\u201cEl brutalismo puede ser austero pero tambi\u00e9n es monumental en su estilo<\/b> \u2014esos extra\u00f1os objetos que son amados y aborrecidos por igual, y que tardan tiempo en desarrollarse en el imaginario p\u00fablico porque la gente parece no ser capaz de descifrarlos en el momento. Para m\u00ed, esto refleja la experiencia de los inmigrantes \u2014y el brutalismo es un estilo arquitect\u00f3nico predominantemente creado por inmigrantes. Por su alcance y escala, los edificios brutalistas piden a gritos ser vistos\u2014 pero quienes los dise\u00f1aron o construyeron luchaban por su derecho a existir\u201d, afirm\u00f3 Corbet en las notas de producci\u00f3n.<\/p>\n<p class=\"paragraph\">La investigaci\u00f3n para la pel\u00edcula llev\u00f3 a Corbet a consultar al acad\u00e9mico <b>Jean-Louis Cohen<\/b>, especialista en la obra de Le Corbusier y Frank Gehry. Cohen no pudo identificar a ning\u00fan arquitecto real cuya trayectoria coincidiera exactamente con la de L\u00e1szl\u00f3 T\u00f3th, lo que llev\u00f3 a Corbet y Fastvold a crear personajes ficticios inspirados en figuras como <b>Louis Kahn<\/b>, <b>Mies van der Rohe<\/b> y, especialmente, <b>Marcel Breuer<\/b>, el arquitecto h\u00fangaro que dise\u00f1\u00f3 el Museo Whitney en Nueva York, hoy conocido como el Met Breuer. Corbet se\u00f1ala:<b> \u201cLa verdad del asunto es que la mayor\u00eda de los arquitectos jud\u00edos de Europa Central y Oriental que se quedaron atrapados en Europa durante la guerra no salieron con vida.<\/b> En el caso de Breuer, \u00e9l era un acad\u00e9mico bien reconocido que fue invitado a trabajar con Walter Gropius en Estados Unidos en 1937\u201d.<\/p>\n<p><img alt=\"La pel\u00edcula abarca tres d\u00e9cadas\" class=\"global-image\" decoding=\"async\" fetchpriority=\"low\" height=\"1688\" loading=\"lazy\" src=\"https:\/\/www.europesays.com\/es\/wp-content\/uploads\/2025\/09\/OROOGBEU7NERZCVSFDTU6YDC5Q.jpg\" width=\"3000\"\/>La pel\u00edcula abarca tres d\u00e9cadas en la vida de L\u00e1szl\u00f3, quien, tras establecerse en Estados Unidos a finales de los a\u00f1os 40, espera durante una d\u00e9cada la llegada de Erzs\u00e9bet, retenida en Europa del Este junto a su sobrina. (A24 via AP)<\/p>\n<p class=\"paragraph\">La pel\u00edcula abarca tres d\u00e9cadas en la vida de L\u00e1szl\u00f3, quien, tras establecerse en Estados Unidos a finales de los a\u00f1os 40, espera durante una d\u00e9cada la llegada de Erzs\u00e9bet, retenida en Europa del Este junto a su sobrina. El relato de su reencuentro y de la construcci\u00f3n del Instituto en la propiedad de Van Buren se convierte en un testimonio de las luchas personales y profesionales del protagonista, as\u00ed como de la batalla con el capitalista que financia su obra.<\/p>\n<p class=\"paragraph\">El reparto de <b>El Brutalista<\/b> supuso un reto considerable para la producci\u00f3n, que necesitaba int\u00e9rpretes capaces de abordar la complejidad emocional y t\u00e9cnica de la historia. Corbet destaca la implicaci\u00f3n del elenco: \u201cHab\u00eda muchos miembros en el elenco de esta pel\u00edcula y todos los d\u00edas hab\u00eda nuevos grupos de personas que llegaban al set, pero tuvimos mucha suerte de contar con un grupo de actores y actrices que entend\u00edan el material impl\u00edcitamente y ven\u00edan preparados. Ayudaron a que un proceso dif\u00edcil y aparentemente imposible se desarrollara sin problemas\u201d.<\/p>\n<p><img alt=\"Esta imagen difundida por A24\" class=\"global-image\" decoding=\"async\" fetchpriority=\"low\" height=\"2012\" loading=\"lazy\" src=\"https:\/\/www.europesays.com\/es\/wp-content\/uploads\/2025\/09\/YRFPFXFJDFDAHR34BC6OIBJZ24.jpg\" width=\"3018\"\/>Esta imagen difundida por A24 muestra a Adrien Brody, izquierda, y Guy Pearce en una escena de \u00abThe Brutalist\u00bb. (Lol Crawley\/A24 via AP)<\/p>\n<p class=\"paragraph\">La filmograf\u00eda previa de Corbet, que incluye The Childhood of a Leader (2015) y Vox Lux (2018), ya abordaba momentos clave del siglo XX, desde el auge del fascismo en Europa hasta la cultura pop estadounidense en el contexto de la violencia armada y los atentados del 11 de septiembre. En palabras del propio Corbet:<b> \u201cAlgo que tienen en com\u00fan mis tres pel\u00edculas es que tienen mucho que ver con la naturaleza c\u00edclica de la historia.<\/b> <b>El Brutalista es una pel\u00edcula hist\u00f3rica, y los personajes est\u00e1n escritos a la medida de sus circunstancias<\/b>. La pel\u00edcula tiene mucho que decir sobre la experiencia de los inmigrantes en Estados Unidos y sobre el fracaso del sue\u00f1o americano de L\u00e1szl\u00f3 y Erzs\u00e9bet T\u00f3th\u201d.<\/p>\n<p class=\"paragraph\">Ya puedes ver este estreno en HBO Max.<\/p>\n","protected":false},"excerpt":{"rendered":"Huyendo de la Europa de la posguerra, el visionario arquitecto L\u00e1szl\u00f3 Toth llega a Estados Unidos para reconstruir&hellip;\n","protected":false},"author":2,"featured_media":146424,"comment_status":"","ping_status":"","sticky":false,"template":"","format":"standard","meta":{"footnotes":""},"categories":[169],"tags":[177,146,147,25,24,176,175,23,44984],"class_list":{"0":"post-146423","1":"post","2":"type-post","3":"status-publish","4":"format-standard","5":"has-post-thumbnail","7":"category-cine","8":"tag-cine","9":"tag-entertainment","10":"tag-entretenimiento","11":"tag-es","12":"tag-espana","13":"tag-film","14":"tag-movies","15":"tag-spain","16":"tag-the-brutalist"},"share_on_mastodon":{"url":"","error":""},"_links":{"self":[{"href":"https:\/\/www.europesays.com\/es\/wp-json\/wp\/v2\/posts\/146423","targetHints":{"allow":["GET"]}}],"collection":[{"href":"https:\/\/www.europesays.com\/es\/wp-json\/wp\/v2\/posts"}],"about":[{"href":"https:\/\/www.europesays.com\/es\/wp-json\/wp\/v2\/types\/post"}],"author":[{"embeddable":true,"href":"https:\/\/www.europesays.com\/es\/wp-json\/wp\/v2\/users\/2"}],"replies":[{"embeddable":true,"href":"https:\/\/www.europesays.com\/es\/wp-json\/wp\/v2\/comments?post=146423"}],"version-history":[{"count":0,"href":"https:\/\/www.europesays.com\/es\/wp-json\/wp\/v2\/posts\/146423\/revisions"}],"wp:featuredmedia":[{"embeddable":true,"href":"https:\/\/www.europesays.com\/es\/wp-json\/wp\/v2\/media\/146424"}],"wp:attachment":[{"href":"https:\/\/www.europesays.com\/es\/wp-json\/wp\/v2\/media?parent=146423"}],"wp:term":[{"taxonomy":"category","embeddable":true,"href":"https:\/\/www.europesays.com\/es\/wp-json\/wp\/v2\/categories?post=146423"},{"taxonomy":"post_tag","embeddable":true,"href":"https:\/\/www.europesays.com\/es\/wp-json\/wp\/v2\/tags?post=146423"}],"curies":[{"name":"wp","href":"https:\/\/api.w.org\/{rel}","templated":true}]}}