{"id":146455,"date":"2025-09-29T12:44:13","date_gmt":"2025-09-29T12:44:13","guid":{"rendered":"https:\/\/www.europesays.com\/es\/146455\/"},"modified":"2025-09-29T12:44:13","modified_gmt":"2025-09-29T12:44:13","slug":"nunca-me-preocupa-perder-mi-trabajo","status":"publish","type":"post","link":"https:\/\/www.europesays.com\/es\/146455\/","title":{"rendered":"Nunca me preocupa perder mi trabajo"},"content":{"rendered":"<p data-mrf-recirculation=\"Links P\u00e1rrafos\" class=\"ue-c-article__paragraph paragraph ue-c-article--first-letter-highlighted\">Hace bastante tiempo que <strong>el Manchester United transmite la sensaci\u00f3n de vivir en el d\u00eda de la marmota.<\/strong> Y es que, lejos de coger impulso tras la victoria contra el Chelsea la semana pasada, <strong>la contundente derrota en su visita al Brentford les ha hecho retrotraer hasta la II Guerra Mundial a los mandos de un R\u00faben Amorim que sigue sin encadenar dos triunfos desde su llegada.<\/strong><\/p>\n<p data-mrf-recirculation=\"Links P\u00e1rrafos\" class=\"ue-c-article__paragraph paragraph\"><strong>Todav\u00eda no se ha cumplido un a\u00f1o desde que aterriz\u00f3 en el banquillo de Old Trafford y el clima de desgaste ya se empieza a antojar dif\u00edcilmente respirable.<\/strong> Hered\u00f3 de Ten Hag una plantilla &#8216;descabezada&#8217; que no encajaba con su propuesta&#8230; y <strong>la derrota en la final de la Europa League ante el Tottenham ni siquiera pudo salvar la peor temporada del Manchester United (15\u00ba) desde la fundaci\u00f3n de la Premier League (1992-93).<\/strong><\/p>\n<blockquote class=\"ue-c-article__blockquote\">\n<p>Ahora tenemos que usar todos esos errores que cometimos en esos seis meses para empezar de una manera diferente<\/p>\n<p>R\u00faben Amorim, entrenador del Manchester United<\/p><\/blockquote>\n<p data-mrf-recirculation=\"Links P\u00e1rrafos\" class=\"ue-c-article__paragraph paragraph\">\u00abSi hubiera empezado al principio de esta temporada (la anterior), habr\u00eda sido un error. As\u00ed que <strong>creo que ahora tenemos que usar todos esos errores que cometimos en esos seis meses para empezar de una manera diferente.<\/strong> Intentar\u00e9 usar toda la informaci\u00f3n\u00bb, afirm\u00f3 R\u00faben Amorim durante el pasado verano.<\/p>\n<p>Ilusiones diluidas en septiembre<\/p>\n<p data-mrf-recirculation=\"Links P\u00e1rrafos\" class=\"ue-c-article__paragraph paragraph\">La afici\u00f3n arranc\u00f3 la temporada con <strong>ilusiones renovadas tras los fichajes de Mbeumo, Cunho o Sesko<\/strong> para conformar un renovado frente de ataque. Sin embargo, r\u00e1pido se han diluido tras la <strong>estrepitosa eliminaci\u00f3n ante el Grimsby (Cuarta Divisi\u00f3n) en Carabao Cup<\/strong>&#8230; acentuada por la <strong>deriva en Premier League por parte de un Manchester United que suma dos victorias, un empate y tres derrotas.<\/strong><\/p>\n<p data-mrf-recirculation=\"Links P\u00e1rrafos\" class=\"ue-c-article__paragraph paragraph\"><strong>La situaci\u00f3n en la competici\u00f3n dom\u00e9stica bajo la direcci\u00f3n de R\u00faben Amorim es absolutamente dram\u00e1tica<\/strong> hasta el punto de que tan <strong>s\u00f3lo ha sumado un punto m\u00e1s (34) que partidos ha dirigido (33).<\/strong> De hecho, <strong>su porcentaje de victorias (38%) es el m\u00e1s bajo por parte de un entrenador no interino en la historia del club desde los tiempos de Walter Crickmer (25%) entre 1937 y 1945.<\/strong><\/p>\n<blockquote class=\"ue-c-article__blockquote\">\n<p>Ni siquiera el Papa podr\u00eda convencerme de cambiar mi formaci\u00f3n<\/p>\n<p>R\u00faben Amorim, entrenador del Manchester United<\/p><\/blockquote>\n<p data-mrf-recirculation=\"Links P\u00e1rrafos\" class=\"ue-c-article__paragraph paragraph\">\u00c9l, mientras tanto, se mantiene firme en su inmovilismo. <strong>\u00abNo cambiar\u00e9 mi filosof\u00eda. Si el club pierde la fe en ella, deben cambiar al hombre. Ni siquiera el Papa podr\u00eda convencerme de cambiar mi formaci\u00f3n\u00bb<\/strong>, coment\u00f3 antes del encuentro ante un Brentford donde, sin embargo, s\u00ed rompi\u00f3 con su 1-3-4-2-1 en busca de la remontada.<\/p>\n<p data-mrf-recirculation=\"Links P\u00e1rrafos\" class=\"ue-c-article__paragraph paragraph\">Ya en su momento <strong>se cuestion\u00f3 la decisi\u00f3n que tom\u00f3 R\u00faben Amorim abandonando la estabilidad de la que gozaba en Sporting CP<\/strong> para tratar de resucitar a este Manchester United. <strong>Desde la directiva valoran que asumiese el reto en un momento tan delicado<\/strong> y, seg\u00fan &#8216;BBC Sport&#8217;, <strong>la intenci\u00f3n de Sir Jim Ratcliffe es darle una temporada completa<\/strong> para que pueda desarrollar su trabajo.<\/p>\n<p>El United le respalda&#8230; de momento<\/p>\n<p data-mrf-recirculation=\"Links P\u00e1rrafos\" class=\"ue-c-article__paragraph paragraph\">El luso, de momento, se siente respaldado. <strong>\u00abNo estoy preocupado porque no es mi decisi\u00f3n. Har\u00e9 lo mejor que pueda cada minuto que est\u00e9 aqu\u00ed. Nunca me preocupa perder mi trabajo. No soy ese tipo de persona\u00bb<\/strong>, asegur\u00f3 despu\u00e9s de la derrota contra el Brentford justo antes de cumplir 50 partidos a los mandos del Manchester United.<\/p>\n<p data-mrf-recirculation=\"Links P\u00e1rrafos\" class=\"ue-c-article__paragraph paragraph\">Ahora bien, <strong>no son pocas las fuentes que desde Inglaterra comienzan a apuntar la posibilidad de que Amorim sea despedido<\/strong> e, incluso, ya se valoran diferentes sustitutos&#8230; entre los que se encuentran <strong>Gareth Southgate, Graham Potter o Andoni Iraola.<\/strong> De ser as\u00ed, <strong>el Manchester United deber\u00eda pagarle una significante indemnizaci\u00f3n (12 millones de libras)<\/strong> si, finalmente, toman la decisi\u00f3n de cesarlo antes de que cumpla un a\u00f1o en el banquillo de Old Trafford.<\/p>\n","protected":false},"excerpt":{"rendered":"Hace bastante tiempo que el Manchester United transmite la sensaci\u00f3n de vivir en el d\u00eda de la marmota.&hellip;\n","protected":false},"author":2,"featured_media":146456,"comment_status":"","ping_status":"","sticky":false,"template":"","format":"standard","meta":{"footnotes":""},"categories":[268],"tags":[168,25,24,280,282,281,23,167],"class_list":{"0":"post-146455","1":"post","2":"type-post","3":"status-publish","4":"format-standard","5":"has-post-thumbnail","7":"category-futbol","8":"tag-deportes","9":"tag-es","10":"tag-espana","11":"tag-football","12":"tag-futbol","13":"tag-soccer","14":"tag-spain","15":"tag-sports"},"share_on_mastodon":{"url":"","error":""},"_links":{"self":[{"href":"https:\/\/www.europesays.com\/es\/wp-json\/wp\/v2\/posts\/146455","targetHints":{"allow":["GET"]}}],"collection":[{"href":"https:\/\/www.europesays.com\/es\/wp-json\/wp\/v2\/posts"}],"about":[{"href":"https:\/\/www.europesays.com\/es\/wp-json\/wp\/v2\/types\/post"}],"author":[{"embeddable":true,"href":"https:\/\/www.europesays.com\/es\/wp-json\/wp\/v2\/users\/2"}],"replies":[{"embeddable":true,"href":"https:\/\/www.europesays.com\/es\/wp-json\/wp\/v2\/comments?post=146455"}],"version-history":[{"count":0,"href":"https:\/\/www.europesays.com\/es\/wp-json\/wp\/v2\/posts\/146455\/revisions"}],"wp:featuredmedia":[{"embeddable":true,"href":"https:\/\/www.europesays.com\/es\/wp-json\/wp\/v2\/media\/146456"}],"wp:attachment":[{"href":"https:\/\/www.europesays.com\/es\/wp-json\/wp\/v2\/media?parent=146455"}],"wp:term":[{"taxonomy":"category","embeddable":true,"href":"https:\/\/www.europesays.com\/es\/wp-json\/wp\/v2\/categories?post=146455"},{"taxonomy":"post_tag","embeddable":true,"href":"https:\/\/www.europesays.com\/es\/wp-json\/wp\/v2\/tags?post=146455"}],"curies":[{"name":"wp","href":"https:\/\/api.w.org\/{rel}","templated":true}]}}