{"id":146479,"date":"2025-09-29T12:57:08","date_gmt":"2025-09-29T12:57:08","guid":{"rendered":"https:\/\/www.europesays.com\/es\/146479\/"},"modified":"2025-09-29T12:57:08","modified_gmt":"2025-09-29T12:57:08","slug":"el-pp-defiende-que-su-modelo-migratorio-es-justo","status":"publish","type":"post","link":"https:\/\/www.europesays.com\/es\/146479\/","title":{"rendered":"El PP defiende que su modelo migratorio es \u00abjusto\u00bb"},"content":{"rendered":"<p>El <strong>PP <\/strong>defiende que su modelo migratorio es \u00abjusto\u00bb frente al \u00abdescontrol\u00bb del Gobierno y la \u00abdivisi\u00f3n\u00bb que fomenta, a su juicio, Vox. Adem\u00e1s, asegura que el visado por puntos para obtener la residencia que proponen es constitucional. Se trata de un modelo, plasmado en la &#8216;declaraci\u00f3n de Murcia&#8217; de este domingo, que prioriza la <strong>inmigraci\u00f3n<\/strong> hispanoamericana y aquellos que vengan a trabajar a sectores con falta de mano de obra, entre otras cuestiones. Los &#8216;populares&#8217; tambi\u00e9n pretenden expulsar a aquellos que cometan delitos graves o reincidan en delitos leves. <\/p>\n<p>Ha sido, precisamente, la vicepresidenta segunda, <strong>Yolanda D\u00edaz<\/strong>, quien ha acusado al l\u00edder del Partido Popular, Alberto N\u00fa\u00f1ez Feij\u00f3o, de hacer <strong><a href=\"https:\/\/www.rtve.es\/noticias\/20250929\/gobierno-acusa-a-feijoo-comprar-xenofobia-vox-con-su-visado-antiinmigracion-conseguira-engulla\/16748414.shtml\" rel=\"nofollow noopener\" target=\"_blank\">una propuesta \u00abinconstitucional\u00bb<\/a><\/strong><a href=\"https:\/\/www.rtve.es\/noticias\/20250929\/gobierno-acusa-a-feijoo-comprar-xenofobia-vox-con-su-visado-antiinmigracion-conseguira-engulla\/16748414.shtml\" rel=\"nofollow noopener\" target=\"_blank\"> <\/a>que \u00abno respeta el marco\u00bb de la Carta Magna ni \u00ablos compromisos internacionales\u00bb de Espa\u00f1a.<\/p>\n<p>Preguntado por esta cuesti\u00f3n, <strong>Feij\u00f3o ha respondido que D\u00edaz \u00abdeber\u00eda hablar con su ministro\u00bb de Pol\u00edtica Territorial<\/strong>, \u00c1ngel V\u00edctor Torres, quien ha asegurado que no hay ninguna \u00abnovedad\u00bb en la propuesta del PP. Torres ha dicho a RNE Canarias que<strong> \u00abno hay nada nuevo\u00bb<\/strong> en la propuesta del l\u00edder del PP porque, entre otras cuestiones, \u00abse realiza control en fronteras a trav\u00e9s de Frontex y el arraigo ya est\u00e1 regulado\u00bb. Igualmente, ya hay \u00abhay un reglamento al respecto\u00bb de la propuesta de obtenci\u00f3n de la nacionalidad ligada al idioma, y \u00abla expulsi\u00f3n por delitos graves tambi\u00e9n est\u00e1 tipificado\u00bb. Feij\u00f3o propone tambi\u00e9n ligar el ingreso m\u00ednimo vital a la b\u00fasqueda activa de empleo y Torres le ha recordado que, para que un inmigrante acceda a esta prestaci\u00f3n, hace falta una residencia legal de m\u00e1s de un a\u00f1o y que el 83% de los perceptores son espa\u00f1oles.<\/p>\n<p>Feij\u00f3o niega endurecer su discurso para atraer a votantes de Vox<\/p>\n<p>Feij\u00f3o ha dicho que le da la sensaci\u00f3n de que D\u00edaz \u00abni se ha le\u00eddo\u00bb la &#8216;declaraci\u00f3n de Murcia&#8217;. Adem\u00e1s, ha negado a preguntas de los periodistas estar endureciendo su postura para ganar el voto de los votante de Vox: <strong>\u00abAl contrario<\/strong>, estamos exactamente concretando un mensaje ante la irresponsabilidad del Gobierno y las protestas de Vox\u00bb.<\/p>\n<p>\u00abEl PSOE dir\u00e1 que somos unos ultras y en Vox que somos muy blandos\u00bb, ha dicho por su parte en rueda de prensa la vicesecretaria de Coordinaci\u00f3n Sectorial del PP, Alma Ezcurra: \u00abEsto es bueno, porque la posici\u00f3n que manifestamos es<strong> la de la mayor\u00eda silenciosa de espa\u00f1oles que piden que se acaben los histrionismos y las exageraciones <\/strong>de unos y de otros\u00bb. Y es que cree que \u00abninguno aporta soluciones m\u00e1s all\u00e1 de extender una lona o levantar una valla\u00bb.<\/p>\n<p>Con todo, ha defendido en rueda de prensa que <strong>el visado por puntos permitir\u00e1 \u00abobjetivar con criterios medibles\u00bb<\/strong> y num\u00e9ricos la entrada de inmigrantes, y priorizar\u00e1 a quienes \u00abaporten m\u00e1s capacidad de integraci\u00f3n\u00bb, del conocimiento del idioma y la cultura y quienes cubran trabajos en sectores prioritarios que est\u00e1n \u00abdesiertos\u00bb; como la salud, los cuidados o la construcci\u00f3n. <\/p>\n<p><strong>\u00abSe trata de construir un modelo justo\u00bb,<\/strong> ha defendido, que premia a \u00abquien venga a aportar, a trabajar y a respetar las normas\u00bb. Un sistema, tambi\u00e9n, que tiene en cuenta no solo que el inmigrante sea responsable \u00absino tambi\u00e9n los pa\u00edses emisores\u00bb.<\/p>\n<p>As\u00ed, ha asegurado que<strong> los pa\u00edses \u00abrecibir\u00e1n m\u00e1s cooperaci\u00f3n en funci\u00f3n de lo que ellos cooperen\u00bb <\/strong>y si facilitan las repatriaciones de inmigrantes ilegales. \u00abSi el sistema funciona bien, la relaci\u00f3n se ir\u00e1 mejorando y, si no, enfriando\u00bb, ha asevereado, y ha descartado que vaya a haber sanciones. Adem\u00e1s, ha dicho a preguntas de los periodistas que no hay <strong>ning\u00fan problema con Marruecos<\/strong> y que un marroqu\u00ed podr\u00e1 llegar a Espa\u00f1a al igual que cualquier otro siempre que cumpla con los requisitos anteriormente mencionados.<\/p>\n<p>Ha defendido apostar por la <strong>cercan\u00eda de la inmigraci\u00f3n hispanoamericana<\/strong>, dado que \u00abtenemos v\u00ednculos hist\u00f3ricos y culturales\u00bb con sus pa\u00edses y sus nacionales \u00abse integran de manera m\u00e1s f\u00e1cil\u00bb, pero ha asegurado que \u00abapostar por la cercan\u00eda no significa uniformidad\u00bb.<\/p>\n<p>Ayuso dice que la inmigraci\u00f3n hispana \u00abno es inmigraci\u00f3n\u00bb<\/p>\n<p>La presidenta madrile\u00f1a, Isabel D\u00edaz Ayuso, ha asegurado este lunes que \u00abla inmigraci\u00f3n hispana no es inmigraci\u00f3n\u00bb. \u00abUn argentino o un venezolano en Madrid no es un inmigrante. Ser\u00e1 por una cuesti\u00f3n legal de papeles, pero no lo es, a ning\u00fan efecto\u00bb, ha dicho en Telecinco.<\/p>\n<p>Al respecto, Ezcurra ha dicho \u00abrespetar mucho\u00bb lo que diga Ayuso, pero ha recalcado que la inmigraci\u00f3n es lo que dice el Pacto de Inmigraci\u00f3n y Asilo de la UE. \u00abLas personas provenientes de naciones extracomunitarias<strong> son considerados inmigrantes a efectos legales, aunque ella considere que es una inmigraci\u00f3n hermana<\/strong>\u00ab, ha sentenciado.<\/p>\n<p>Con todo, la &#8216;popular&#8217; ha asegurado que, \u00absi algo ha demostrado el fracaso de las pol\u00edticas buenistas\u00bb del Gobierno, \u00abes que la integraci\u00f3n no es un tr\u00e1mite\u00bb sino \u00abel resultado de un proceso\u00bb. <\/p>\n<p>Vox cree que el visado es \u00abun parip\u00e9\u00bb para copiar a su partido<\/p>\n<p>El portavoz nacional de Vox, Jos\u00e9 Antonio Fuster, cree que el Partido Popular \u00abha hecho este fin de semana\u00bb en Murcia \u00abun parip\u00e9 para intentar copiar el discurso de Vox\u00bb y ha dicho que, mientras el PP habla de \u00abgestionar la inmigraci\u00f3n\u00bb, la realidad es que <strong>el Partido Popular \u00abya solamente sabe gestionar la estafa a sus votantes\u00bb.<\/strong><\/p>\n<p>El PP, ha dicho, \u00abse vuelve a unir a los socialistas y a sus secuaces en la <strong>demonizaci\u00f3n de Vox con mentiras y manipulaciones<\/strong> (&#8230;) es apenas una copia de la CDU alemana. Esa que en campa\u00f1a prometi\u00f3 cerrar fronteras y 24 horas despu\u00e9s de ganar de aquella manera las elecciones incumpli\u00f3 todo lo prometido\u00bb.<\/p>\n<p>As\u00ed, cree que lo que ha cambiado para que el PP \u00abescenifique y se lance de nuevo a estafar a sus potenciales votantes\u00bb son<strong> \u00ablas encuestas <\/strong>que dicen, por ejemplo, que el 80% de los espa\u00f1oles quieren que se vayan todos los inmigrantes ilegales y todos los legales que cometan un solo delito\u00bb. \u00abEn Vox no cambiamos nuestro discurso seg\u00fan lo que digan las encuestas\u00bb, ha zanjado. <\/p>\n<p>Con todo, ha considerado que <strong>\u00abno hace ninguna falta\u00bb un visado por punto<\/strong>s y ha dicho estar \u00aba favor de que cualquier inmigrante ilegal sea expulsado y que cualquier inmigrante legal que cometa un solo delito no tenga ninguna posibilidad en Espa\u00f1a\u00bb. As\u00ed, ha recalcado que basta un solo delito, cualquiera. Feij\u00f3o plantea expulsar a quien cometa un delito grave o reincida en cometer delitos leves.<\/p>\n","protected":false},"excerpt":{"rendered":"El PP defiende que su modelo migratorio es \u00abjusto\u00bb frente al \u00abdescontrol\u00bb del Gobierno y la \u00abdivisi\u00f3n\u00bb que&hellip;\n","protected":false},"author":2,"featured_media":146480,"comment_status":"","ping_status":"","sticky":false,"template":"","format":"standard","meta":{"footnotes":""},"categories":[8],"tags":[17,18,25,24,13,14,11,19,20,9,10,15,16,23,12,21,22],"class_list":{"0":"post-146479","1":"post","2":"type-post","3":"status-publish","4":"format-standard","5":"has-post-thumbnail","7":"category-espana","8":"tag-breaking-news","9":"tag-breakingnews","10":"tag-es","11":"tag-espana","12":"tag-featured-news","13":"tag-featurednews","14":"tag-headlines","15":"tag-latest-news","16":"tag-latestnews","17":"tag-news","18":"tag-noticias","19":"tag-noticias-destacadas","20":"tag-noticiasdestacadas","21":"tag-spain","22":"tag-titulares","23":"tag-ultimas-noticias","24":"tag-ultimasnoticias"},"share_on_mastodon":{"url":"","error":""},"_links":{"self":[{"href":"https:\/\/www.europesays.com\/es\/wp-json\/wp\/v2\/posts\/146479","targetHints":{"allow":["GET"]}}],"collection":[{"href":"https:\/\/www.europesays.com\/es\/wp-json\/wp\/v2\/posts"}],"about":[{"href":"https:\/\/www.europesays.com\/es\/wp-json\/wp\/v2\/types\/post"}],"author":[{"embeddable":true,"href":"https:\/\/www.europesays.com\/es\/wp-json\/wp\/v2\/users\/2"}],"replies":[{"embeddable":true,"href":"https:\/\/www.europesays.com\/es\/wp-json\/wp\/v2\/comments?post=146479"}],"version-history":[{"count":0,"href":"https:\/\/www.europesays.com\/es\/wp-json\/wp\/v2\/posts\/146479\/revisions"}],"wp:featuredmedia":[{"embeddable":true,"href":"https:\/\/www.europesays.com\/es\/wp-json\/wp\/v2\/media\/146480"}],"wp:attachment":[{"href":"https:\/\/www.europesays.com\/es\/wp-json\/wp\/v2\/media?parent=146479"}],"wp:term":[{"taxonomy":"category","embeddable":true,"href":"https:\/\/www.europesays.com\/es\/wp-json\/wp\/v2\/categories?post=146479"},{"taxonomy":"post_tag","embeddable":true,"href":"https:\/\/www.europesays.com\/es\/wp-json\/wp\/v2\/tags?post=146479"}],"curies":[{"name":"wp","href":"https:\/\/api.w.org\/{rel}","templated":true}]}}