{"id":146481,"date":"2025-09-29T12:58:09","date_gmt":"2025-09-29T12:58:09","guid":{"rendered":"https:\/\/www.europesays.com\/es\/146481\/"},"modified":"2025-09-29T12:58:09","modified_gmt":"2025-09-29T12:58:09","slug":"albares-promueve-en-mondiacult-la-recuperacion-del-patrimonio-danado-por-la-agresion-rusa-a-ucrania","status":"publish","type":"post","link":"https:\/\/www.europesays.com\/es\/146481\/","title":{"rendered":"Albares promueve en Mondiacult la recuperaci\u00f3n del patrimonio da\u00f1ado por la agresi\u00f3n rusa a Ucrania"},"content":{"rendered":"<p class=\"main-image\">&#13;<br \/>\n                     &#13;<br \/>\n                        &#13;<br \/>\n                        <img decoding=\"async\" alt=\"El ministro Albares, en la inauguraci\u00f3n de la Conferencia de la UNESCO Mondiacult 2025\" title=\"El ministro Albares, en la inauguraci\u00f3n de la Conferencia de la UNESCO Mondiacult 2025\" src=\"https:\/\/www.europesays.com\/es\/wp-content\/uploads\/2025\/09\/290925-albares-mondiacult-patrimonio-ucrania.jpg\"\/>&#13;<br \/>\n                        \u200bEl ministro de Asuntos Exteriores, Uni\u00f3n Europea y Cooperaci\u00f3n, Jos\u00e9 Manuel Albares Bueno, en la inauguraci\u00f3n de la Conferencia de la UNESCO Mondiacult 2025, en Barcelona.&#13;<br \/>\n                    &#13;\n                <\/p>\n<p>El ministro de Asuntos Exteriores, Uni\u00f3n Europea y Cooperaci\u00f3n, Jos\u00e9 Manuel Albares Bueno, particip\u00f3 en la inauguraci\u00f3n de la Conferencia de la UNESCO Mondiacult 2025, en Barcelona, donde reivindic\u00f3 la preservaci\u00f3n de la cultura \u00abcomo forma de defender la libertad, la humanidad y la paz, frente a la violencia y las sociedades cerradas\u00bb.<\/p>\n<p>En su intervenci\u00f3n inaugural junto al <a href=\"https:\/\/www.lamoncloa.gob.es\/presidente\/actividades\/Paginas\/2025\/290925-sanchez-inauguracion-mondiacult.aspx\" onclick=\"javascript:GoogleTrackEvent(&#039;True&#039;,&#039;Contenido&#039;,&#039;Click&#039;,&#039;[https:\/\/www.lamoncloa.gob.es\/serviciosdeprensa\/notasprensa\/exteriores\/paginas\/2025\/290925-albares-mondiacult-patrimonio-ucrania.aspx] presidente del Gobierno, Pedro S\u00e1nchez. [\/presidente\/actividades\/Paginas\/2025\/290925-sanchez-inauguracion-mondiacult.aspx]&#039;);\" rel=\"nofollow noopener\" target=\"_blank\">presidente del Gobierno, Pedro S\u00e1nchez<\/a>; el director general adjunto de la UNESCO, Ernesto Renato Ottone; <a href=\"https:\/\/www.lamoncloa.gob.es\/serviciosdeprensa\/notasprensa\/cultura\/Paginas\/2025\/290925-inauguracion-mondiacult.aspx\" onclick=\"javascript:GoogleTrackEvent(&#039;True&#039;,&#039;Contenido&#039;,&#039;Click&#039;,&#039;[https:\/\/www.lamoncloa.gob.es\/serviciosdeprensa\/notasprensa\/exteriores\/paginas\/2025\/290925-albares-mondiacult-patrimonio-ucrania.aspx] el ministro de Cultura, Ernest Urtasun,. [\/serviciosdeprensa\/notasprensa\/cultura\/Paginas\/2025\/290925-inauguracion-mondiacult.aspx]&#039;);\" rel=\"nofollow noopener\" target=\"_blank\">el ministro de Cultura, Ernest Urtasun,<\/a> y otras autoridades, el titular de Exteriores destac\u00f3 el proyecto del hub Cultura, Paz y Resiliencia en Lviv financiado por la Agencia Espa\u00f1ola de Cooperaci\u00f3n Internacional para el Desarrollo (AECID) y presentado en el side event \u00abLviv Culture Hub\u00bb, el cual est\u00e1 dedicado a la restauraci\u00f3n de bienes culturales da\u00f1ados por la agresi\u00f3n rusa a Ucrania, as\u00ed como a la formaci\u00f3n de gestores y la recuperaci\u00f3n del tejido cultural del pa\u00eds.<\/p>\n<p>Albares apunt\u00f3 al enfoque de derechos que Exteriores aplica con la nueva Estrategia de Cultura y Desarrollo de la AECID, la cual ser\u00e1 presentada en un evento durante el Mondiacult 2025, \u00abporque la cultura no es un complemento del desarrollo, sino es un derecho humano fundamental y un motor para un crecimiento justo y equitativo\u00bb.<\/p>\n<p>Como parte de la contribuci\u00f3n de Exteriores a la Conferencia, que tiene lugar entre el 29 de septiembre y el 1 de octubre, la AECID desarrollar\u00e1 tambi\u00e9n los eventos \u00abContribuciones de Iberoam\u00e9rica a la Agenda Global\u00bb, junto a la OEI, y la \u00abEconom\u00eda creativa: por una financiaci\u00f3n eficaz para el desarrollo y los derechos culturales en la era digital\u00bb, junto a la SEGIB.<\/p>\n<p>Relevancia estrat\u00e9gica de la cultura<\/p>\n<p>En su intervenci\u00f3n inaugural, el ministro subray\u00f3 la relevancia estrat\u00e9gica de la cultura para las relaciones internacionales y para la construcci\u00f3n de la gobernanza global. \u00abSin cultura no puede haber di\u00e1logo; sin di\u00e1logo, no hay esperanza para superar los desaf\u00edos ni los conflictos que enfrentamos\u00bb, afirm\u00f3 Albares.<\/p>\n<p>El ministro aludi\u00f3 al compromiso de Espa\u00f1a con el multilateralismo, acogiendo esta reuni\u00f3n abierta a 193 pa\u00edses. Adem\u00e1s, resalt\u00f3 la llamada a la acci\u00f3n de la Declaraci\u00f3n de M\u00e9xico de 2022, \u00faltima sede de la Conferencia, defendiendo que \u00abla cultura es un bien p\u00fablico mundial que es preciso preservar, potenciar e impulsar transversalmente en las metas de la agenda global del futuro\u00bb.<\/p>\n<p>Primera celebraci\u00f3n fuera de M\u00e9xico<\/p>\n<p>Tras la candidatura presentada por Albares y el entonces ministro de Cultura, Miquel Iceta, Espa\u00f1a coge el testigo de M\u00e9xico, que fue el pa\u00eds anfitri\u00f3n de las conferencias de Mondiacult de 1982 y 2022. Ya en 1982 Espa\u00f1a ostent\u00f3 la vicepresidencia de la Conferencia, y \u00abmarc\u00f3 el inicio de una colaboraci\u00f3n que ha madurado a lo largo de d\u00e9cadas\u00bb, seg\u00fan el ministro. Es la primera vez que la Conferencia Mondiacult se celebra fuera de M\u00e9xico, lo que Albares define como \u00abun s\u00edmbolo de continuidad y de confianza\u00bb que Espa\u00f1a asume \u00abcon gran orgullo y gran sentido de la responsabilidad\u00bb.<\/p>\n<p>El ministro destac\u00f3 en su intervenci\u00f3n en el plenario que la Declaraci\u00f3n de 1982 y la de 2022 son los cimientos sobre los que se desarrollar\u00e1 la Conferencia de Mondiacult 2025, el principal encuentro internacional sobre pol\u00edticas culturales, donde se trabajar\u00e1 para que \u00abla cultura sea, de forma medible y verificable, un pilar del desarrollo justo, pac\u00edfico y sostenible\u00bb.<\/p>\n","protected":false},"excerpt":{"rendered":"&#13; &#13; &#13; &#13; \u200bEl ministro de Asuntos Exteriores, Uni\u00f3n Europea y Cooperaci\u00f3n, Jos\u00e9 Manuel Albares Bueno, en&hellip;\n","protected":false},"author":2,"featured_media":146482,"comment_status":"","ping_status":"","sticky":false,"template":"","format":"standard","meta":{"footnotes":""},"categories":[5],"tags":[17,18,25,24,13,14,11,19,20,9,10,15,16,23,12,21,22],"class_list":{"0":"post-146481","1":"post","2":"type-post","3":"status-publish","4":"format-standard","5":"has-post-thumbnail","7":"category-titulares","8":"tag-breaking-news","9":"tag-breakingnews","10":"tag-es","11":"tag-espana","12":"tag-featured-news","13":"tag-featurednews","14":"tag-headlines","15":"tag-latest-news","16":"tag-latestnews","17":"tag-news","18":"tag-noticias","19":"tag-noticias-destacadas","20":"tag-noticiasdestacadas","21":"tag-spain","22":"tag-titulares","23":"tag-ultimas-noticias","24":"tag-ultimasnoticias"},"share_on_mastodon":{"url":"","error":""},"_links":{"self":[{"href":"https:\/\/www.europesays.com\/es\/wp-json\/wp\/v2\/posts\/146481","targetHints":{"allow":["GET"]}}],"collection":[{"href":"https:\/\/www.europesays.com\/es\/wp-json\/wp\/v2\/posts"}],"about":[{"href":"https:\/\/www.europesays.com\/es\/wp-json\/wp\/v2\/types\/post"}],"author":[{"embeddable":true,"href":"https:\/\/www.europesays.com\/es\/wp-json\/wp\/v2\/users\/2"}],"replies":[{"embeddable":true,"href":"https:\/\/www.europesays.com\/es\/wp-json\/wp\/v2\/comments?post=146481"}],"version-history":[{"count":0,"href":"https:\/\/www.europesays.com\/es\/wp-json\/wp\/v2\/posts\/146481\/revisions"}],"wp:featuredmedia":[{"embeddable":true,"href":"https:\/\/www.europesays.com\/es\/wp-json\/wp\/v2\/media\/146482"}],"wp:attachment":[{"href":"https:\/\/www.europesays.com\/es\/wp-json\/wp\/v2\/media?parent=146481"}],"wp:term":[{"taxonomy":"category","embeddable":true,"href":"https:\/\/www.europesays.com\/es\/wp-json\/wp\/v2\/categories?post=146481"},{"taxonomy":"post_tag","embeddable":true,"href":"https:\/\/www.europesays.com\/es\/wp-json\/wp\/v2\/tags?post=146481"}],"curies":[{"name":"wp","href":"https:\/\/api.w.org\/{rel}","templated":true}]}}