{"id":146517,"date":"2025-09-29T13:21:17","date_gmt":"2025-09-29T13:21:17","guid":{"rendered":"https:\/\/www.europesays.com\/es\/146517\/"},"modified":"2025-09-29T13:21:17","modified_gmt":"2025-09-29T13:21:17","slug":"rectificacion-de-la-secretaria-de-gobierno-del-tribunal-en-collado-villalba-sobre-la-modificacion-del-regimen-de-presentacion-de-copias-en-demandas-civiles-en-papel-icam","status":"publish","type":"post","link":"https:\/\/www.europesays.com\/es\/146517\/","title":{"rendered":"Rectificaci\u00f3n de la Secretar\u00eda de Gobierno del Tribunal en Collado Villalba sobre la modificaci\u00f3n del r\u00e9gimen de presentaci\u00f3n de copias en demandas civiles en papel &#8211; ICAM"},"content":{"rendered":"<p>La Direcci\u00f3n de la Secretar\u00eda de Gobierno del Tribunal en Collado Villalba ha emitido una <a href=\"https:\/\/web.icam.es\/modificacion-del-regimen-de-presentacion-de-copias-en-demandas-civiles-en-papel-en-collado-villalba\/\" target=\"_blank\" rel=\"noreferrer noopener nofollow\">rectificaci\u00f3n al acuerdo del pasado 23 de septiembre<\/a> relativo al r\u00e9gimen de presentaci\u00f3n de copias de demandas civiles en papel. La principal novedad de este nuevo pronunciamiento es que la obligaci\u00f3n de aportar copias f\u00edsicas de las demandas solo se exigir\u00e1 cuando los demandados sean personas f\u00edsicas, quedando exentas las personas jur\u00eddicas.<\/p>\n<p>A partir del 1 de octubre de 2025, las demandas deber\u00e1n seguir present\u00e1ndose telem\u00e1ticamente a trav\u00e9s de la plataforma LEXNET, como hasta ahora. Sin embargo, en el plazo de cinco d\u00edas h\u00e1biles desde la presentaci\u00f3n, el procurador o presentante \u00fanicamente deber\u00e1 entregar en papel tantas copias como demandados haya, y \u00fanicamente en los casos en que estos sean personas f\u00edsicas.<\/p>\n<p>Para las demandas y escritos presentados directamente en papel por particulares, se mantiene el procedimiento habitual de escaneo, registro y reparto por parte de la Oficina de Registro y Reparto.<\/p>\n<p>Este cambio responde a la modificaci\u00f3n de la Ley de Enjuiciamiento Civil introducida por el Real Decreto-ley 6\/2023 de 19 de diciembre, as\u00ed como al acuerdo del Secretario de Gobierno del Tribunal Superior de Justicia de Madrid de 22 de julio de 2024.<\/p>\n<p>Con esta rectificaci\u00f3n, se aclara el alcance de una obligaci\u00f3n que en el acuerdo original se hab\u00eda previsto para todos los supuestos de demanda, evitando as\u00ed cargas innecesarias en los procesos contra personas jur\u00eddicas.<\/p>\n","protected":false},"excerpt":{"rendered":"La Direcci\u00f3n de la Secretar\u00eda de Gobierno del Tribunal en Collado Villalba ha emitido una rectificaci\u00f3n al acuerdo&hellip;\n","protected":false},"author":2,"featured_media":146518,"comment_status":"","ping_status":"","sticky":false,"template":"","format":"standard","meta":{"footnotes":""},"categories":[5],"tags":[17,18,25,24,13,14,11,19,20,9,10,15,16,23,12,21,22],"class_list":{"0":"post-146517","1":"post","2":"type-post","3":"status-publish","4":"format-standard","5":"has-post-thumbnail","7":"category-titulares","8":"tag-breaking-news","9":"tag-breakingnews","10":"tag-es","11":"tag-espana","12":"tag-featured-news","13":"tag-featurednews","14":"tag-headlines","15":"tag-latest-news","16":"tag-latestnews","17":"tag-news","18":"tag-noticias","19":"tag-noticias-destacadas","20":"tag-noticiasdestacadas","21":"tag-spain","22":"tag-titulares","23":"tag-ultimas-noticias","24":"tag-ultimasnoticias"},"share_on_mastodon":{"url":"","error":""},"_links":{"self":[{"href":"https:\/\/www.europesays.com\/es\/wp-json\/wp\/v2\/posts\/146517","targetHints":{"allow":["GET"]}}],"collection":[{"href":"https:\/\/www.europesays.com\/es\/wp-json\/wp\/v2\/posts"}],"about":[{"href":"https:\/\/www.europesays.com\/es\/wp-json\/wp\/v2\/types\/post"}],"author":[{"embeddable":true,"href":"https:\/\/www.europesays.com\/es\/wp-json\/wp\/v2\/users\/2"}],"replies":[{"embeddable":true,"href":"https:\/\/www.europesays.com\/es\/wp-json\/wp\/v2\/comments?post=146517"}],"version-history":[{"count":0,"href":"https:\/\/www.europesays.com\/es\/wp-json\/wp\/v2\/posts\/146517\/revisions"}],"wp:featuredmedia":[{"embeddable":true,"href":"https:\/\/www.europesays.com\/es\/wp-json\/wp\/v2\/media\/146518"}],"wp:attachment":[{"href":"https:\/\/www.europesays.com\/es\/wp-json\/wp\/v2\/media?parent=146517"}],"wp:term":[{"taxonomy":"category","embeddable":true,"href":"https:\/\/www.europesays.com\/es\/wp-json\/wp\/v2\/categories?post=146517"},{"taxonomy":"post_tag","embeddable":true,"href":"https:\/\/www.europesays.com\/es\/wp-json\/wp\/v2\/tags?post=146517"}],"curies":[{"name":"wp","href":"https:\/\/api.w.org\/{rel}","templated":true}]}}