{"id":146519,"date":"2025-09-29T13:22:13","date_gmt":"2025-09-29T13:22:13","guid":{"rendered":"https:\/\/www.europesays.com\/es\/146519\/"},"modified":"2025-09-29T13:22:13","modified_gmt":"2025-09-29T13:22:13","slug":"maria-omullony-y-elba-alvarez-convocadas-para-el-inicio-de-la-fase-clasificatoria-para-el-europeo-2026","status":"publish","type":"post","link":"https:\/\/www.europesays.com\/es\/146519\/","title":{"rendered":"Mar\u00eda O&#8217;Mullony y Elba \u00c1lvarez, convocadas para el inicio de la fase clasificatoria para el Europeo 2026"},"content":{"rendered":"<p class=\"ft-text\"><strong>Mar\u00eda Prieto O&#8217;Mullony y Elba \u00c1lvarez <\/strong>ser\u00e1n parte de la<strong> selecci\u00f3n espa\u00f1ola femenina <\/strong>de balonmano que afrontar\u00e1 los dos primeros encuentros de la fase clasificatoria del <strong>Campeonato de Europa de balonmano femenino 2026 <\/strong>tras ser ambas convocadas por el entrenador <strong>Ambros Mart\u00edn<\/strong>, que sigue apostando por las canteranas del <strong>Balonmano Zamora <\/strong>tras contar con ellas en los \u00faltimos amistosos de \u00abLas Guerreras\u00bb jugados ante <strong>Eslovaquia.<\/strong><\/p>\n<p class=\"ft-text\">Omu, que est\u00e1 ofreciendo un sobresaliente desempe\u00f1o en Polonia de la mano del<strong> MKS Funfloor Lublin,<\/strong> y Elba, pieza central del <strong>Super Amara Bera Bera<\/strong> de la Liga Guerreras Iberdrola, repiten as\u00ed en las filas de un bloque compuesto por 17 jugadoras que arrancar\u00e1 su clasificaci\u00f3n frente a Grecia el pr\u00f3ximo <strong>16 de octubre en el Pabell\u00f3n Polideportivo de Puerto Segunto<\/strong> siendo Grecia el rival a batir en \u00abel OVNI\u00bb. Un duelo al que seguir\u00e1, tres d\u00edas despu\u00e9s (domingo 19), un segundo envite; esta vez, fuera de casa en el <strong>Gropass Arena Bratislava donde Espa\u00f1a se medir\u00e1 con Israel.<\/strong><\/p>\n<p class=\"ft-text\">Espa\u00f1a, con las<strong> dos canteranas del Balonmano Zamora <\/strong>como piezas importantes de su plantel, afrontan una dura clasificaci\u00f3n para el torneo europeo encuadradas en el Grupo 6 que completa, adem\u00e1s de las mencionadas selecciones de Espa\u00f1a, Israel y Grecia, el combinado de Austria, el rival m\u00e1s potente para<strong> \u00ablas Guerreras\u00bb.<\/strong><\/p>\n","protected":false},"excerpt":{"rendered":"Mar\u00eda Prieto O&#8217;Mullony y Elba \u00c1lvarez ser\u00e1n parte de la selecci\u00f3n espa\u00f1ola femenina de balonmano que afrontar\u00e1 los&hellip;\n","protected":false},"author":2,"featured_media":146520,"comment_status":"","ping_status":"","sticky":false,"template":"","format":"standard","meta":{"footnotes":""},"categories":[278],"tags":[4458,376,4616,45002,168,45001,45003,25,24,2023,3367,375,74,1932,45000,23,167],"class_list":{"0":"post-146519","1":"post","2":"type-post","3":"status-publish","4":"format-standard","5":"has-post-thumbnail","7":"category-balonmano","8":"tag-alvarez","9":"tag-balonmano","10":"tag-clasificacion","11":"tag-convocadas","12":"tag-deportes","13":"tag-elba","14":"tag-elba-alvarez","15":"tag-es","16":"tag-espana","17":"tag-grecia","18":"tag-guerreras","19":"tag-handball","20":"tag-israel","21":"tag-maria","22":"tag-omullony","23":"tag-spain","24":"tag-sports"},"share_on_mastodon":{"url":"","error":""},"_links":{"self":[{"href":"https:\/\/www.europesays.com\/es\/wp-json\/wp\/v2\/posts\/146519","targetHints":{"allow":["GET"]}}],"collection":[{"href":"https:\/\/www.europesays.com\/es\/wp-json\/wp\/v2\/posts"}],"about":[{"href":"https:\/\/www.europesays.com\/es\/wp-json\/wp\/v2\/types\/post"}],"author":[{"embeddable":true,"href":"https:\/\/www.europesays.com\/es\/wp-json\/wp\/v2\/users\/2"}],"replies":[{"embeddable":true,"href":"https:\/\/www.europesays.com\/es\/wp-json\/wp\/v2\/comments?post=146519"}],"version-history":[{"count":0,"href":"https:\/\/www.europesays.com\/es\/wp-json\/wp\/v2\/posts\/146519\/revisions"}],"wp:featuredmedia":[{"embeddable":true,"href":"https:\/\/www.europesays.com\/es\/wp-json\/wp\/v2\/media\/146520"}],"wp:attachment":[{"href":"https:\/\/www.europesays.com\/es\/wp-json\/wp\/v2\/media?parent=146519"}],"wp:term":[{"taxonomy":"category","embeddable":true,"href":"https:\/\/www.europesays.com\/es\/wp-json\/wp\/v2\/categories?post=146519"},{"taxonomy":"post_tag","embeddable":true,"href":"https:\/\/www.europesays.com\/es\/wp-json\/wp\/v2\/tags?post=146519"}],"curies":[{"name":"wp","href":"https:\/\/api.w.org\/{rel}","templated":true}]}}