{"id":146539,"date":"2025-09-29T13:35:09","date_gmt":"2025-09-29T13:35:09","guid":{"rendered":"https:\/\/www.europesays.com\/es\/146539\/"},"modified":"2025-09-29T13:35:09","modified_gmt":"2025-09-29T13:35:09","slug":"rock-imperium-festival-informa-de-detalles-interesantes","status":"publish","type":"post","link":"https:\/\/www.europesays.com\/es\/146539\/","title":{"rendered":"ROCK IMPERIUM FESTIVAL informa de detalles interesantes"},"content":{"rendered":"<p>\u00a0<\/p>\n<p>\u00a0<\/p>\n<p><strong>ROCK IMPERIUM FESTIVAL informa de detalles interesantes.<\/strong><\/p>\n<p style=\"text-align: center;\">NOTA INFORMATIVA <strong><a href=\"https:\/\/www.rockimperiumfestival.es\/es\/\" target=\"_blank\" rel=\"noopener nofollow\">ROCK IMPERIUM FESTIVAL<\/a><\/strong> 2026<\/p>\n<p><img fetchpriority=\"high\" decoding=\"async\" src=\"https:\/\/www.europesays.com\/es\/wp-content\/uploads\/2025\/09\/logo_casco_letras.jpg\" alt=\"ROCK IMPERIUM FESTIVAL\" width=\"500\" height=\"500\"\/><\/p>\n<p>Tal como indicamos en la rueda de prensa del pasado martes 23 de septiembre, quedan cinco bandas para el cierre de artistas del escenario principal. Entre estas bandas se encuentra nuestro cabeza de cartel del viernes 3 de julio, ya que el s\u00e1bado 4 ser\u00e1n IRON MAIDEN y el domingo 5 ser\u00e1n SABATON.<\/p>\n<p>No obstante para nuestro segundo escenario a\u00fan quedan bandas por anunciar y no ser\u00e1 muy diferente de lo que tuvimos en la pasada edici\u00f3n de este a\u00f1o. Este segundo escenario se instalar\u00e1 en la parte superior de la muralla en una situaci\u00f3n igual o similar a la que tuvimos en 2023 y 2024. Adem\u00e1s de esto, ambas zonas quedar\u00e1n comunicadas con vuestra escalera favorita. L\u00f3gicamente para poder encajar en el festival una producci\u00f3n tan colosal como la que requiere una banda como IRON MAIDEN se han de hacer muchos ajustes, pero no os quepa duda que el recinto funcionar\u00e1 a la perfecci\u00f3n para que est\u00e9is lo m\u00e1s c\u00f3modos posible y con un elenco de bandas espectacular.<\/p>\n<p>Muchas gracias a todos\/as por vuestro abrumador apoyo todos estos a\u00f1os, vamos a celebrar nuestro quinto aniversario por todo lo alto con la mayor y mejor edici\u00f3n del festival hasta la fecha y sobre todo, lo m\u00e1s importante, vosotros y vosotras. \u00a1Nos vemos en Rock Imperium 2026!<\/p>\n<p style=\"text-align: center;\"><strong><a href=\"https:\/\/www.rockimperiumfestival.es\/es\/\" target=\"_blank\" rel=\"noopener nofollow\">ROCK IMPERIUM FESTIVAL<\/a><\/strong> se celebrar\u00e1 los d\u00edas<strong> 3, 4 y 5 de julio de 2026 <\/strong>en el mismo recinto de otros a\u00f1os, en el <strong>Parque de la Cuesta del Batel de Cartagena, Murcia. <\/strong><\/p>\n<p><img loading=\"lazy\" decoding=\"async\" src=\"https:\/\/www.europesays.com\/es\/wp-content\/uploads\/2025\/09\/logo_casco.jpg\" alt=\"ROCK IMPERIUM FESTIVAL\" width=\"500\" height=\"500\"\/><\/p>\n<p>\u00a0<\/p>\n<p>De momento, las bandas confirmadas son:<\/p>\n<ul>\n<li><strong>IRON MAIDEN<br \/><\/strong><\/li>\n<li><strong>SABATON<br \/><\/strong><\/li>\n<li><strong>TRIVIUM<br \/><\/strong><\/li>\n<li><strong>H.E.A.T<br \/><\/strong><\/li>\n<li><strong>THE GATHERING<br \/><\/strong><\/li>\n<li><strong>QUEENSRYCHE<br \/><\/strong><\/li>\n<li><strong>LACUNA COIL<br \/><\/strong><\/li>\n<li><strong>CRIMSON GLORY<br \/><\/strong><\/li>\n<li><strong>DOGMA<br \/><\/strong><\/li>\n<li><strong>HAGANE<br \/><\/strong><\/li>\n<li><strong>TRISKEL<\/strong><\/li>\n<\/ul>\n<p>\u00a0<\/p>\n<p><img loading=\"lazy\" decoding=\"async\" src=\"https:\/\/www.europesays.com\/es\/wp-content\/uploads\/2025\/09\/primer_cartel.jpg\" alt=\"ROCK IMPERIUM \" width=\"500\" height=\"704\"\/><\/p>\n<p>\u00a0<\/p>\n<p>\u00a0<\/p>\n<p>\u00a0<\/p>\n","protected":false},"excerpt":{"rendered":"\u00a0 \u00a0 ROCK IMPERIUM FESTIVAL informa de detalles interesantes. NOTA INFORMATIVA ROCK IMPERIUM FESTIVAL 2026 Tal como indicamos&hellip;\n","protected":false},"author":2,"featured_media":146540,"comment_status":"","ping_status":"","sticky":false,"template":"","format":"standard","meta":{"footnotes":""},"categories":[170],"tags":[146,147,25,24,184,185,41749,23],"class_list":{"0":"post-146539","1":"post","2":"type-post","3":"status-publish","4":"format-standard","5":"has-post-thumbnail","7":"category-musica","8":"tag-entertainment","9":"tag-entretenimiento","10":"tag-es","11":"tag-espana","12":"tag-music","13":"tag-musica","14":"tag-rock-imperium-festival","15":"tag-spain"},"share_on_mastodon":{"url":"","error":""},"_links":{"self":[{"href":"https:\/\/www.europesays.com\/es\/wp-json\/wp\/v2\/posts\/146539","targetHints":{"allow":["GET"]}}],"collection":[{"href":"https:\/\/www.europesays.com\/es\/wp-json\/wp\/v2\/posts"}],"about":[{"href":"https:\/\/www.europesays.com\/es\/wp-json\/wp\/v2\/types\/post"}],"author":[{"embeddable":true,"href":"https:\/\/www.europesays.com\/es\/wp-json\/wp\/v2\/users\/2"}],"replies":[{"embeddable":true,"href":"https:\/\/www.europesays.com\/es\/wp-json\/wp\/v2\/comments?post=146539"}],"version-history":[{"count":0,"href":"https:\/\/www.europesays.com\/es\/wp-json\/wp\/v2\/posts\/146539\/revisions"}],"wp:featuredmedia":[{"embeddable":true,"href":"https:\/\/www.europesays.com\/es\/wp-json\/wp\/v2\/media\/146540"}],"wp:attachment":[{"href":"https:\/\/www.europesays.com\/es\/wp-json\/wp\/v2\/media?parent=146539"}],"wp:term":[{"taxonomy":"category","embeddable":true,"href":"https:\/\/www.europesays.com\/es\/wp-json\/wp\/v2\/categories?post=146539"},{"taxonomy":"post_tag","embeddable":true,"href":"https:\/\/www.europesays.com\/es\/wp-json\/wp\/v2\/tags?post=146539"}],"curies":[{"name":"wp","href":"https:\/\/api.w.org\/{rel}","templated":true}]}}