{"id":146546,"date":"2025-09-29T13:39:08","date_gmt":"2025-09-29T13:39:08","guid":{"rendered":"https:\/\/www.europesays.com\/es\/146546\/"},"modified":"2025-09-29T13:39:08","modified_gmt":"2025-09-29T13:39:08","slug":"que-asco-de-tema-no-quiero-cantarlo-nunca-mas","status":"publish","type":"post","link":"https:\/\/www.europesays.com\/es\/146546\/","title":{"rendered":"\u00abQu\u00e9 asco de tema, no quiero cantarlo nunca m\u00e1s\u00bb"},"content":{"rendered":"<p>\t\t\t\t\t\tEl canario hizo doblete en el Coliseum donde congreg\u00f3 a un total a 22.000 personas y llam\u00f3 la atenci\u00f3n en el espect\u00e1culo\u00a0del s\u00e1bado por supuestamente olvidarse la letra, cambiar otra y emitir un extra\u00f1o grito.\u00a0De acuerdo con la productora todo forma parte del show<br \/>\n\t\t\t\t\t\t\t\t\t\t\t\t<strong>29 sep 2025<\/strong> . Actualizado a las 15:15 h.\t\t\t\t\t\t<\/p>\n<p class=\"first-paragraph txt\"><strong>El cantante de m\u00fasica urbana<a class=\"link-txt\" href=\"https:\/\/www.lavozdegalicia.es\/noticia\/coruna\/2025\/09\/27\/quevedo-dominio-camaras-triunfo-musica-musicos\/00031758969553089216308.htm\" rel=\"nofollow noopener\" target=\"_blank\"> Quevedo cerr\u00f3 su paso por A Coru\u00f1a con gran \u00e9xito<\/a>, pero tambi\u00e9n pol\u00e9mica.<\/strong> Ceciarmy, un conocido influencer por sus contenidos en Instagram y TikTok, le ha dedicado su \u00faltimo post debido a varios de los momentos protagonizados por el canario durante sus conciertos en el Coliseum y que los asistentes compartieron en redes. <strong>El artista actu\u00f3 el viernes y el s\u00e1bado ante un total de 22.000 personas y de la mano de un espect\u00e1culo 360 que conquist\u00f3 a sus seguidores,<\/strong> la mayor\u00eda en la veintena.<\/p>\n<blockquote class=\"instagram-media\" data-instgrm-captioned=\"\" data-instgrm-permalink=\"https:\/\/www.instagram.com\/p\/DPJmhAECqIh\/?utm_source=ig_embed&amp;utm_campaign=loading\" data-instgrm-version=\"14\" style=\" background:#FFF; border:0; border-radius:3px; box-shadow:0 0 1px 0 rgba(0,0,0,0.5),0 1px 10px 0 rgba(0,0,0,0.15); margin: 1px; max-width:658px; min-width:326px; padding:0; width:99.375%; width:-webkit-calc(100% - 2px); width:calc(100% - 2px);\"\/>\n<p class=\"txt\">Finalizados sus dos shows<strong>, <\/strong>Cerciarmy se hizo eco de los que denomina \u00ablos momentos m\u00e1s surrealistas\u00bb de la \u00faltima actuaci\u00f3n de Quevedo en la ciudad, la del s\u00e1bado.<strong>\u00a0Aunque todas esas escenas est\u00e1n preparadas por el artista, seg\u00fan la productora, que se\u00f1ala los repite en casi todos espect\u00e1culoos, el post se hizo viral.<\/strong> En primer lugar, el influencer muestra un v\u00eddeo en el que puede verse a Quevedo\u00a0sentado sobre el escenario con m\u00f3vil en mano cuando\u00a0supuestamente se le olvida la letra del tema que est\u00e1 interpretando y suelta un curioso grito.\u00abCon el grito se le est\u00e1 yendo del todo\u00bb, escribi\u00f3 una asistente al show en TikTok, donde comparti\u00f3 el v\u00eddeo original. El artista contaba sobre el escenario con cuatro\u00a0telepr\u00f3nter, uno en cada esquina del escenario, por si su memoria fallaba por lo que la escena est\u00e1\u00a0hecha a prop\u00f3sito seg\u00fan su equipo.\u00a0<\/p>\n<p class=\"txt\">\n<p>\t\t\t\t\t\t\t\t\t\t\t\t&#13;<br \/>\n\t\t\t\t\t\t\t\t&#13;<br \/>\n&#13;<br \/>\n&#13;<\/p>\n<p>\t\t\t&#13;<br \/>\n\t&#13;<\/p>\n<p>\t\t\t<a href=\"https:\/\/www.lavozdegalicia.es\/noticia\/coruna\/2025\/09\/27\/quevedo-dominio-camaras-triunfo-musica-musicos\/00031758969553089216308.htm\" data-analytics=\"link-embed\" rel=\"nofollow noopener\" target=\"_blank\">Quevedo: el dominio de las c\u00e1maras y el triunfo de la m\u00fasica sin m\u00fasicos<\/a><\/p>\n<p class=\"a-min-author\">\n<p>\t\t\t\t\t\t\t\t\t\t\t<a href=\"https:\/\/www.lavozdegalicia.es\/firmas\/caterina-devesa\" rel=\"nofollow noopener\" target=\"_blank\"> \tCaterina Devesa<\/a><\/p>\n<p>\t&#13;<br \/>\n\t&#13;<br \/>\n&#13;<\/p>\n<p class=\"txt\">M\u00e1s all\u00e1 de ese momento, Cerciamy acompa\u00f1a su publicaci\u00f3n con otro v\u00eddeo en el que <strong>Quevedo se pone \u00aba cantar hasta el n\u00famero 13\u00bb.<\/strong> \u00abQue se acerque\u00a0la primera, la segunda, la tercera, la cuarta, la quinta, la sexta, la s\u00e9ptima, la octava, la novena, la d\u00e9cima, la und\u00e9cima, la duod\u00e9cima&#8230; la que sea\u00bb, se le escucha en el v\u00eddeo compartido\u00a0por el influencer. La pieza original la subi\u00f3 un fan del canario en TikTok escribiendo:\u00a0<strong>\u00abA Quevedo se le pira cantando <\/strong>Siete<strong>\u00bb.<\/strong><\/p>\n<p class=\"txt\">En el post tambi\u00e9n se hace referencia al<strong> cambio de letra que <a class=\"link-txt\" href=\"https:\/\/www.lavozdegalicia.es\/noticia\/coruna\/2025\/09\/26\/quevedo-hizo-girar-10000-personas-primer-concierto-coruna\/00031758904276522285936.htm\" rel=\"nofollow noopener\" target=\"_blank\">Quevedo<\/a> realiz\u00f3 en la canci\u00f3n\u00a0Qu\u00e9 asco de todo<\/strong>,<strong> algo que tambi\u00e9n hace habitualmente\u00a0a modo comedia<\/strong>.<strong>\u00a0<\/strong>\u00abQue asco de todo, porque no me hac\u00e9is caso, no veis que el show se convierte en una locura\u00bb, dice antes de entonar: \u00abQu\u00e9 asco de tema, no quiero cantarlo nunca m\u00e1s, me da un baj\u00f3n en mitad del concierto y aqu\u00ed ninguno queremos que me de un baj\u00f3n porque queremos seguir cantando y bailando\u00bb. El v\u00eddeo del momento fue compartido inicialmente en TikTok por un asistente al concierto, que\u00a0coment\u00f3\u00a0\u00abQuevedo sigue delirando\u00bb.<\/p>\n<p class=\"txt\">Otro de los momentos m\u00e1s comentados es el que ocurri\u00f3 durante el concierto del viernes cuando le dijo al c\u00e1mara que lo sigue por todo el escenario: \u00abUn poco m\u00e1s y est\u00e1s aqu\u00ed, madre m\u00eda hijo m\u00edo\u00bb, imitando la famosa frase de Ronaldo, lo que sus fans se tomarona risa. El \u00faltimo v\u00eddeo al que hace referencia el influencer es uno que titula: \u00abse pone seductor\u00bb.<strong> En \u00e9l se ve a Quevedo mirando a c\u00e1mara con unas poses un tanto extra\u00f1as.<\/strong><\/p>\n<p class=\"txt\">Los comentarios en la publicaci\u00f3n no se han hecho esperar. Mientras que algunos\u00a0<strong>fans del canario de 23 a\u00f1os apuntan a que se trata de escenas preparadas por el artista en clave de humor, otros niegan que sea la actitud habitual de Quevedo en directo y muestran su preocupaci\u00f3n.<\/strong>\u00a0En total,\u00a0Cerciarmy suma\u00a04,2 millones de seguidores en Instagram y su post sobre Quevedo en A Coru\u00f1a acumula ya m\u00e1s de 200.000 me gusta.<\/p>\n<p>&#13;<br \/>\n\tArchivado en:&#13;<br \/>\n\t\t\t\t\t<a href=\"https:\/\/www.lavozdegalicia.es\/temas\/quevedo\/\" target=\"_blank\" class=\"mg-l\" rel=\"nofollow noopener\">Quevedo<\/a>&#13;<br \/>\n\t\t\t\t\t<a href=\"https:\/\/www.lavozdegalicia.es\/temas\/conciertos\/\" target=\"_blank\" class=\"mg-l\" rel=\"nofollow noopener\">Conciertos<\/a>&#13;<br \/>\n\t\t\t\t\t<a href=\"https:\/\/www.lavozdegalicia.es\/temas\/a-coruna-ciudad\/\" target=\"_blank\" class=\"mg-l\" rel=\"nofollow noopener\">A Coru\u00f1a ciudad<\/a>&#13;<br \/>\n\t\t\t\t\t<a href=\"https:\/\/www.lavozdegalicia.es\/temas\/influencers\/\" target=\"_blank\" class=\"mg-l\" rel=\"nofollow noopener\">Influencers<\/a>&#13;<br \/>\n\t\t\t\t\t<a href=\"https:\/\/www.lavozdegalicia.es\/temas\/instagram\/\" target=\"_blank\" class=\"mg-l\" rel=\"nofollow noopener\">Instagram<\/a>&#13;<br \/>\n\t\t\t        \t&#13;<\/p>\n<p>\t\t\t\t<script async src=\"\/\/www.instagram.com\/embed.js\"><\/script><\/p>\n","protected":false},"excerpt":{"rendered":"El canario hizo doblete en el Coliseum donde congreg\u00f3 a un total a 22.000 personas y llam\u00f3 la&hellip;\n","protected":false},"author":2,"featured_media":146547,"comment_status":"","ping_status":"","sticky":false,"template":"","format":"standard","meta":{"footnotes":""},"categories":[91],"tags":[39615,229,208,146,147,25,24,2183,4536,185,14138,23,5889],"class_list":{"0":"post-146546","1":"post","2":"type-post","3":"status-publish","4":"format-standard","5":"has-post-thumbnail","7":"category-entretenimiento","8":"tag-a-coruna-ciudad","9":"tag-arte","10":"tag-conciertos","11":"tag-entertainment","12":"tag-entretenimiento","13":"tag-es","14":"tag-espana","15":"tag-influencers","16":"tag-instagram","17":"tag-musica","18":"tag-quevedo","19":"tag-spain","20":"tag-tiktok"},"share_on_mastodon":{"url":"","error":""},"_links":{"self":[{"href":"https:\/\/www.europesays.com\/es\/wp-json\/wp\/v2\/posts\/146546","targetHints":{"allow":["GET"]}}],"collection":[{"href":"https:\/\/www.europesays.com\/es\/wp-json\/wp\/v2\/posts"}],"about":[{"href":"https:\/\/www.europesays.com\/es\/wp-json\/wp\/v2\/types\/post"}],"author":[{"embeddable":true,"href":"https:\/\/www.europesays.com\/es\/wp-json\/wp\/v2\/users\/2"}],"replies":[{"embeddable":true,"href":"https:\/\/www.europesays.com\/es\/wp-json\/wp\/v2\/comments?post=146546"}],"version-history":[{"count":0,"href":"https:\/\/www.europesays.com\/es\/wp-json\/wp\/v2\/posts\/146546\/revisions"}],"wp:featuredmedia":[{"embeddable":true,"href":"https:\/\/www.europesays.com\/es\/wp-json\/wp\/v2\/media\/146547"}],"wp:attachment":[{"href":"https:\/\/www.europesays.com\/es\/wp-json\/wp\/v2\/media?parent=146546"}],"wp:term":[{"taxonomy":"category","embeddable":true,"href":"https:\/\/www.europesays.com\/es\/wp-json\/wp\/v2\/categories?post=146546"},{"taxonomy":"post_tag","embeddable":true,"href":"https:\/\/www.europesays.com\/es\/wp-json\/wp\/v2\/tags?post=146546"}],"curies":[{"name":"wp","href":"https:\/\/api.w.org\/{rel}","templated":true}]}}