{"id":146548,"date":"2025-09-29T13:40:08","date_gmt":"2025-09-29T13:40:08","guid":{"rendered":"https:\/\/www.europesays.com\/es\/146548\/"},"modified":"2025-09-29T13:40:08","modified_gmt":"2025-09-29T13:40:08","slug":"la-solucion-barata-de-apple-para-el-iphone-17-pro-scratchgate-la-sal","status":"publish","type":"post","link":"https:\/\/www.europesays.com\/es\/146548\/","title":{"rendered":"La soluci\u00f3n barata de Apple para el iPhone 17 Pro \u00abscratchgate\u00bb: la sal"},"content":{"rendered":"<p>Poco despu\u00e9s de que el\u00a0<a href=\"https:\/\/es.digitaltrends.com\/apple\/el-iphone-17-pro-y-pro-max-hacen-su-estreno-como-los-mas-potentes\/\" rel=\"nofollow noopener\" target=\"_blank\"><strong>iPhone 17 Pro<\/strong><\/a>\u00a0llegara a los estantes, aparecieron numerosas im\u00e1genes y videos en Internet que mostraban\u00a0rasgu\u00f1os en la carcasa trasera del tel\u00e9fono. Hubo una especulaci\u00f3n generalizada de que los rasgu\u00f1os se deb\u00edan al material de aluminio debajo, lo que provoca marcas de desgaste. <a href=\"https:\/\/es.digitaltrends.com\/apple\/\" rel=\"nofollow noopener\" target=\"_blank\"><strong>Apple<\/strong><\/a>, al parecer, tiene una soluci\u00f3n bastante econ\u00f3mica para evitar el feo problema.<\/p>\n<p>La soluci\u00f3n sorprendente<\/p>\n<p>Aparentemente, la soluci\u00f3n simple a los rasgu\u00f1os en las unidades de demostraci\u00f3n es la sal. \u00abEn los \u00faltimos d\u00edas, la empresa Apple se puso en contacto con los empleados de las tiendas minoristas, dici\u00e9ndoles que necesitan limpiar con m\u00e1s regularidad la parte posterior de las unidades de demostraci\u00f3n mezclando una sustancia salina con su soluci\u00f3n normal\u00bb, informa\u00a0<a rel=\"sponsored noreferrer noopener nofollow\" href=\"https:\/\/www.bloomberg.com\/news\/newsletters\/2025-09-28\/apple-s-chatgpt-rival-m5-macbook-air-new-monitor-timing-ads-coming-to-maps-mg3ne6rw?srnd=undefined\" target=\"_blank\">Bloomberg<\/a>.<\/p>\n<p>Parece que incluso si no tiene acceso a la \u00absustancia salina\u00bb y la \u00absoluci\u00f3n normal\u00bb de Apple, puede optar por la sal y el agua normales. En\u00a0<a href=\"https:\/\/9to5mac.com\/2025\/09\/28\/heres-how-apple-stores-are-combating-iphone-17-scratches\/\" rel=\"noreferrer noopener nofollow\" target=\"_blank\">9to5Mac<\/a>, Dylan McDonald experiment\u00f3 con su iPhone 17 Pro azul oscuro, e hizo un buen trabajo al cubrir las cicatrices en la parte de vidrio.<\/p>\n<p><img decoding=\"async\" data-wp-class--hide=\"state.isContentHidden\" data-wp-class--show=\"state.isContentVisible\" data-wp-init=\"callbacks.setButtonStyles\" data-wp-on-async--click=\"actions.showLightbox\" data-wp-on-async--load=\"callbacks.setButtonStyles\" data-wp-on-async-window--resize=\"callbacks.setButtonStyles\" src=\"https:\/\/www.europesays.com\/es\/wp-content\/uploads\/2025\/09\/Apple-iPhone-17-Pro-Cosmic-Orange-vs-Deep-Blue-15.png\" alt=\"\" class=\"wp-image-1080021\"  \/><\/p>\n<p>\t\tImagen utilizada con permiso del titular de los derechos de autor<\/p>\n<p>\u00abMezcl\u00e9 agua y un poco de sal marina y realmente funcion\u00f3\u00bb, escribi\u00f3. Sin embargo, desaconsejar\u00eda el experimento. La soluci\u00f3n salina puede corroer el aluminio si repite esta limpieza casera en marcas de desgaste profundas. La mejor manera de avanzar es consultar al soporte de Apple y obtener una funda protectora.<\/p>\n<p>El panorama general<\/p>\n<p>Poco despu\u00e9s de que comenzaran a llegar informes sobre un posible \u00abscratchgate\u00bb que afectara al iPhone 17 Pro, algunos compradores descubrieron que Apple hab\u00eda comenzado a cubrir los soportes MagSafe en las tiendas con un anillo de silicona. M\u00e1s tarde, Apple aclar\u00f3 que los rasgu\u00f1os eran el resultado de soportes MagSafe desgastados.<\/p>\n<blockquote class=\"h-lazy-embed\" data-width=\"500\" data-dnt=\"true\" data-initial-classes=\"twitter-tweet\" data-embed-name=\"twitter\" data-sdk-src=\"https:\/\/platform.twitter.com\/widgets.js\">\n<p lang=\"en\" dir=\"ltr\">Demo unit iPhone 17 Pro scratches on day 1\u2026 (it\u2019s not even 24 hours yet)<\/p>\n<p>Use a case immediately if you don\u2019t wait to experience this kind of issue. I\u2019m very disappointed with the quality here <a href=\"https:\/\/t.co\/zRjIQrl3zA\" rel=\"nofollow\">pic.twitter.com\/zRjIQrl3zA<\/a><\/p>\n<p>\u2014 Bradley (@VerdeSelvans) <a href=\"https:\/\/twitter.com\/VerdeSelvans\/status\/1968963202386964499?ref_src=twsrc%5Etfw\" rel=\"nofollow noopener\" target=\"_blank\">September 19, 2025<\/a><\/p><\/blockquote>\n<p>\u00abTambi\u00e9n aclara que las marcas no son rasgu\u00f1os, sino m\u00e1s bien transferencia de material del soporte al tel\u00e9fono que se puede quitar con la limpieza\u00bb, inform\u00f3 9to5Mac. Aparentemente, los soportes MagSafe desgastados por el tiempo no solo estaban desgastando el iPhone 17 Pro y el\u00a0<a href=\"https:\/\/es.digitaltrends.com\/celular\/el-iphone-air-le-copio-a-un-telefono-huawei-que-tiene-10-anos\/\" rel=\"nofollow noopener\" target=\"_blank\"><strong>iPhone Air<\/strong><\/a>, sino tambi\u00e9n los modelos m\u00e1s antiguos de la serie iPhone 16.<\/p>\n<p>No hace falta decir que si est\u00e1 comprando un iPhone 17 Pro, aseg\u00farese de verificar la superficie de su cargador MagSafe. Y para evitar que los rasgu\u00f1os arruinen el aspecto de su nuevo iPhone, col\u00f3quele una funda.\u00a0<\/p>\n","protected":false},"excerpt":{"rendered":"Poco despu\u00e9s de que el\u00a0iPhone 17 Pro\u00a0llegara a los estantes, aparecieron numerosas im\u00e1genes y videos en Internet que&hellip;\n","protected":false},"author":2,"featured_media":146549,"comment_status":"","ping_status":"","sticky":false,"template":"","format":"standard","meta":{"footnotes":""},"categories":[81],"tags":[2823,119,123,124,25,24,30567,117,121,122,23,118,120],"class_list":{"0":"post-146548","1":"post","2":"type-post","3":"status-publish","4":"format-standard","5":"has-post-thumbnail","7":"category-ciencia-y-tecnologia","8":"tag-apple","9":"tag-ciencia","10":"tag-ciencia-y-tecnologia","11":"tag-cienciaytecnologia","12":"tag-es","13":"tag-espana","14":"tag-iphone-17-pro","15":"tag-science","16":"tag-science-and-technology","17":"tag-scienceandtechnology","18":"tag-spain","19":"tag-technology","20":"tag-tecnologia"},"share_on_mastodon":{"url":"","error":""},"_links":{"self":[{"href":"https:\/\/www.europesays.com\/es\/wp-json\/wp\/v2\/posts\/146548","targetHints":{"allow":["GET"]}}],"collection":[{"href":"https:\/\/www.europesays.com\/es\/wp-json\/wp\/v2\/posts"}],"about":[{"href":"https:\/\/www.europesays.com\/es\/wp-json\/wp\/v2\/types\/post"}],"author":[{"embeddable":true,"href":"https:\/\/www.europesays.com\/es\/wp-json\/wp\/v2\/users\/2"}],"replies":[{"embeddable":true,"href":"https:\/\/www.europesays.com\/es\/wp-json\/wp\/v2\/comments?post=146548"}],"version-history":[{"count":0,"href":"https:\/\/www.europesays.com\/es\/wp-json\/wp\/v2\/posts\/146548\/revisions"}],"wp:featuredmedia":[{"embeddable":true,"href":"https:\/\/www.europesays.com\/es\/wp-json\/wp\/v2\/media\/146549"}],"wp:attachment":[{"href":"https:\/\/www.europesays.com\/es\/wp-json\/wp\/v2\/media?parent=146548"}],"wp:term":[{"taxonomy":"category","embeddable":true,"href":"https:\/\/www.europesays.com\/es\/wp-json\/wp\/v2\/categories?post=146548"},{"taxonomy":"post_tag","embeddable":true,"href":"https:\/\/www.europesays.com\/es\/wp-json\/wp\/v2\/tags?post=146548"}],"curies":[{"name":"wp","href":"https:\/\/api.w.org\/{rel}","templated":true}]}}