{"id":146555,"date":"2025-09-29T13:44:12","date_gmt":"2025-09-29T13:44:12","guid":{"rendered":"https:\/\/www.europesays.com\/es\/146555\/"},"modified":"2025-09-29T13:44:12","modified_gmt":"2025-09-29T13:44:12","slug":"la-noche-europea-de-los-investigadores-2025-en-cadiz-bate-record-con-15-000-asistentes-en-su-estreno-en-san-fernando-portal-uca","status":"publish","type":"post","link":"https:\/\/www.europesays.com\/es\/146555\/","title":{"rendered":"La Noche Europea de los Investigadores 2025 en C\u00e1diz bate r\u00e9cord con 15.000 asistentes en su estreno en San Fernando \u2013 Portal UCA"},"content":{"rendered":"<p style=\"text-align: center;\"><strong>M\u00e1s de 550 investigadores e investigadoras de la UCA acercaron su trabajo a la ciudadan\u00eda a trav\u00e9s de talleres, charlas y demostraciones en la Plaza del Rey<\/strong><\/p>\n<p>La Noche Europea de los Investigadores celebrada el pasado viernes en la Plaza del Rey de San Fernando reuni\u00f3 a unas 15.000 personas, convirti\u00e9ndose en la edici\u00f3n m\u00e1s multitudinaria desde que la Universidad de C\u00e1diz organiza este evento en la provincia. Por primera vez, la ciudad isle\u00f1a acogi\u00f3 esta cita internacional con la ciencia y la ciudadan\u00eda respondi\u00f3 de forma masiva, llenando de curiosidad, entusiasmo y participaci\u00f3n el centro urbano durante m\u00e1s de cuatro horas de actividades.<\/p>\n<p>M\u00e1s de 550 investigadores e investigadoras de la UCA, junto a personal de centros colaboradores, pusieron en marcha un amplio programa que inclu\u00eda 72 talleres y 9 microencuentros. Desde la biolog\u00eda y la medicina hasta el derecho, la historia, la f\u00edsica o las ciencias marinas, todas las \u00e1reas de conocimiento tuvieron un espacio propio para acercar sus proyectos a peque\u00f1os y mayores. La ciencia sali\u00f3 literalmente a la calle con propuestas tan atractivas como talleres para descubrir el ADN, construir c\u00e9lulas, explorar el universo o conocer los ecosistemas costeros, que se sumaron a la tradicional oferta de experimentos, charlas divulgativas y demostraciones interactivas.<\/p>\n<p>El rector de la Universidad de C\u00e1diz, Casimiro Mantell, y la alcaldesa de San Fernando, Patricia Cavada, inauguraron oficialmente la jornada junto a la delegada del Gobierno de la Junta de Andaluc\u00eda en C\u00e1diz, Mercedes Colombo, la subdelegada del Gobierno en C\u00e1diz, Blanca Flores, y otros representantes institucionales. Su presencia evidenci\u00f3 la implicaci\u00f3n y el respaldo de las administraciones a un proyecto que, adem\u00e1s de contar con la coordinaci\u00f3n de la Unidad de Cultura Cient\u00edfica y de la Innovaci\u00f3n de la UCA, forma parte del programa de la Fundaci\u00f3n Descubre y se celebra con la cofinanciaci\u00f3n de la Fundaci\u00f3n Espa\u00f1ola para la Ciencia y la Tecnolog\u00eda (FECYT) del Ministerio de Ciencia, Innovaci\u00f3n y Universidades.<\/p>\n<p>La acogida de esta edici\u00f3n super\u00f3 todas las expectativas y ha consolidado la Noche Europea de los Investigadores como el mayor evento de divulgaci\u00f3n cient\u00edfica en la provincia, un referente para despertar vocaciones, visibilizar la labor investigadora y estrechar los lazos entre la ciencia y la sociedad.<\/p>\n<p>La Universidad de C\u00e1diz agradece la entusiasta respuesta de la ciudadan\u00eda, el esfuerzo de su personal investigador y t\u00e9cnico y la colaboraci\u00f3n de las instituciones y entidades que han hecho posible que la Noche Europea de los Investigadores 2025 se convierta en una edici\u00f3n hist\u00f3rica.<\/p>\n","protected":false},"excerpt":{"rendered":"M\u00e1s de 550 investigadores e investigadoras de la UCA acercaron su trabajo a la ciudadan\u00eda a trav\u00e9s de&hellip;\n","protected":false},"author":2,"featured_media":146556,"comment_status":"","ping_status":"","sticky":false,"template":"","format":"standard","meta":{"footnotes":""},"categories":[5],"tags":[17,18,25,24,13,14,11,19,20,9,10,15,16,23,12,21,22],"class_list":{"0":"post-146555","1":"post","2":"type-post","3":"status-publish","4":"format-standard","5":"has-post-thumbnail","7":"category-titulares","8":"tag-breaking-news","9":"tag-breakingnews","10":"tag-es","11":"tag-espana","12":"tag-featured-news","13":"tag-featurednews","14":"tag-headlines","15":"tag-latest-news","16":"tag-latestnews","17":"tag-news","18":"tag-noticias","19":"tag-noticias-destacadas","20":"tag-noticiasdestacadas","21":"tag-spain","22":"tag-titulares","23":"tag-ultimas-noticias","24":"tag-ultimasnoticias"},"share_on_mastodon":{"url":"","error":""},"_links":{"self":[{"href":"https:\/\/www.europesays.com\/es\/wp-json\/wp\/v2\/posts\/146555","targetHints":{"allow":["GET"]}}],"collection":[{"href":"https:\/\/www.europesays.com\/es\/wp-json\/wp\/v2\/posts"}],"about":[{"href":"https:\/\/www.europesays.com\/es\/wp-json\/wp\/v2\/types\/post"}],"author":[{"embeddable":true,"href":"https:\/\/www.europesays.com\/es\/wp-json\/wp\/v2\/users\/2"}],"replies":[{"embeddable":true,"href":"https:\/\/www.europesays.com\/es\/wp-json\/wp\/v2\/comments?post=146555"}],"version-history":[{"count":0,"href":"https:\/\/www.europesays.com\/es\/wp-json\/wp\/v2\/posts\/146555\/revisions"}],"wp:featuredmedia":[{"embeddable":true,"href":"https:\/\/www.europesays.com\/es\/wp-json\/wp\/v2\/media\/146556"}],"wp:attachment":[{"href":"https:\/\/www.europesays.com\/es\/wp-json\/wp\/v2\/media?parent=146555"}],"wp:term":[{"taxonomy":"category","embeddable":true,"href":"https:\/\/www.europesays.com\/es\/wp-json\/wp\/v2\/categories?post=146555"},{"taxonomy":"post_tag","embeddable":true,"href":"https:\/\/www.europesays.com\/es\/wp-json\/wp\/v2\/tags?post=146555"}],"curies":[{"name":"wp","href":"https:\/\/api.w.org\/{rel}","templated":true}]}}