{"id":146559,"date":"2025-09-29T13:46:10","date_gmt":"2025-09-29T13:46:10","guid":{"rendered":"https:\/\/www.europesays.com\/es\/146559\/"},"modified":"2025-09-29T13:46:10","modified_gmt":"2025-09-29T13:46:10","slug":"el-buen-barbatriste-destaca-en-la-novillada-de-los-manos","status":"publish","type":"post","link":"https:\/\/www.europesays.com\/es\/146559\/","title":{"rendered":"El buen &#8216;Barbatriste&#8217; destaca en la novillada de Los Ma\u00f1os"},"content":{"rendered":"<p>Pasadas las 17.30 horas asom\u00f3 el pa\u00f1uelo blanco del palco presidencial para que comenzase la celebraci\u00f3n del segundo festejo del certamen de novilladas Zapato  &#8230; de Oro. Mientras tanto los seis novillos de Los Ma\u00f1os con sus curiosos nombres &#8216;Vuelaaire&#8217;, &#8216;Metroymedio&#8217;, &#8216;Cupletista&#8217;, &#8216;Saltacancelas&#8217;, &#8216;Callelarga&#8217; y &#8216;Barbatriste&#8217;, aguardaban en los chiqueros. Al igual que el d\u00eda anterior, el Arnedo Arena registr\u00f3 un tercio de entrada.<\/p>\n<p class=\"v-p\">Abr\u00eda cartel Alberto Donaire que recibi\u00f3 a la ver\u00f3nica a un ejemplar c\u00e1rdeno botinero que coloc\u00f3 bien la cara en el saludo. No acab\u00f3 de emplearse en el peto el animal y, en el cambio de tercio, Donaire firm\u00f3 un quite por tafalleras rematadas con una media abrochada. En banderillas el novillo arroll\u00f3 a Carlos Donaire que coloc\u00f3 un muy buen tercer par y acab\u00f3 desmonter\u00e1ndose. A continuaci\u00f3n de los pases de probatura, el joven riojano arm\u00f3 su actuaci\u00f3n cerca de las rayas. El novillo fue pronto, acudi\u00f3 con alegr\u00eda al cite, se quedaba colocado para el siguiente muletazo y, adem\u00e1s, tuvo emoci\u00f3n en sus embestidas. Donaire present\u00f3 la muleta con entrega y logr\u00f3 muletazos de gran belleza al natural. Se perfil\u00f3 y dej\u00f3 un pinchazo hondo efectivo. Pase\u00f3 un ap\u00e9ndice y el novillo fue aplaudido en el arrastre.<\/p>\n<p class=\"v-p\">El cuarto de la tarde fue recibido con la soltura habitual de Donaire toreando de capa y, una vez colocados los picadores en el ruedo, dej\u00f3 muy bien al novillo en la jurisdicci\u00f3n del varilarguero. El astado no hizo una gran pelea en varas, de hecho, empuj\u00f3 levemente y con un pit\u00f3n. Este ejemplar acab\u00f3 siendo muy deslucido en la muleta del calagurritano. Donaire no se amilan\u00f3 y busc\u00f3 el toreo por ambos pitones. Dej\u00f3 el enga\u00f1o puesto entre muletazos buscando que la faena tuviera continuidad pero se fue complicando ya que el novillo cada vez sal\u00eda m\u00e1s desentendido del muletazo, con la cara suelta y mirando al callej\u00f3n. Coloc\u00f3 la tizona, casi entera, al encuentro. El novillo pronto busc\u00f3 el amparo de las tablas y dobl\u00f3.<\/p>\n<p class=\"v-p\">El segundo capitulo del festejo se encontr\u00f3 con el capote de Joel Ram\u00edrez que rubric\u00f3 un recibo elegante y muy medido. No hubo mucha historia en el caballo. Ram\u00edrez comenz\u00f3 la faena de muleta toreando para el animal, sin prisa y con un toque casi imperceptible. El novillo, de nobleza encastada, acudi\u00f3 presto al cite. Falt\u00f3 orden a la hora de escoger los terrenos. Hubo un evidencia de falta de mando por parte de Ram\u00edrez que bas\u00f3 su faena por naturales y acab\u00f3 amonton\u00e1ndose en los compases finales. Pinch\u00f3 en hueso y al segundo intento dej\u00f3 una estocada arriba.<\/p>\n<p class=\"v-p\">Salt\u00f3 al ruedo del <a href=\"https:\/\/www.larioja.com\/comarcas\/arnedo\/\" title=\"Arnedo\" data-voc-vtm-id=\"in-text-traffic\" data-mrf-link=\"www.larioja.com\" rel=\"nofollow noopener\" target=\"_blank\">Arnedo <\/a>Arena el quinto, al que Joel Ram\u00edrez recogi\u00f3 en los adentros y se lo fue sacando entre las dos rayas por ver\u00f3nicas rematadas con unas chicuelinas. En el tercio de varas no hubo nada a destacar mientras que en banderillas se desmonter\u00f3 Pablo Gallego. Llegado el momento de tomar la muleta Ram\u00edrez propuso la faena casi en los medios. No acab\u00f3 de bajar la mano y falt\u00f3 suavidad a la hora de llevar la embestida. Remat\u00f3 su labor por unas ajustadas manoletinas y no anduvo certero con la tizona: tres fueron las ocasiones en las que hizo la cruz. Son\u00f3 un aviso, intent\u00f3 descabellar, volvi\u00f3 a entrar a matar y, de nuevo, cogi\u00f3 la cruceta. Son\u00f3 otro aviso. <\/p>\n<p class=\"v-p\">No se acabo de confiar Ignacio Candelas en el saludo al tercero al que en ning\u00fan momento coloc\u00f3 para entrar en el caballo. El de Los Ma\u00f1os, despu\u00e9s de recibir un quite por chicuelinas protagonizado por Alberto Donaire, tarde\u00f3 en banderillas. Candelas brind\u00f3 al p\u00fablico, acto seguido cit\u00f3 al novillo y cambi\u00f3 su trayectoria por la espalda. En el toreo en redondo le falt\u00f3 encontrar el sitio y cruzarse al pit\u00f3n contrario. El animal fue, quiz\u00e1, el que tuvo una embestida menos definida pero bien es cierto que Candelas fue el novillero que mostr\u00f3 menos oficio. Dej\u00f3 la estocada trasera y volvi\u00f3 a perfilarse.<\/p>\n<p class=\"v-p\">Tampoco hubo mucha historia en el saludo al sexto. La ovaci\u00f3n se la llev\u00f3 el picador Javier Ortiz que aguant\u00f3 el envite del novillo cuando se hab\u00eda cambiado ya el tercio. Candelas brind\u00f3 al p\u00fablico y procur\u00f3 agradar en cada una de las series. No acab\u00f3 de coger el aire al que fue el astado m\u00e1s completo de la tarde. Dio muletazos largos al natural acompa\u00f1ando la embestida de otro novillo que, como el cuarto y el quinto, si no iba tapado sal\u00eda desentendido de muleta. Entr\u00f3 a matar y fue un metisaca. El palco le dio un aviso, volvi\u00f3 a perfilarse y dej\u00f3 medio estoque tendido.<\/p>\n<p>Par\u00e9ntesis hasta el mi\u00e9rcoles<\/p>\n<p class=\"v-p\">La feria toma descanso hoy lunes y ma\u00f1ana martes. El ciclo se reiniciar\u00e1 el pr\u00f3ximo mi\u00e9rcoles para ofrecer los dos \u00faltimos festejos del serial. El mi\u00e9rcoles se lidiar\u00e1 una novillada de &#8216;El Montecillo&#8217; y el jueves hay rese\u00f1ado un encierro de &#8216;Guadalmena&#8217;.<\/p>\n","protected":false},"excerpt":{"rendered":"Pasadas las 17.30 horas asom\u00f3 el pa\u00f1uelo blanco del palco presidencial para que comenzase la celebraci\u00f3n del segundo&hellip;\n","protected":false},"author":2,"featured_media":146560,"comment_status":"","ping_status":"","sticky":false,"template":"","format":"standard","meta":{"footnotes":""},"categories":[277],"tags":[45007,5436,373,168,1072,25,24,3955,4494,23,167,374],"class_list":{"0":"post-146559","1":"post","2":"type-post","3":"status-publish","4":"format-standard","5":"has-post-thumbnail","7":"category-toreo","8":"tag-barbatriste","9":"tag-buen","10":"tag-bullfighting","11":"tag-deportes","12":"tag-destaca","13":"tag-es","14":"tag-espana","15":"tag-manos","16":"tag-novillada","17":"tag-spain","18":"tag-sports","19":"tag-toreo"},"share_on_mastodon":{"url":"","error":""},"_links":{"self":[{"href":"https:\/\/www.europesays.com\/es\/wp-json\/wp\/v2\/posts\/146559","targetHints":{"allow":["GET"]}}],"collection":[{"href":"https:\/\/www.europesays.com\/es\/wp-json\/wp\/v2\/posts"}],"about":[{"href":"https:\/\/www.europesays.com\/es\/wp-json\/wp\/v2\/types\/post"}],"author":[{"embeddable":true,"href":"https:\/\/www.europesays.com\/es\/wp-json\/wp\/v2\/users\/2"}],"replies":[{"embeddable":true,"href":"https:\/\/www.europesays.com\/es\/wp-json\/wp\/v2\/comments?post=146559"}],"version-history":[{"count":0,"href":"https:\/\/www.europesays.com\/es\/wp-json\/wp\/v2\/posts\/146559\/revisions"}],"wp:featuredmedia":[{"embeddable":true,"href":"https:\/\/www.europesays.com\/es\/wp-json\/wp\/v2\/media\/146560"}],"wp:attachment":[{"href":"https:\/\/www.europesays.com\/es\/wp-json\/wp\/v2\/media?parent=146559"}],"wp:term":[{"taxonomy":"category","embeddable":true,"href":"https:\/\/www.europesays.com\/es\/wp-json\/wp\/v2\/categories?post=146559"},{"taxonomy":"post_tag","embeddable":true,"href":"https:\/\/www.europesays.com\/es\/wp-json\/wp\/v2\/tags?post=146559"}],"curies":[{"name":"wp","href":"https:\/\/api.w.org\/{rel}","templated":true}]}}