{"id":146593,"date":"2025-09-29T14:05:08","date_gmt":"2025-09-29T14:05:08","guid":{"rendered":"https:\/\/www.europesays.com\/es\/146593\/"},"modified":"2025-09-29T14:05:08","modified_gmt":"2025-09-29T14:05:08","slug":"fallece-una-acrobata-espanola-de-27-anos-tras-caer-de-un-trapecio-durante-una-funcion-circense-en-alemania-eldiario-es","status":"publish","type":"post","link":"https:\/\/www.europesays.com\/es\/146593\/","title":{"rendered":"Fallece una acr\u00f3bata espa\u00f1ola de 27 a\u00f1os tras caer de un trapecio durante una funci\u00f3n circense en Alemania &#8211; elDiario.es"},"content":{"rendered":"<ol>\n<li><a href=\"https:\/\/news.google.com\/rss\/articles\/CBMi3AFBVV95cUxQaDZ5NG1BaTg5bFFMb1Q4WG0yTzQyVlU2d0tqNG9TUGthbTZVR2U4VmRyRURHT2JUcVY3WXdhS1l3ZG9UaDJaTnpYYzYwdFFtRWpSSmgzZUZyWHBsWXoxOU9XTFZkLVRFTjZLMW45RW1ValhOQ1B3a2JNM2Q3VDlrN1dILXhQRjRTTWMzZTk1bWNtV2tLQUxsM2paWkQ1emVWNDNFOTU3ZmwxdmlPeFE0d084c2ZNendIOUFDQVR5azBvNUFMZ3Z6czNmSHhEdENGSGtrbFFyR01FNGJD0gHiAUFVX3lxTE1oZ1lqUnRydDJZNVVVMjlXQXZIX1BCU19tRGdSU3NsbXE0LU9oVmE4YldCaW10Q1l0OXc4VzNDRkhKbGM2TDh2bjlQOVlQSUpiQ3N1YUhHLXRyRmlDS1NnM2loekVhVlpFVkR6aXRSM2hOUzBhOGVYYm40bHBFMDE0dDBCWkpnZjFjX2RsMU1lYWhMeTdpbVBaeEFYdDNJZGlfNXN6d0loNkI4UFB1NWk1TlFobmh0amhmak96aFVoTWN4OGFKSlZfUzhtc05ETG5ud1RybzUtX2R2YkExV2FvUmc?oc=5\" target=\"_blank\" rel=\"nofollow noopener\">Fallece una acr\u00f3bata espa\u00f1ola de 27 a\u00f1os tras caer de un trapecio durante una funci\u00f3n circense en Alemania<\/a>&nbsp;&nbsp;elDiario.es<\/li>\n<li><a href=\"https:\/\/news.google.com\/rss\/articles\/CBMiekFVX3lxTE5FTHdlWXlwaTVQSnd0bHh4SmlhSTRaWGVfMnBpbGtNQ3U2ZTdmbE5MYVB2SUlJXzBscDcweVF2dGdzZ3czdjlWaWQ3MjdlZEFKQkdBN2NIb1NnNVE5NzhtOVdnZElZZzJGRVRLOGNkS3dCWEhUQjVzeW930gF6QVVfeXFMT2djdTFsVzhmSFFKX3VSbHNNbFJaczNzYmJITU50MEJhTVhIVERDUmlvLWx1OWRQa0RGSXViTm5kRG53eVdOVjZPeVhGQzRaX3BkTjhIdHg3Vmd1Y25xSF80QkhDNE15ejBpRnBmQ3ZaQS1jOTBqa212b2c?oc=5\" target=\"_blank\" rel=\"nofollow noopener\">Una acr\u00f3bata espa\u00f1ola muere tras caer de un trapecio en un circo alem\u00e1n<\/a>&nbsp;&nbsp;El Mundo<\/li>\n<li><a href=\"https:\/\/news.google.com\/rss\/articles\/CBMirgFBVV95cUxPX0RKekMwMklvQUU2dF9WWVBFYUpFWmw3MGpidmw4aG9rT1dNbV9zS2hwajRhdHAyRkdheUJTUG9MUFNmRi03U1ZET1pHd0NjWnR4bWdxaWtzS1h6SGxuTkVFakRaUWQzNHFoYWZteGZERWpPbFVGMXQ2T0QxTlc0ZmxVYTY1UTJNRVd0QXNrZ1Y5RldqM2t4RHBiTC1MNXN0QWVUOWJlQWV1T29iUnfSAbMBQVVfeXFMTnV2X21hdGtfVzVrSWtuLWFva0ZBbjd0WHBHb1RWUTdXeUpnQk1jRDd1X0UwM3VuYTFzam1aMUZhblowaEQ1WVhSdmN0LTRlLXhfUV9KNEtjS0lSMEFBOVZLNk5lLXBHeGRGeWE1RDlEcG1RWVZCRFNVS1V0UUhFTmFOUkU0ZWYtYkY2SC1iSHNFQ2NHeUJVZGtScVd6TFc2M2x4RGpNTHBpVHRadlhMTS12ZE0?oc=5\" target=\"_blank\" rel=\"nofollow noopener\">Una ca\u00edda desde 5 metros y a\u00f1os de experiencia: todo lo que se sabe sobre la muerte de la acr\u00f3bata espa\u00f1ola en un circo de Alemania<\/a>&nbsp;&nbsp;El Confidencial<\/li>\n<li><a href=\"https:\/\/news.google.com\/rss\/articles\/CBMi-wFBVV95cUxQY292SzdXT2pfLTl1V05wM0JKUnlpcFpacU1CWHRiMTdzWWhXa05OSmotNXZHeUJSbFFyRjBqWGVMNkpHZzdEaUdsMXVtWmh6VThiQVR0SWF0X21WMlUtLWotem5NbFA1Y25ucEZzMUlIaDRoNzdheDdhaktkZnhZRDNtRXE4LW0ydW9GaUdnZnZVQmRWYTlaX0dyYTUtWEI4OThHQzg0dGJYTnVwdFlMOHVBTWpmWUQxZXlGdU1xUXJGdHdxeXNSSjkzbUQ0UzR5VXdlRWI3ZVJBRTFWcFd3eS1ubG45Rkt5Sm91UGtkcGpXei02NzF4NUxwc9IBlwJBVV95cUxQbFpVc2U4cTg0QW9xNzRMWVhjLUpLOXNCMEFYNW5seE1jYnpDZ0RrMjFCRVNId05xS09qeXZudlMwMDNFSnRFYVhZclJYSmVXNmduQVhTZUk1SHo4ZmhYU25aM2FaemxIWWxFUGtab1A3LUxaNHhITGpneXk4MkFWeG1DTHFBbVpWLUxZRjVHTk9PNUFORnlSc0w5a29mb1owNmFiTWppOWVrbmlsdmxxRExQTERjWjdoRk9aMmtpQW14MnR5ZlJ6eHZuQV9DazBHUDA2SWJWN05CLVJDQllfS0tYTVM5bzdlVjlidW0yWmJ3el9aVEdDQkh3a1dpdGZFX2pIYlJlRWdjbHp4a0Q2Tzc5Q0I3Tjg?oc=5\" target=\"_blank\" rel=\"nofollow noopener\">Muere una acr\u00f3bata mallorquina de 27 a\u00f1os durante una actuaci\u00f3n de trapecio en un circo en Alemania<\/a>&nbsp;&nbsp;La Voz de Galicia<\/li>\n<li><a href=\"https:\/\/news.google.com\/rss\/articles\/CBMiwgFBVV95cUxQUUNIM0FzZ0FtWG45X19tQ3hER003N2hua3VSM2JQSzdxWGFBTm9YVklxQ3hORGFsNUJ3cjI2R21YSGlIclg5QTF4V3Zzd2FFSG5NUzRmLWZtV18xMkRWRGZvTHlRbTVEY1dCQmN6VTlBdDQxekJDSmhFekhiZjN0UTRCWENsSG1HRjFhT0tzSVNjU01TMkYtTVZEa1pUTkl4LVg4N0swQ0l5bi02OG9jMC1ha0FnUjlYcHZTVzM0d08yUdIBxwFBVV95cUxOWjYtZE5tM2VYbHZQbW9RR3Q3aF9oMUNTYUY4N25VRzF5TDVUR0lQWTZPNVpNMWs0SThjTHI1TXBXQjR5OFFhWG5aMEFnaTd3ZzlxWTQ5OVFZZGRiS2s4bFFlVEZSNkZnTWVXWTlYbE1VYzBEb0FfcXo0V2Fha3hUZkJEOWhlRWdIUU5YQ2NCdXd4cVhUNGt2SkpxMmY4S0t2Qndib0VJY1h0TnRxLUNid3pmOFp5QzBLQWxUQzFjMm1faV9HaVM0?oc=5\" target=\"_blank\" rel=\"nofollow noopener\">\u00abMarina Barcel\u00f3 es la prueba de que si te mueve el amor y la pasi\u00f3n puedes llegar donde quieras\u00bb<\/a>&nbsp;&nbsp;Diario de Mallorca<\/li>\n<\/ol>\n","protected":false},"excerpt":{"rendered":"Fallece una acr\u00f3bata espa\u00f1ola de 27 a\u00f1os tras caer de un trapecio durante una funci\u00f3n circense en Alemania&nbsp;&nbsp;elDiario.es&hellip;\n","protected":false},"author":2,"featured_media":144214,"comment_status":"","ping_status":"","sticky":false,"template":"","format":"standard","meta":{"footnotes":""},"categories":[42],"tags":[17,18,13,14,11,61,62,63,64,19,20,9,10,15,16,12,21,22,65,66,67],"class_list":{"0":"post-146593","1":"post","2":"type-post","3":"status-publish","4":"format-standard","5":"has-post-thumbnail","7":"category-internacional","8":"tag-breaking-news","9":"tag-breakingnews","10":"tag-featured-news","11":"tag-featurednews","12":"tag-headlines","13":"tag-internacional","14":"tag-international","15":"tag-international-news","16":"tag-internationalnews","17":"tag-latest-news","18":"tag-latestnews","19":"tag-news","20":"tag-noticias","21":"tag-noticias-destacadas","22":"tag-noticiasdestacadas","23":"tag-titulares","24":"tag-ultimas-noticias","25":"tag-ultimasnoticias","26":"tag-world","27":"tag-world-news","28":"tag-worldnews"},"share_on_mastodon":{"url":"","error":""},"_links":{"self":[{"href":"https:\/\/www.europesays.com\/es\/wp-json\/wp\/v2\/posts\/146593","targetHints":{"allow":["GET"]}}],"collection":[{"href":"https:\/\/www.europesays.com\/es\/wp-json\/wp\/v2\/posts"}],"about":[{"href":"https:\/\/www.europesays.com\/es\/wp-json\/wp\/v2\/types\/post"}],"author":[{"embeddable":true,"href":"https:\/\/www.europesays.com\/es\/wp-json\/wp\/v2\/users\/2"}],"replies":[{"embeddable":true,"href":"https:\/\/www.europesays.com\/es\/wp-json\/wp\/v2\/comments?post=146593"}],"version-history":[{"count":0,"href":"https:\/\/www.europesays.com\/es\/wp-json\/wp\/v2\/posts\/146593\/revisions"}],"wp:featuredmedia":[{"embeddable":true,"href":"https:\/\/www.europesays.com\/es\/wp-json\/wp\/v2\/media\/144214"}],"wp:attachment":[{"href":"https:\/\/www.europesays.com\/es\/wp-json\/wp\/v2\/media?parent=146593"}],"wp:term":[{"taxonomy":"category","embeddable":true,"href":"https:\/\/www.europesays.com\/es\/wp-json\/wp\/v2\/categories?post=146593"},{"taxonomy":"post_tag","embeddable":true,"href":"https:\/\/www.europesays.com\/es\/wp-json\/wp\/v2\/tags?post=146593"}],"curies":[{"name":"wp","href":"https:\/\/api.w.org\/{rel}","templated":true}]}}