{"id":146613,"date":"2025-09-29T14:18:16","date_gmt":"2025-09-29T14:18:16","guid":{"rendered":"https:\/\/www.europesays.com\/es\/146613\/"},"modified":"2025-09-29T14:18:16","modified_gmt":"2025-09-29T14:18:16","slug":"se-presenta-en-guia-el-libro-gerardo-quevedo-maestro-de-fotografos","status":"publish","type":"post","link":"https:\/\/www.europesays.com\/es\/146613\/","title":{"rendered":"Se presenta en Gu\u00eda el libro \u00abGerardo Quevedo maestro de fot\u00f3grafos\u00bb"},"content":{"rendered":"<p><strong>El autor, Sergio Aguiar Castellano, estar\u00e1 acompa\u00f1ado del historiador Juli\u00e1n Meli\u00e1n autor del pr\u00f3logo, de Jos\u00e9 Julio Quevedo hijo del biografiado y del Cronista Oficial de La Aldea, Francisco Su\u00e1rez<\/strong><\/p>\n<p style=\"text-align:justify;\">\u00a0<\/p>\n<p style=\"text-align:justify;\">La idea de publicar este estudio sobre Gerardo Quevedo Est\u00e9vez seg\u00fan el autor nace cuando su hijo Jose Julio Quevedo Gonz\u00e1lez le muestra parte del archivo fotogr\u00e1fico conservado por la familia, pues estaba trabajando en aquel momento, sobre la figura del que fuera alcalde de Gu\u00eda Rafael Almeida Mateos, abuelo de la esposa de Gerardo Quevedo, Mar\u00eda Consuelo Gonz\u00e1lez Almeida, y que fue publicado en el a\u00f1o 2023, bajo el t\u00edtulo de \u00abRafael Almeida. Memorias de un emprendedor incansable 1832-1922\u00bb, por la editorial \u00abEdigeca\u00bb, que tambi\u00e9n publica esta nueva obra.<\/p>\n<p style=\"text-align:justify;\">\u00a0<\/p>\n<p style=\"text-align:justify;\">Seg\u00fan Sergio Aguiar, \u00abal ver las fotograf\u00edas realizadas por este a lo largo de su vida y conocer su trayectoria como fot\u00f3grafo, a pesar de que fue militar de profesi\u00f3n, se jubil\u00f3 de Teniente Coronel, me pareci\u00f3 que su trabajo ten\u00eda una calidad extraordinaria y el suficiente m\u00e9rito como para que su obra y su vida tuvieran una mayor difusi\u00f3n a trav\u00e9s de un estudio biogr\u00e1fico y de una selecci\u00f3n de sus fotograf\u00edas, muchas de ellas premiadas en m\u00e1s de un encuentro o concurso fotogr\u00e1fico\u00bb.<\/p>\n<p style=\"text-align:justify;\">\u00a0<\/p>\n<p style=\"text-align:justify;\">Si a ello se le une su pasi\u00f3n por la ense\u00f1anza y su magisterio para que los m\u00e1s j\u00f3venes aprendieran el arte de la fotograf\u00eda, fue fundador de la \u00abEscuela de Artes y Oficios San Antonio\u00bb en Las Palmas; su apoyo a cert\u00e1menes y concursos, entre ellos los celebrados en Gu\u00eda en los a\u00f1os 60 y 70 del pasado siglo, y su participaci\u00f3n activa como socio fundador de la \u00abAgrupaci\u00f3n Fotogr\u00e1fica Canaria\u00bb, con m\u00e1s raz\u00f3n entendi\u00f3 el investigador, era necesario realizar el esfuerzo de dar a conocer su sobresaliente y singular obra fotogr\u00e1fica, merecedora de una mayor resonancia, divulgaci\u00f3n y publicaci\u00f3n.<\/p>\n<p style=\"text-align:justify;\">\u00a0<\/p>\n<p style=\"text-align:justify;\"><img decoding=\"async\" alt=\"[Img #32318]\" class=\"RichTextAlignCenter\" src=\"https:\/\/www.europesays.com\/es\/wp-content\/uploads\/2025\/09\/372_gerardoquevedogeno.jpeg\"\/><\/p>\n<p style=\"text-align:justify;\">\u00a0<\/p>\n<p style=\"text-align:justify;\">Otras cuestiones que animaron a Sergio Aguiar a estudiar al personaje fue que su familia paterna y materna son oriundas de municipios de la Comarca Norte de Gran Canaria, su padre natural de Arucas y su madre de Gu\u00eda de Gran Canaria, de la familia Est\u00e9vez Reina, famosa por los luchadores de la saga familiar, entre ellos el m\u00edtico \u00abPollo Reina\u00bb, y para rematar el clavo, dice Sergio Aguiar, Gerardo Quevedo naci\u00f3 en G\u00e1ldar; lo que para el autor tiene un mayor significado, ya que apuesta por dar a conocer la historia no s\u00f3lo del municipio del que es Cronista Oficial, Gu\u00eda de Gran Canaria, sino la de personajes y hechos que se han significado en la historia bien local o comarcal.<\/p>\n<p style=\"text-align:justify;\">\u00a0<\/p>\n<p style=\"text-align:justify;\">En el caso del padre de Gerardo, Manuel Quevedo Alem\u00e1n, se trata de un personaje muy relevante en la comarca norte de la isla, sobre el que gracias a su hijo, podemos adentrarnos en su vida y en su obra, tan relacionada con el mundo de las tecnolog\u00edas y la industria del az\u00facar y de los aguardientes y particularmente con el ron, no en vano trabaj\u00f3 en la f\u00e1brica de az\u00facar en Gu\u00eda en las primeras d\u00e9cadas del siglo XX y posteriormente, viaj\u00f3 a Madeira con el objeto de montar en la capital de la isla, Funchal, la maquinaria que los Leacock, propietarios de la f\u00e1brica, hab\u00edan vendido a un comerciante y banquero portugu\u00e9s, lo que hizo que la familia se trasladara a vivir a Madeira durante m\u00e1s de una d\u00e9cada.<\/p>\n<p style=\"text-align:justify;\">\u00a0<\/p>\n<p style=\"text-align:justify;\">Posteriormente fue fundador de la destiler\u00eda de La Aldea en 1936 junto a varios guienses. El estudio lleva por t\u00edtulo: \u00abRetazos de una vida, correspondiente a mi padre Manuel Quevedo Alem\u00e1n, diciembre de 2001\u00bb y se incluye en el libro.<\/p>\n<p style=\"text-align:justify;\">\u00a0<\/p>\n<p style=\"text-align:justify;\">En el caso de Gerardo, que naci\u00f3 el 7 de marzo de 1915, lleg\u00f3 a Madeira cuando ten\u00eda 4 a\u00f1os de edad, permaneciendo en la isla hasta 1935. All\u00ed estudi\u00f3 en el Liceo Jaime Moniz. Fue adem\u00e1s en Madeira donde dio sus primeros pasos en el mundo de la fotograf\u00eda de manos de su padre.<\/p>\n<p style=\"text-align:justify;\">\u00a0<\/p>\n<p style=\"text-align:justify;\">Sergio Aguiar indica que se presenta a un excepcional fot\u00f3grafo, con una obra que \u00abs\u00f3lo puedo calificar de sorprendente\u00bb bajo el t\u00edtulo de \u00abGerardo Quevedo: maestro de fot\u00f3grafos\u00bb, tal y como se le describe en un obituario publicado en el peri\u00f3dico \u00abLa Provincia\u00bb el lunes 19 de enero de 2004 cuando falleci\u00f3.<\/p>\n<p style=\"text-align:justify;\">\u00a0<\/p>\n<p style=\"text-align:justify;\">El libro adem\u00e1s de los datos biogr\u00e1ficos recoge decenas de fotograf\u00edas de Gerado Quevedo Est\u00e9vez de la comarca norte y de la mayor\u00eda de las islas canarias.<\/p>\n","protected":false},"excerpt":{"rendered":"El autor, Sergio Aguiar Castellano, estar\u00e1 acompa\u00f1ado del historiador Juli\u00e1n Meli\u00e1n autor del pr\u00f3logo, de Jos\u00e9 Julio Quevedo&hellip;\n","protected":false},"author":2,"featured_media":146614,"comment_status":"","ping_status":"","sticky":false,"template":"","format":"standard","meta":{"footnotes":""},"categories":[173],"tags":[229,233,231,230,232,234,146,147,25,24,12595,23],"class_list":{"0":"post-146613","1":"post","2":"type-post","3":"status-publish","4":"format-standard","5":"has-post-thumbnail","7":"category-arte-y-diseno","8":"tag-arte","9":"tag-arte-y-diseno","10":"tag-arts","11":"tag-arts-and-design","12":"tag-design","13":"tag-diseno","14":"tag-entertainment","15":"tag-entretenimiento","16":"tag-es","17":"tag-espana","18":"tag-informacion-del-noroeste-de-gran-canaria","19":"tag-spain"},"share_on_mastodon":{"url":"","error":""},"_links":{"self":[{"href":"https:\/\/www.europesays.com\/es\/wp-json\/wp\/v2\/posts\/146613","targetHints":{"allow":["GET"]}}],"collection":[{"href":"https:\/\/www.europesays.com\/es\/wp-json\/wp\/v2\/posts"}],"about":[{"href":"https:\/\/www.europesays.com\/es\/wp-json\/wp\/v2\/types\/post"}],"author":[{"embeddable":true,"href":"https:\/\/www.europesays.com\/es\/wp-json\/wp\/v2\/users\/2"}],"replies":[{"embeddable":true,"href":"https:\/\/www.europesays.com\/es\/wp-json\/wp\/v2\/comments?post=146613"}],"version-history":[{"count":0,"href":"https:\/\/www.europesays.com\/es\/wp-json\/wp\/v2\/posts\/146613\/revisions"}],"wp:featuredmedia":[{"embeddable":true,"href":"https:\/\/www.europesays.com\/es\/wp-json\/wp\/v2\/media\/146614"}],"wp:attachment":[{"href":"https:\/\/www.europesays.com\/es\/wp-json\/wp\/v2\/media?parent=146613"}],"wp:term":[{"taxonomy":"category","embeddable":true,"href":"https:\/\/www.europesays.com\/es\/wp-json\/wp\/v2\/categories?post=146613"},{"taxonomy":"post_tag","embeddable":true,"href":"https:\/\/www.europesays.com\/es\/wp-json\/wp\/v2\/tags?post=146613"}],"curies":[{"name":"wp","href":"https:\/\/api.w.org\/{rel}","templated":true}]}}