{"id":146621,"date":"2025-09-29T14:22:08","date_gmt":"2025-09-29T14:22:08","guid":{"rendered":"https:\/\/www.europesays.com\/es\/146621\/"},"modified":"2025-09-29T14:22:08","modified_gmt":"2025-09-29T14:22:08","slug":"falta-este-tipo-de-cine","status":"publish","type":"post","link":"https:\/\/www.europesays.com\/es\/146621\/","title":{"rendered":"Falta este tipo de cine"},"content":{"rendered":"<p class=\"c-paragraph\">Pedro Ruiz es un gran cin\u00e9filo, y a menudo comparte sus impresiones en redes sociales. Hace apenas unos d\u00edas<a href=\"https:\/\/www.20minutos.es\/cinemania\/noticias\/pedro-ruiz-opinion-arturo-perez-reverte-cautivo-amenabar-esfuerzo-resultado_6371770_0.html\" rel=\"nofollow noopener\" target=\"_blank\"> expresaba cierta decepci\u00f3n<\/a> con la nueva pel\u00edcula de <b>Alejandro Amen\u00e1bar<\/b>, que en sus palabras conten\u00eda \u00abhondura y maestr\u00eda\u00bb, aunque <a href=\"https:\/\/www.20minutos.es\/cinemania\/noticias\/perez-reverte-sentencia-amenabar-cervantes-cautivo_6241049_0.html\" rel=\"nofollow noopener\" target=\"_blank\">el resultado final le pareci\u00f3<\/a> \u00abun gran esfuerzo y un resultado menor\u00bb al narrar los a\u00f1os de cautiverio de Cervantes.<\/p>\n<p class=\"c-paragraph\">Apenas una semana despu\u00e9s, el presentador ha celebrado con entusiasmo otro estreno reciente: <b>Mi amiga Eva<\/b>, la nueva propuesta de Cesc Gay <a href=\"https:\/\/www.20minutos.es\/cinemania\/criticas\/critica-mi-amiga-eva-una-declaracion-rebeldia-clave-comedia-romantica_6326038_0.html\" rel=\"nofollow noopener\" target=\"_blank\">protagonizada por <b>Nora Navas<\/b><\/a><b>, Rodrigo de la Serna y Juan Diego Botto<\/b>. La cinta, que aborda el redescubrimiento personal en la mediana edad, ha conseguido atraer tanto a la cr\u00edtica como a miles de espectadores desde su llegada a las salas.<\/p>\n<p class=\"c-paragraph\">El propio<b> Carlos Boyero<\/b> se ha rendido a sus encantos, destacando tuvo los ojos clavados a la pantalla en todo momento. \u00ab<a title=\"Leer cr\u00edtica completa\" href=\"https:\/\/elpais.com\/cultura\/cine\/2025-09-19\/mi-amiga-eva-y-lo-que-diga-boyero.html\" target=\"_blank\" rel=\"noopener noreferrer nofollow\"><a title=\"Leer cr\u00edtica completa\" href=\"https:\/\/elpais.com\/cultura\/cine\/2025-09-19\/mi-amiga-eva-y-lo-que-diga-boyero.html\" target=\"_blank\" rel=\"noopener noreferrer nofollow\">No me distraigo en ning\u00fan momento de lo que hacen y dicen en esta pel\u00edcula. Tampoco de lo que callan. Ni puedo apartar la vista ni el o\u00eddo de la sobria y magn\u00edfica actriz que es Nora Navas\u00bb, se\u00f1al\u00f3 el cr\u00edtico,<b> sum\u00e1ndose al reconocimiento un\u00e1nime<\/b> que la prensa especializada ha dedicado a la nueva pel\u00edcula del cineasta catal\u00e1n.<\/p>\n<p>Escaparate de recomendaciones<\/p>\n<p class=\"c-paragraph\">Ruiz, por su parte, comparti\u00f3 en X su valoraci\u00f3n con un mensaje claro y entusiasta: \u00abgrandes peque\u00f1eces o peque\u00f1as grandezas. Se ve con gusto y sonrisas. <b>La mirada de Cesc es muy afinada.<\/b> Los actores muy bien. Falta este tipo de cine\u00bb. Con m\u00e1s de 60.000 seguidores, el presentador ha convertido su perfil en un escaparate de recomendaciones en el que tambi\u00e9n ha hablado en las \u00faltimas semanas de t\u00edtulos como El cautivo, El talento o Materialistas.<\/p>\n<p class=\"c-paragraph\">Pero Ruiz no es el \u00fanico rostro conocido que utiliza las redes para acercar el cine al gran p\u00fablico. <b>Arturo P\u00e9rez-Reverte <\/b>tambi\u00e9n quiso sumarse a la conversaci\u00f3n en la misma plataforma con un mensaje sobre<a href=\"https:\/\/www.20minutos.es\/cinemania\/noticias\/amenabar-entrevista-cautivo-cervantes-homosexual-querer-sobrevivir_6242639_0.html\" rel=\"nofollow noopener\" target=\"_blank\"> la \u00faltima obra de Amen\u00e1bar<\/a>: \u00abhe visto El cautivo y <a href=\"https:\/\/www.20minutos.es\/cinemania\/noticias\/amenabar-revuelta-opinion-perez-reverte-cautivo-puede-identificarse-con-eso_6311745_0.html\" rel=\"nofollow noopener\" target=\"_blank\">me parece una pel\u00edcula espl\u00e9ndida, amena, bien hecha.<\/a> Hay dos minutos pol\u00e9micos que dar\u00e1n mucho que hablar y no gustar\u00e1n a todos; pero<b> es una visi\u00f3n libre y sincera <\/b>(y muy valiente) de Alejandro Amen\u00e1bar. La recomiendo de verdad\u00bb.<\/p>\n<p class=\"c-paragraph\">La coincidencia de ambos perfiles, tan distintos y con trayectorias separadas, evidencia c\u00f3mo comunicadores y escritores est\u00e1n encontrando en sus redes sociales un espacio para recomendar pel\u00edculas, compartir opiniones sinceras y <b>fomentar la conversaci\u00f3n cultural con sus seguidores.<\/b><\/p>\n","protected":false},"excerpt":{"rendered":"Pedro Ruiz es un gran cin\u00e9filo, y a menudo comparte sus impresiones en redes sociales. Hace apenas unos&hellip;\n","protected":false},"author":2,"featured_media":146622,"comment_status":"","ping_status":"","sticky":false,"template":"","format":"standard","meta":{"footnotes":""},"categories":[169],"tags":[177,146,147,25,24,176,175,17332,1822,5106,57,23,1885],"class_list":{"0":"post-146621","1":"post","2":"type-post","3":"status-publish","4":"format-standard","5":"has-post-thumbnail","7":"category-cine","8":"tag-cine","9":"tag-entertainment","10":"tag-entretenimiento","11":"tag-es","12":"tag-espana","13":"tag-film","14":"tag-movies","15":"tag-opina","16":"tag-pedro","17":"tag-ruiz","18":"tag-sobre","19":"tag-spain","20":"tag-ultima"},"share_on_mastodon":{"url":"","error":""},"_links":{"self":[{"href":"https:\/\/www.europesays.com\/es\/wp-json\/wp\/v2\/posts\/146621","targetHints":{"allow":["GET"]}}],"collection":[{"href":"https:\/\/www.europesays.com\/es\/wp-json\/wp\/v2\/posts"}],"about":[{"href":"https:\/\/www.europesays.com\/es\/wp-json\/wp\/v2\/types\/post"}],"author":[{"embeddable":true,"href":"https:\/\/www.europesays.com\/es\/wp-json\/wp\/v2\/users\/2"}],"replies":[{"embeddable":true,"href":"https:\/\/www.europesays.com\/es\/wp-json\/wp\/v2\/comments?post=146621"}],"version-history":[{"count":0,"href":"https:\/\/www.europesays.com\/es\/wp-json\/wp\/v2\/posts\/146621\/revisions"}],"wp:featuredmedia":[{"embeddable":true,"href":"https:\/\/www.europesays.com\/es\/wp-json\/wp\/v2\/media\/146622"}],"wp:attachment":[{"href":"https:\/\/www.europesays.com\/es\/wp-json\/wp\/v2\/media?parent=146621"}],"wp:term":[{"taxonomy":"category","embeddable":true,"href":"https:\/\/www.europesays.com\/es\/wp-json\/wp\/v2\/categories?post=146621"},{"taxonomy":"post_tag","embeddable":true,"href":"https:\/\/www.europesays.com\/es\/wp-json\/wp\/v2\/tags?post=146621"}],"curies":[{"name":"wp","href":"https:\/\/api.w.org\/{rel}","templated":true}]}}