{"id":146625,"date":"2025-09-29T14:24:08","date_gmt":"2025-09-29T14:24:08","guid":{"rendered":"https:\/\/www.europesays.com\/es\/146625\/"},"modified":"2025-09-29T14:24:08","modified_gmt":"2025-09-29T14:24:08","slug":"la-aspirina-puede-reducir-la-recurrencia-del-cancer-de-colon-segun-un-estudio","status":"publish","type":"post","link":"https:\/\/www.europesays.com\/es\/146625\/","title":{"rendered":"La aspirina puede reducir la recurrencia del c\u00e1ncer de colon, seg\u00fan un estudio"},"content":{"rendered":"<p class=\"c-paragraph\">El <a href=\"https:\/\/www.20minutos.es\/salud\/actualidad\/relacion-cancer-colon-jovenes-enfermedades-corazon-estudio-5693680\/\" rel=\"nofollow noopener\" target=\"_blank\">c\u00e1ncer de colon<\/a> es ya el m\u00e1s diagnosticado en Espa\u00f1a, y se prev\u00e9 que este a\u00f1o se detectar\u00e1n <b>m\u00e1s de 44.500 nuevos casos en nuestro pa\u00eds<\/b>. Es tambi\u00e9n el segundo m\u00e1s letal, pese a que la detecci\u00f3n a tiempo puede salvar muchas vidas.<\/p>\n<p class=\"c-paragraph\">Desde hace tiempo, se buscan estrategias que puedan reducir la mortalidad en algunas de las formas m\u00e1s agresivas de este c\u00e1ncer. Ahora, un nuevo estudio dirigido por el Instituto Karolinska (Suecia) y publicado en la prestigiosa revista m\u00e9dica <a href=\"https:\/\/www.nejm.org\/doi\/10.1056\/NEJMoa2504650\" rel=\"nofollow noreferrer noopener\" target=\"_blank\">The New England Journal of Medicine<\/a> ha encontrado que el tratamiento con aspirina puede <b>reducir el riesgo de recurrencia<\/b> en m\u00e1s de la mitad en los tumores PIK3CA, aproximadamente un tercio del total de c\u00e1nceres de colon.<\/p>\n<p>La aspirina, posible tratamiento contra el c\u00e1ncer de colon<\/p>\n<p class=\"c-paragraph\">El c\u00e1ncer de colon es relativamente com\u00fan y <b>afecta a personas de todos los g\u00e9neros<\/b>. Hay algunos factores que pueden incrementar el riesgo de desarrollarlo, incluyendo determinados factores gen\u00e9ticos, otros del estilo de vida (como el tabaquismo o el consumo elevado de carne roja) y la enfermedad inflamatoria intestinal.<\/p>\n<p class=\"c-paragraph\">Si el c\u00e1ncer colorrectal se detecta de manera temprana y se localiza, <b>la supervivencia a cinco a\u00f1os<\/b> alcanza el 91% en el c\u00e1ncer de colon y el 90% en el c\u00e1ncer rectal.<\/p>\n<p class=\"c-paragraph\">Hasta el momento, exist\u00edan ciertas evidencias, aunque escasas e inconsistentes, de que<b> el tratamiento con aspirina podr\u00eda ser \u00fatil <\/b>frente a la condici\u00f3n. Por ello, en esta ocasi\u00f3n los autores del estudio quisieron llevar un ensayo de doble ciego para determinar el modo en el que el f\u00e1rmaco puede beneficiar a personas que han padecido el tumor y se han tratado con una cirug\u00eda colorrectal.\u00a0<\/p>\n<p>La mitad de posibilidades de recaer<\/p>\n<p class=\"c-paragraph\">Para ello, los investigadores<b> reclutaron a 626 personas<\/b> con edades comprendidas entre los 31 y los 80 y que ten\u00edan mutaciones en el gen PIK3, una alteraci\u00f3n frecuente que aumenta el riesgo de recurrencia del tumor.<\/p>\n<p class=\"c-paragraph\">Tras<b> someterse a una cirug\u00eda para el c\u00e1ncer<\/b>, se les asign\u00f3 de manera aleatoria un tratamiento con placebo o con una dosis baja de aspirina (160mg, menor a la recomendada para una cefalea) y se les realiz\u00f3 un seguimiento durante tres a\u00f1os con citas cada tres meses. Tambi\u00e9n, se sometieron a pruebas de imagen de manera peri\u00f3dica.<\/p>\n<p class=\"c-paragraph\">De esta forma, encontraron que los participantes que hab\u00edan recibido la aspirina ten\u00edan <b>un riesgo de recurrencia un 55% menor<\/b> que sus contrapartes no tratadas de este modo. Espec\u00edficamente, la tasa en los voluntarios tratados fue del 7,7% y de entre 14,1% y 16,8% en el grupo del placebo.<\/p>\n<p>Un tratamiento personalizado<\/p>\n<p class=\"c-paragraph\">Un an\u00e1lisis de subgrupos posterior revel\u00f3 que este beneficio era <b>particularmente robusto en las mujeres<\/b>, sin que por el momento los investigadores hayan propuesto ninguna teor\u00eda al respecto.<\/p>\n<p class=\"c-paragraph\">Sea como sea, los autores creen que este efecto positivo del tratamiento con aspirina podr\u00eda explicarse por <b>una reducci\u00f3n de la inflamaci\u00f3n <\/b>en las personas tratadas, que podr\u00eda interrumpir los mecanismos que impulsan los c\u00e1nceres con esta mutaci\u00f3n concreta.<\/p>\n<p class=\"c-paragraph\">As\u00ed, en \u00faltimo t\u00e9rmino, estos resultados no solo avalan el potencial de la aspirina para prevenir la recurrencia en cierto perfil de pacientes, sino que tambi\u00e9n ponen de manifiesto la utilidad de personalizar los <b>tratamientos en los pacientes de c\u00e1ncer <\/b>seg\u00fan su perfil gen\u00e9tico particular.<\/p>\n<p>Referencias<\/p>\n<p class=\"c-paragraph\">Anna Martling, Ida Hed Myrberg, Nef Nilbrt, Henrik Gr\u00f6nberg, Fredrik Granath, Martin Eklund, Tom \u00d6resland.\u00a0Low-Dose Aspirin for PI3K-Altered Localized Colorectal Cancer. The New England Journal of Medicine (2025). DOI:\u00a0<a href=\"https:\/\/www.nejm.org\/doi\/10.1056\/NEJMoa2504650\" rel=\"nofollow noreferrer noopener\" target=\"_blank\">10.1056\/NEJMoa2504650<\/a><\/p>\n<p class=\"c-paragraph\"><a href=\"https:\/\/www.20minutos.es\/salud\/quieres-recibir-mejores-contenidos-cuidar-salud-sentirte-bien-apuntate-gratis-nuestra-nueva-newsletter-5119746\/\" rel=\"nofollow noopener\" target=\"_blank\">\u00bfQuieres recibir los mejores contenidos para cuidar tu salud y sentirte bien? Ap\u00fantate gratis a nuestra newsletter.\u00a0<\/a><\/p>\n<p>   <img loading=\"lazy\" decoding=\"async\" width=\"50\" height=\"50\" src=\"https:\/\/www.europesays.com\/es\/wp-content\/uploads\/2025\/07\/whatsapp-logo.png\" alt=\"Doble Check\"\/>  <\/p>\n<p><b>\u00a1Ya estamos en WhatsApp! <\/b>Si quieres recibir en tu m\u00f3vil toda la actualidad y las noticias m\u00e1s importantes del d\u00eda, <a class=\"enlace-whatsapp\" href=\"https:\/\/www.whatsapp.com\/channel\/0029VaBpla3G8l5CbpH86t3n\" target=\"_blank\" rel=\"nofollow noopener\"><b>pincha aqu\u00ed y \u00fanete a nuestro canal.<\/b><\/a> Es un sistema gratuito, c\u00f3modo y seguro.<\/p>\n<p><img loading=\"lazy\" decoding=\"async\" width=\"102\" height=\"20\" src=\"https:\/\/www.20minutos.es\/images\/logo-horizontal-20m.svg\" class=\"logo-20minutos\" alt=\"Logo de 20minutos\"\/> <\/p>\n","protected":false},"excerpt":{"rendered":"El c\u00e1ncer de colon es ya el m\u00e1s diagnosticado en Espa\u00f1a, y se prev\u00e9 que este a\u00f1o se&hellip;\n","protected":false},"author":2,"featured_media":146626,"comment_status":"","ping_status":"","sticky":false,"template":"","format":"standard","meta":{"footnotes":""},"categories":[92],"tags":[40082,1066,25,24,165,789,4946,9952,166,23],"class_list":{"0":"post-146625","1":"post","2":"type-post","3":"status-publish","4":"format-standard","5":"has-post-thumbnail","7":"category-salud","8":"tag-aspirina","9":"tag-cancer","10":"tag-es","11":"tag-espana","12":"tag-health","13":"tag-puede","14":"tag-recurrencia","15":"tag-reducir","16":"tag-salud","17":"tag-spain"},"share_on_mastodon":{"url":"","error":""},"_links":{"self":[{"href":"https:\/\/www.europesays.com\/es\/wp-json\/wp\/v2\/posts\/146625","targetHints":{"allow":["GET"]}}],"collection":[{"href":"https:\/\/www.europesays.com\/es\/wp-json\/wp\/v2\/posts"}],"about":[{"href":"https:\/\/www.europesays.com\/es\/wp-json\/wp\/v2\/types\/post"}],"author":[{"embeddable":true,"href":"https:\/\/www.europesays.com\/es\/wp-json\/wp\/v2\/users\/2"}],"replies":[{"embeddable":true,"href":"https:\/\/www.europesays.com\/es\/wp-json\/wp\/v2\/comments?post=146625"}],"version-history":[{"count":0,"href":"https:\/\/www.europesays.com\/es\/wp-json\/wp\/v2\/posts\/146625\/revisions"}],"wp:featuredmedia":[{"embeddable":true,"href":"https:\/\/www.europesays.com\/es\/wp-json\/wp\/v2\/media\/146626"}],"wp:attachment":[{"href":"https:\/\/www.europesays.com\/es\/wp-json\/wp\/v2\/media?parent=146625"}],"wp:term":[{"taxonomy":"category","embeddable":true,"href":"https:\/\/www.europesays.com\/es\/wp-json\/wp\/v2\/categories?post=146625"},{"taxonomy":"post_tag","embeddable":true,"href":"https:\/\/www.europesays.com\/es\/wp-json\/wp\/v2\/tags?post=146625"}],"curies":[{"name":"wp","href":"https:\/\/api.w.org\/{rel}","templated":true}]}}