{"id":146633,"date":"2025-09-29T14:28:11","date_gmt":"2025-09-29T14:28:11","guid":{"rendered":"https:\/\/www.europesays.com\/es\/146633\/"},"modified":"2025-09-29T14:28:11","modified_gmt":"2025-09-29T14:28:11","slug":"dinamarca-denuncia-nueva-presencia-de-drones-en-bases-militares-y-prohibe-su-vuelo-de-cara-a-la-cumbre-europea","status":"publish","type":"post","link":"https:\/\/www.europesays.com\/es\/146633\/","title":{"rendered":"Dinamarca denuncia nueva presencia de drones en bases militares y proh\u00edbe su vuelo de cara a la cumbre europea"},"content":{"rendered":"<p class=\"article-text\">\n        Las autoridades danesas han alertado de que se detectaron drones volando cerca de instalaciones militares en la noche del s\u00e1bado y han anunciado que todas las aeronaves no tripuladas estar\u00e1n prohibidas durante esta semana, en la que el pa\u00eds acoger\u00e1 dos cumbres europeas.\n    <\/p>\n<p class=\"article-text\">\n        El ministerio de Transportes indic\u00f3 que la prohibici\u00f3n \u201celiminar\u00e1 el riesgo de confundir drones enemigos con drones legales y viceversa\u201d, y avis\u00f3 de que incumplir la orden podr\u00eda acarrear hasta dos a\u00f1os de c\u00e1rcel. Copenhague quiere evitar incidentes en una semana en que albergar\u00e1 una cumbre de la UE el mi\u00e9rcoles y una reuni\u00f3n de la <a href=\"https:\/\/www.eldiario.es\/internacional\/comunidad-politica-europea-propuesta-macron-echa-andar-octubre-presencia-ucrania-reino-unido_1_9297125.html\" target=\"_blank\" data-mrf-recirculation=\"links-noticia\" class=\"link\" rel=\"nofollow noopener\">Comunidad Pol\u00edtica Europea<\/a> el jueves que reunir\u00e1 a l\u00edderes del continente m\u00e1s all\u00e1 de los 27.\n    <\/p>\n<p class=\"article-text\">\n        En las \u00faltimas semanas, <a href=\"https:\/\/www.eldiario.es\/internacional\/ue-pretende-muro-drones-frontera-rusia-preparado-ano_1_12628185.html\" target=\"_blank\" data-mrf-recirculation=\"links-noticia\" class=\"link\" rel=\"nofollow noopener\">se han producido m\u00faltiples incursiones de drones<\/a> en Dinamarca, Polonia y Ruman\u00eda. Estonia tambi\u00e9n ha denunciado violaciones del espacio a\u00e9reo por parte de aviones de guerra rusos, mientras Rusia ha realizado nuevos bombardeos con v\u00edctimas mortales en Ucrania.\n    <\/p>\n<p class=\"article-text\">\n        La fragata alemana FSG Hamburg, especializada en defensa a\u00e9rea, lleg\u00f3 el domingo a Copenhague para contribuir al \u201crefuerzo de la vigilancia aeroespacial de Dinamarca\u201d durante las cumbres, seg\u00fan las fuerzas armadas danesas.\n    <\/p>\n<p class=\"article-text\">\n        La misi\u00f3n de la OTAN implica el despliegue de fragatas, aeronaves y drones para proteger infraestructuras. Comenz\u00f3 en enero a ra\u00edz de una serie de incidentes de da\u00f1os en cables de electricidad, enlaces de telecomunicaciones y gasoductos en el fondo del mar B\u00e1ltico.\n    <\/p>\n<p class=\"article-text\">\n        Otra operaci\u00f3n de la OTAN, \u201cVig\u00eda oriental\u201d, arranc\u00f3 este mismo septiembre para mejorar la defensa del flanco este de Europa tras las incursiones de drones rusos en el espacio a\u00e9reo de Polonia.\n    <\/p>\n<p class=\"article-text\">\n        En Noruega, el operador aeroportuario Avinor indic\u00f3 el domingo a \u00faltima hora que se hab\u00eda observado \u201cactividad\u201d de drones en el aeropuerto de Bronnoysund, uno de los cuatro del norte del pa\u00eds en los que las restricciones para drones en tierra y aire se han ampliado a 10 kil\u00f3metros como \u201cmedida de precauci\u00f3n\u201d.\n    <\/p>\n<p class=\"article-text\">\n        Noruega ya investigaba \u201cposibles avistamientos de drones\u201d el s\u00e1bado en las cercan\u00edas de su mayor base militar, la de Orland, donde est\u00e1n estacionados sus cazas F-35.\n    <\/p>\n<p class=\"article-text\">\n        El presidente de Ucrania, Volod\u00edmir Zelenski, <a href=\"https:\/\/x.com\/ZelenskyyUa\/status\/1902762621905817689\" target=\"_blank\" data-mrf-recirculation=\"links-noticia\" class=\"link\" rel=\"nofollow\">indic\u00f3 el domingo en X<\/a> que hab\u00eda hablado con el primer ministro noruego, Jonas Gahr St\u00f8re, acerca de los \u201ccrecientes incidentes con drones rusos por Europa\u201d. A\u00f1adi\u00f3: \u201cLa unidad de los europeos responder\u00e1 sin duda a esta amenaza\u201d.\n    <\/p>\n<p class=\"article-text\">\n        Rusia lanz\u00f3 cientos de drones y misiles sobre Kiev y otras ciudades ucranianas por la noche, en un bombardeo que dur\u00f3 12 horas y en el que murieron al menos cuatro personas.\n    <\/p>\n<p class=\"article-text\">\n        Rusia niega que los pa\u00edses de la OTAN sean un objetivo deliberado de sus drones. El Kremlin acus\u00f3 a la primera ministra danesa, Mette Frederiksen, de \u201cacusaciones sin base\u201d despu\u00e9s de que la mandataria dijese que las autoridades investigaban qui\u00e9n estaba detr\u00e1s de la incursi\u00f3n con drones que provoc\u00f3 <a href=\"https:\/\/www.eldiario.es\/internacional\/drones-sobrevuelan-aeropuertos-daneses-segunda-vez-semana_1_12630684.html\" target=\"_blank\" data-mrf-recirculation=\"links-noticia\" class=\"link\" rel=\"nofollow noopener\">el cierre durante varias horas del aeropuerto de Copenhague<\/a>, y que no pod\u00eda descartar que Rusia fuese responsable.\n    <\/p>\n<p class=\"article-text\">\n        Las incursiones con drones tambi\u00e9n han afectado a Noruega. St\u00f8re acus\u00f3 a Rusia de violar el espacio a\u00e9reo noruego en tres ocasiones en primavera y verano.\n    <\/p>\n<p class=\"article-text\">\n        Tras Una reuni\u00f3n de dos d\u00edas entre jefes militares de la OTAN en Riga, el presidente del comit\u00e9 militar de la alianza, Giuseppe Cavo Dragone, asegur\u00f3 el s\u00e1bado que \u201ctoda amenaza al espacio a\u00e9reo, terrestre y mar\u00edtimo de la OTAN recibir\u00e1 una respuesta decidida y proporcionada\u201d.\n    <\/p>\n<p>    <a href=\"https:\/\/www.eldiario.es\/internacional\/primera-reunion-lanzar-muro-drones-frente-rusia-evidencia-incapacidad-europa-defenderse_1_12635454.html\" data-mrf-recirculation=\"saber-mas-abajo\" data-dl-event=\"saber-mas-abajo\" rel=\"nofollow noopener\" target=\"_blank\"><\/p>\n<p class=\"know-more__title\">La primera reuni\u00f3n para lanzar el muro de drones frente a Rusia evidencia la incapacidad de Europa para defenderse <\/p>\n<p>            <img decoding=\"async\" class=\"lazy\" loading=\"lazy\" data-src=\"https:\/\/static.eldiario.es\/clip\/67682d9f-caab-4c1c-8fe9-73aa5568665e_16-9-aspect-ratio_default_0.jpg\" src=\"data:image\/svg+xml,%3Csvg xmlns=\" http:=\"\" viewbox=\"0 0 880 495\" alt=\"La primera reuni\u00f3n para lanzar el muro de drones frente a Rusia evidencia la incapacidad de Europa para defenderse\"\/><\/p>\n<p>                        <\/a><\/p>\n<p class=\"article-text\">\n        A la pregunta de si la misi\u00f3n de vigilancia del espacio a\u00e9reo de la OTAN en el B\u00e1ltico podr\u00eda convertirse en una misi\u00f3n de defensa, Cavo Dragone insisti\u00f3 en que el origen de los drones todav\u00eda se estaba investigando, pero que \u201cpodr\u00eda ser una opci\u00f3n, dependiendo de cu\u00e1l sea la evaluaci\u00f3n final\u201d.\n    <\/p>\n","protected":false},"excerpt":{"rendered":"Las autoridades danesas han alertado de que se detectaron drones volando cerca de instalaciones militares en la noche&hellip;\n","protected":false},"author":2,"featured_media":146634,"comment_status":"","ping_status":"","sticky":false,"template":"","format":"standard","meta":{"footnotes":""},"categories":[42],"tags":[5404,889,1237,17,18,700,13,14,11,61,62,63,64,19,20,3013,9,10,15,16,5403,2151,952,12,21,22,65,66,67],"class_list":{"0":"post-146633","1":"post","2":"type-post","3":"status-publish","4":"format-standard","5":"has-post-thumbnail","7":"category-internacional","8":"tag-africa","9":"tag-america","10":"tag-asia","11":"tag-breaking-news","12":"tag-breakingnews","13":"tag-europa","14":"tag-featured-news","15":"tag-featurednews","16":"tag-headlines","17":"tag-internacional","18":"tag-international","19":"tag-international-news","20":"tag-internationalnews","21":"tag-latest-news","22":"tag-latestnews","23":"tag-mundo","24":"tag-news","25":"tag-noticias","26":"tag-noticias-destacadas","27":"tag-noticiasdestacadas","28":"tag-oriente-medio","29":"tag-periodismo","30":"tag-politica","31":"tag-titulares","32":"tag-ultimas-noticias","33":"tag-ultimasnoticias","34":"tag-world","35":"tag-world-news","36":"tag-worldnews"},"share_on_mastodon":{"url":"","error":""},"_links":{"self":[{"href":"https:\/\/www.europesays.com\/es\/wp-json\/wp\/v2\/posts\/146633","targetHints":{"allow":["GET"]}}],"collection":[{"href":"https:\/\/www.europesays.com\/es\/wp-json\/wp\/v2\/posts"}],"about":[{"href":"https:\/\/www.europesays.com\/es\/wp-json\/wp\/v2\/types\/post"}],"author":[{"embeddable":true,"href":"https:\/\/www.europesays.com\/es\/wp-json\/wp\/v2\/users\/2"}],"replies":[{"embeddable":true,"href":"https:\/\/www.europesays.com\/es\/wp-json\/wp\/v2\/comments?post=146633"}],"version-history":[{"count":0,"href":"https:\/\/www.europesays.com\/es\/wp-json\/wp\/v2\/posts\/146633\/revisions"}],"wp:featuredmedia":[{"embeddable":true,"href":"https:\/\/www.europesays.com\/es\/wp-json\/wp\/v2\/media\/146634"}],"wp:attachment":[{"href":"https:\/\/www.europesays.com\/es\/wp-json\/wp\/v2\/media?parent=146633"}],"wp:term":[{"taxonomy":"category","embeddable":true,"href":"https:\/\/www.europesays.com\/es\/wp-json\/wp\/v2\/categories?post=146633"},{"taxonomy":"post_tag","embeddable":true,"href":"https:\/\/www.europesays.com\/es\/wp-json\/wp\/v2\/tags?post=146633"}],"curies":[{"name":"wp","href":"https:\/\/api.w.org\/{rel}","templated":true}]}}