{"id":146635,"date":"2025-09-29T14:29:10","date_gmt":"2025-09-29T14:29:10","guid":{"rendered":"https:\/\/www.europesays.com\/es\/146635\/"},"modified":"2025-09-29T14:29:10","modified_gmt":"2025-09-29T14:29:10","slug":"un-juzgado-cita-al-director-de-tve-el-3-de-noviembre-por-la-demanda-de-peinado","status":"publish","type":"post","link":"https:\/\/www.europesays.com\/es\/146635\/","title":{"rendered":"Un juzgado cita al director de TVE el 3 de noviembre por la demanda de Peinado"},"content":{"rendered":"<p>Un juzgado del municipio madrile\u00f1o de Pozuelo ha citado para el pr\u00f3ximo 3 de noviembre a las 10.00 horas al director de TVE, Sergio Calder\u00f3n, por la<strong> demanda de conciliaci\u00f3n presentada por el juez del caso Bego\u00f1a G\u00f3mez, Juan Carlos Peinado,<\/strong> contra \u00e9l y el ex vicepresidente del Gobierno Pablo Iglesias despu\u00e9s de que este le llamara \u00abprevaricador\u00bb en la televisi\u00f3n p\u00fablica. <\/p>\n<p>La demanda, a la que ha tenido acceso RTVE, <strong>se refiere a unas declaraciones que Iglesias hizo el pasado 21 de agosto<\/strong> en el programa de TVE &#8216;Malas Lenguas&#8217;. \u00abYo creo que quiz\u00e1 tenga raz\u00f3n la gente que dice que Peinado es un prevaricador\u00bb, asegur\u00f3. <\/p>\n<p>A ello a\u00f1adi\u00f3 que \u00abeste se\u00f1or se va a ir de rositas\u00bb porque \u00abse pact\u00f3 la reforma y el reparto del Consejo General del Poder Judicial con el PP\u00bb y \u00abest\u00e1 blindado, como toda la derecha judicial\u00bb. <\/p>\n<p>La Secci\u00f3n Civil y de Instrucci\u00f3n del Tribunal de Instancia de Pozuelo de Alarc\u00f3n, en un decreto,<strong> admite a tr\u00e1mite la demanda de conciliaci\u00f3n <\/strong>de Peinado. Cabe recordar que ninguna de las partes debe acudir presencialmente, sino que basta con que est\u00e9n representadas por abogados. <\/p>\n<p>El titular del Juzgado de Instrucci\u00f3n n\u00famero 41 de Madrid advirti\u00f3 de que, si no se aven\u00edan a conciliar en los t\u00e9rminos expuestos, <strong>se querellar\u00eda contra ambos por injurias y calumnias. <\/strong><\/p>\n<p>Pide que se retracten<\/p>\n<p>Peinado les reclama que \u00abse avengan a reconocer que<strong> la imputaci\u00f3n de prevaricaci\u00f3n es rotunda y radicalmente falsa<\/strong>, del mismo modo que la afirmaci\u00f3n de que su actuaci\u00f3n jurisdiccional responda a fines espurios, intereses pol\u00edticos o motivaciones personales\u00bb. <\/p>\n<p>Y les reclama el <strong>pago, de forma solidaria, de una indemnizaci\u00f3n de 60.000 euros<\/strong> en concepto de \u00abda\u00f1os morales y perjuicio causado por la  difusi\u00f3n de informaciones falsas, injuriosas y atentatorias contra su honor\u00bb. <\/p>\n<p>Les pide igualmente que reconozcan que dichas palabras<strong> \u00abconstituyen una vulneraci\u00f3n del derecho fundamental al honor\u00bb<\/strong>, \u00abatentando contra su reputaci\u00f3n personal y profesional mediante imputaciones falsas de extrema gravedad\u00bb. <\/p>\n<p>Asimismo, solicita que se comprometan a <strong>\u00abeliminar cualquier contenido audiovisual o digital<\/strong> &#8211;fragmentos del programa, publicaciones en redes sociales, etc.&#8211; que contenga las afirmaciones se\u00f1aladas\u00bb y que en &#8216;Malas Lenguas&#8217; se emita un \u00abmensaje de disculpa\u00bb  de Iglesias. <\/p>\n<p>Por \u00faltimo, el instructor les insta a \u00abno volver a realizar, ni emitir manifestaciones difamatorias, vejatorias, injuriosas o calumniosas vinculadas\u00bb a su persona.  <\/p>\n<p>Ese mismo d\u00eda, el mismo juzgado celebrar\u00e1<strong> otro acto de conciliaci\u00f3n con el periodista Ernesto Ekaizer y el director de RTVE,<\/strong> tras la demanda presentada por Peinado previa a una querella por presuntas injurias y calumnias. El juez reclama que reconozcan que es falso que el magistrado dijese en p\u00fablico que pretend\u00eda \u00abacabar con Pedro S\u00e1nchez\u00bb ni que haya actuado por motivos espurios, pol\u00edticos o personales, como sostuvo el periodista tambi\u00e9n en el programa de televisi\u00f3n &#8216;Malas Lenguas&#8217;. <\/p>\n","protected":false},"excerpt":{"rendered":"Un juzgado del municipio madrile\u00f1o de Pozuelo ha citado para el pr\u00f3ximo 3 de noviembre a las 10.00&hellip;\n","protected":false},"author":2,"featured_media":146636,"comment_status":"","ping_status":"","sticky":false,"template":"","format":"standard","meta":{"footnotes":""},"categories":[8],"tags":[17,18,25,24,13,14,11,19,20,9,10,15,16,23,12,21,22],"class_list":{"0":"post-146635","1":"post","2":"type-post","3":"status-publish","4":"format-standard","5":"has-post-thumbnail","7":"category-espana","8":"tag-breaking-news","9":"tag-breakingnews","10":"tag-es","11":"tag-espana","12":"tag-featured-news","13":"tag-featurednews","14":"tag-headlines","15":"tag-latest-news","16":"tag-latestnews","17":"tag-news","18":"tag-noticias","19":"tag-noticias-destacadas","20":"tag-noticiasdestacadas","21":"tag-spain","22":"tag-titulares","23":"tag-ultimas-noticias","24":"tag-ultimasnoticias"},"share_on_mastodon":{"url":"","error":""},"_links":{"self":[{"href":"https:\/\/www.europesays.com\/es\/wp-json\/wp\/v2\/posts\/146635","targetHints":{"allow":["GET"]}}],"collection":[{"href":"https:\/\/www.europesays.com\/es\/wp-json\/wp\/v2\/posts"}],"about":[{"href":"https:\/\/www.europesays.com\/es\/wp-json\/wp\/v2\/types\/post"}],"author":[{"embeddable":true,"href":"https:\/\/www.europesays.com\/es\/wp-json\/wp\/v2\/users\/2"}],"replies":[{"embeddable":true,"href":"https:\/\/www.europesays.com\/es\/wp-json\/wp\/v2\/comments?post=146635"}],"version-history":[{"count":0,"href":"https:\/\/www.europesays.com\/es\/wp-json\/wp\/v2\/posts\/146635\/revisions"}],"wp:featuredmedia":[{"embeddable":true,"href":"https:\/\/www.europesays.com\/es\/wp-json\/wp\/v2\/media\/146636"}],"wp:attachment":[{"href":"https:\/\/www.europesays.com\/es\/wp-json\/wp\/v2\/media?parent=146635"}],"wp:term":[{"taxonomy":"category","embeddable":true,"href":"https:\/\/www.europesays.com\/es\/wp-json\/wp\/v2\/categories?post=146635"},{"taxonomy":"post_tag","embeddable":true,"href":"https:\/\/www.europesays.com\/es\/wp-json\/wp\/v2\/tags?post=146635"}],"curies":[{"name":"wp","href":"https:\/\/api.w.org\/{rel}","templated":true}]}}