{"id":146637,"date":"2025-09-29T14:30:09","date_gmt":"2025-09-29T14:30:09","guid":{"rendered":"https:\/\/www.europesays.com\/es\/146637\/"},"modified":"2025-09-29T14:30:09","modified_gmt":"2025-09-29T14:30:09","slug":"pedro-sanchez-pone-en-valor-la-contribucion-de-los-centros-de-alto-rendimiento-car-a-los-exitos-del-deporte-espanol","status":"publish","type":"post","link":"https:\/\/www.europesays.com\/es\/146637\/","title":{"rendered":"Pedro S\u00e1nchez pone en valor la contribuci\u00f3n de los Centros de Alto Rendimiento (CAR) a los \u00e9xitos del deporte espa\u00f1ol"},"content":{"rendered":"<p class=\"news-location\">Centro de Alto Rendimiento (CAR) de Sant Cugat del Vall\u00e8s (Barcelona)<\/p>\n<p>El presidente del Gobierno, Pedro S\u00e1nchez, ha visitado, en Barcelona, el Centro de Alto Rendimiento (CAR) de Sant Cugat del Vall\u00e8s, referente internacional en la preparaci\u00f3n de deportistas de \u00e9lite, donde ha puesto en valor la contribuci\u00f3n de esos centros al triunfo del deporte espa\u00f1ol.<\/p>\n<p>El jefe del Ejecutivo, acompa\u00f1ado por la ministra de Educaci\u00f3n, Formaci\u00f3n Profesional y Deportes y portavoz del Gobierno, Pilar Alegr\u00eda; el president de la Generalitat, Salvador Illa; y el delegado del Gobierno, Carlos Prieto, ha visitado las instalaciones y ha mantenido un encuentro con los deportistas. S\u00e1nchez ha tenido la oportunidad de saludar a la seleccionadora de Nataci\u00f3n Art\u00edstica, Andrea Fuentes, y a Iris Ti\u00f3 y Dennis Gonz\u00e1lez, medallas de oro ambos en esta disciplina en el Mundial de Singapur 2025. Tambi\u00e9n ha saludado a los integrantes de las selecciones masculina y femenina de waterpolo, que fueron oro en el Mundial de Singapur 2025 y en los Juegos Ol\u00edmpicos de Par\u00eds 2024, respectivamente.<\/p>\n<p>Inaugurado en 1987 como parte de la preparaci\u00f3n para los Juegos de Barcelona 1992, el CAR de Sant Cugat tiene 180.000 metros cuadrados con servicios integrados de tecnificaci\u00f3n, apoyo m\u00e9dico-cient\u00edfico y residencia, as\u00ed como servicios educativos para garantizar tanto la formaci\u00f3n acad\u00e9mica como la deportiva.<\/p>\n<p><img decoding=\"async\" src=\"https:\/\/www.europesays.com\/es\/wp-content\/uploads\/2025\/09\/290925-sanchez-barcelona-centro-alto-rendimiento2.jpg\" alt=\"Foto de familia con el presidente del Gobierno Pedro S\u00e1nchez, y los integrantes del equipo espa\u00f1ol de nataci\u00f3n art\u00edstica\" title=\"Foto de familia con el presidente del Gobierno Pedro S\u00e1nchez, y los integrantes del equipo espa\u00f1ol de nataci\u00f3n art\u00edstica\"\/>Foto de familia con el presidente del Gobierno Pedro S\u00e1nchez, y los integrantes del equipo espa\u00f1ol de nataci\u00f3n art\u00edstica. | Pool Moncloa\/Borja Puig de la Bellacasa<\/p>\n<p>La titularidad de este centro corresponde a la Generalitat de Catalunya, si bien el Gobierno de Espa\u00f1a colabora en el desarrollo de su actividad a trav\u00e9s de una subvenci\u00f3n concedida anualmente por el Consejo Superior de Deportes (CSD). En 2025, el Gobierno destinar\u00e1 3,5 millones de euros para gastos de funcionamiento, nuevas instalaciones y mejora de infraestructuras. Adem\u00e1s, el centro est\u00e1 inmerso en un ambicioso proceso de modernizaci\u00f3n, al que el Gobierno de Espa\u00f1a ha contribuido con una inversi\u00f3n de 8 millones de euros procedentes de los fondos europeos del <a href=\"https:\/\/planderecuperacion.gob.es\/\" target=\"_blank\" onclick=\"javascript:GoogleTrackEvent(&#039;True&#039;,&#039;Contenido&#039;,&#039;Click&#039;,&#039;[https:\/\/www.lamoncloa.gob.es\/presidente\/actividades\/Paginas\/2025\/290925-sanchez-barcelona-centro-alto-rendimiento.aspx] Plan de Recuperaci\u00f3n, Transformaci\u00f3n y Resiliencia,. [https:\/\/planderecuperacion.gob.es\/]&#039;);\" rel=\"nofollow noopener\">Plan de Recuperaci\u00f3n, Transformaci\u00f3n y Resiliencia,<\/a> que complementa la ayuda anual.<\/p>\n<p>El CAR de Sant Cugat del Vall\u00e8s despunta en deportes acu\u00e1ticos, donde Espa\u00f1a ha obtenido numerosos \u00e9xitos que la acreditan como potencia mundial. En waterpolo femenino fuimos oro ol\u00edmpico en Par\u00eds 2024; en waterpolo masculino, cuarto oro mundial en el campeonato 2025 y oro europeo en 2024; en nataci\u00f3n art\u00edstica, r\u00e9cord hist\u00f3rico en el Mundial de Singapur 2025 al ser el pa\u00eds con m\u00e1s medallas, nueve, con Iris Ti\u00f3 como deportista m\u00e1s premiada del campeonato con seis medallas; y bronce ol\u00edmpico por equipos en Par\u00eds 2024. Adem\u00e1s, Espa\u00f1a ha sido pionera en la apertura de nataci\u00f3n art\u00edstica a los hombres, integrando rutinas mixtas mucho antes de que esta modalidad fuera reconocida en los Juegos Ol\u00edmpicos: Iris Ti\u00f3 y Dennis Gonz\u00e1lez conquistaron el oro en d\u00fao mixto en el Mundial de Singapur 2025.<\/p>\n","protected":false},"excerpt":{"rendered":"Centro de Alto Rendimiento (CAR) de Sant Cugat del Vall\u00e8s (Barcelona) El presidente del Gobierno, Pedro S\u00e1nchez, ha&hellip;\n","protected":false},"author":2,"featured_media":146638,"comment_status":"","ping_status":"","sticky":false,"template":"","format":"standard","meta":{"footnotes":""},"categories":[5],"tags":[17,18,25,24,13,14,11,19,20,9,10,15,16,23,12,21,22],"class_list":{"0":"post-146637","1":"post","2":"type-post","3":"status-publish","4":"format-standard","5":"has-post-thumbnail","7":"category-titulares","8":"tag-breaking-news","9":"tag-breakingnews","10":"tag-es","11":"tag-espana","12":"tag-featured-news","13":"tag-featurednews","14":"tag-headlines","15":"tag-latest-news","16":"tag-latestnews","17":"tag-news","18":"tag-noticias","19":"tag-noticias-destacadas","20":"tag-noticiasdestacadas","21":"tag-spain","22":"tag-titulares","23":"tag-ultimas-noticias","24":"tag-ultimasnoticias"},"share_on_mastodon":{"url":"","error":""},"_links":{"self":[{"href":"https:\/\/www.europesays.com\/es\/wp-json\/wp\/v2\/posts\/146637","targetHints":{"allow":["GET"]}}],"collection":[{"href":"https:\/\/www.europesays.com\/es\/wp-json\/wp\/v2\/posts"}],"about":[{"href":"https:\/\/www.europesays.com\/es\/wp-json\/wp\/v2\/types\/post"}],"author":[{"embeddable":true,"href":"https:\/\/www.europesays.com\/es\/wp-json\/wp\/v2\/users\/2"}],"replies":[{"embeddable":true,"href":"https:\/\/www.europesays.com\/es\/wp-json\/wp\/v2\/comments?post=146637"}],"version-history":[{"count":0,"href":"https:\/\/www.europesays.com\/es\/wp-json\/wp\/v2\/posts\/146637\/revisions"}],"wp:featuredmedia":[{"embeddable":true,"href":"https:\/\/www.europesays.com\/es\/wp-json\/wp\/v2\/media\/146638"}],"wp:attachment":[{"href":"https:\/\/www.europesays.com\/es\/wp-json\/wp\/v2\/media?parent=146637"}],"wp:term":[{"taxonomy":"category","embeddable":true,"href":"https:\/\/www.europesays.com\/es\/wp-json\/wp\/v2\/categories?post=146637"},{"taxonomy":"post_tag","embeddable":true,"href":"https:\/\/www.europesays.com\/es\/wp-json\/wp\/v2\/tags?post=146637"}],"curies":[{"name":"wp","href":"https:\/\/api.w.org\/{rel}","templated":true}]}}