{"id":146639,"date":"2025-09-29T14:31:23","date_gmt":"2025-09-29T14:31:23","guid":{"rendered":"https:\/\/www.europesays.com\/es\/146639\/"},"modified":"2025-09-29T14:31:23","modified_gmt":"2025-09-29T14:31:23","slug":"handball-la-altagraciense-tiziana-sica-camino-logro-su-primer-titulo-internacional-con-la-seleccion-argentina","status":"publish","type":"post","link":"https:\/\/www.europesays.com\/es\/146639\/","title":{"rendered":"Handball: la altagraciense Tiziana Sica Camino logr\u00f3 su primer t\u00edtulo internacional con la Selecci\u00f3n Argentina"},"content":{"rendered":"<p>            <a href=\"https:\/\/diariotortuga.com\/wp-content\/uploads\/2025\/09\/Tiziana-Sica-Gobierno-de-Alta-Gracia-2-e1759140495346.jpg\" data-caption=\"\" rel=\"nofollow noopener\" target=\"_blank\"><img loading=\"lazy\" decoding=\"async\" width=\"696\" height=\"522\" class=\"entry-thumb td-modal-image\" src=\"https:\/\/www.europesays.com\/es\/wp-content\/uploads\/2025\/09\/Tiziana-Sica-Gobierno-de-Alta-Gracia-2-696x522.jpg\"   alt=\"\" title=\"Tiziana Sica (Gobierno de Alta Gracia) 2\"\/><\/a><\/p>\n<p><strong>La joven altagraciense Tiziana Sica Camino, de 14 a\u00f1os, integr\u00f3 la Selecci\u00f3n Argentina de handball \u2013 categor\u00eda cadete que se qued\u00f3 con el t\u00edtulo del Torneo Sur \u2013 Centro que se desarroll\u00f3 en Asunci\u00f3n del Paraguay. La jugadora del equipo de la Municipalidad de Alta Gracia y subcapitana del plantel albiceleste, consigui\u00f3 de esta manera su primer t\u00edtulo internacional.<\/strong><\/p>\n<p>La Selecci\u00f3n Argentina venci\u00f3 en la final del torneo al combinado local por un ajustado 31 a 29 y de esa manera se qued\u00f3 con la medalla de oro.<\/p>\n<p>\u00abEl camino de Tiziana es un ejemplo de esfuerzo, constancia, perseverancia y talento, reflejo del trabajo que el Municipio viene desarrollando junto a las familias y entrenadores para el crecimiento sostenido del handball local\u00bb, destacaron desde el Gobierno de Alta Gracia.<\/p>\n<p>En el torneo disputado en Paraguay estuvo presente otra altagraciense, Guillermina Gonz\u00e1lez Rivero, quien form\u00f3 parte de la Selecci\u00f3n Argentina Menor femenina, que logr\u00f3 la medalla de plata.<\/p>\n<blockquote class=\"instagram-media\" data-instgrm-captioned=\"\" data-instgrm-permalink=\"https:\/\/www.instagram.com\/p\/DPKROLgj0X5\/?utm_source=ig_embed&amp;utm_campaign=loading\" data-instgrm-version=\"14\" style=\" background:#FFF; border:0; border-radius:3px; box-shadow:0 0 1px 0 rgba(0,0,0,0.5),0 1px 10px 0 rgba(0,0,0,0.15); margin: 1px; max-width:540px; min-width:326px; padding:0; width:99.375%; width:-webkit-calc(100% - 2px); width:calc(100% - 2px);\"\/>\n<p>  <a href=\"https:\/\/diariotortuga.com\" rel=\"nofollow noopener\" target=\"_blank\">&#13;<br \/>\n    <img decoding=\"async\" src=\"https:\/\/www.europesays.com\/es\/wp-content\/uploads\/2025\/08\/Banner-Web-Tortuga-.-Publicita-en-Tortuga-4.gif\" alt=\"Publicita en Tortuga\"\/>&#13;<br \/>\n  <\/a><\/p>\n<p>        <script async src=\"\/\/www.instagram.com\/embed.js\"><\/script><\/p>\n","protected":false},"excerpt":{"rendered":"La joven altagraciense Tiziana Sica Camino, de 14 a\u00f1os, integr\u00f3 la Selecci\u00f3n Argentina de handball \u2013 categor\u00eda cadete&hellip;\n","protected":false},"author":2,"featured_media":146640,"comment_status":"","ping_status":"","sticky":false,"template":"","format":"standard","meta":{"footnotes":""},"categories":[278],"tags":[376,168,25,24,375,23,167],"class_list":{"0":"post-146639","1":"post","2":"type-post","3":"status-publish","4":"format-standard","5":"has-post-thumbnail","7":"category-balonmano","8":"tag-balonmano","9":"tag-deportes","10":"tag-es","11":"tag-espana","12":"tag-handball","13":"tag-spain","14":"tag-sports"},"share_on_mastodon":{"url":"","error":""},"_links":{"self":[{"href":"https:\/\/www.europesays.com\/es\/wp-json\/wp\/v2\/posts\/146639","targetHints":{"allow":["GET"]}}],"collection":[{"href":"https:\/\/www.europesays.com\/es\/wp-json\/wp\/v2\/posts"}],"about":[{"href":"https:\/\/www.europesays.com\/es\/wp-json\/wp\/v2\/types\/post"}],"author":[{"embeddable":true,"href":"https:\/\/www.europesays.com\/es\/wp-json\/wp\/v2\/users\/2"}],"replies":[{"embeddable":true,"href":"https:\/\/www.europesays.com\/es\/wp-json\/wp\/v2\/comments?post=146639"}],"version-history":[{"count":0,"href":"https:\/\/www.europesays.com\/es\/wp-json\/wp\/v2\/posts\/146639\/revisions"}],"wp:featuredmedia":[{"embeddable":true,"href":"https:\/\/www.europesays.com\/es\/wp-json\/wp\/v2\/media\/146640"}],"wp:attachment":[{"href":"https:\/\/www.europesays.com\/es\/wp-json\/wp\/v2\/media?parent=146639"}],"wp:term":[{"taxonomy":"category","embeddable":true,"href":"https:\/\/www.europesays.com\/es\/wp-json\/wp\/v2\/categories?post=146639"},{"taxonomy":"post_tag","embeddable":true,"href":"https:\/\/www.europesays.com\/es\/wp-json\/wp\/v2\/tags?post=146639"}],"curies":[{"name":"wp","href":"https:\/\/api.w.org\/{rel}","templated":true}]}}