{"id":146645,"date":"2025-09-29T14:36:32","date_gmt":"2025-09-29T14:36:32","guid":{"rendered":"https:\/\/www.europesays.com\/es\/146645\/"},"modified":"2025-09-29T14:36:32","modified_gmt":"2025-09-29T14:36:32","slug":"aspanoa-reune-en-almudevar-a-casi-1-000-ciclistas-solidarios-radio-huesca","status":"publish","type":"post","link":"https:\/\/www.europesays.com\/es\/146645\/","title":{"rendered":"Aspanoa re\u00fane en Almud\u00e9var a casi 1.000 ciclistas solidarios | Radio Huesca"},"content":{"rendered":"<p class=\"loc\">Huesca <\/p>\n<p>El municipio altoaragon\u00e9s de Almud\u00e9var se ha llenado esta ma\u00f1ana de deporte y de solidaridad con motivo de la BTT Aspanoa. La d\u00e9cimo tercera edici\u00f3n de esta cicloturista contra el c\u00e1ncer infantil ha contado con la participaci\u00f3n de casi mil ciclistas -979, para ser exactos-, que han disfrutado de una jornada marcada por el buen tiempo.<\/p>\n<p>Esta actividad cuenta con tres rutas que se adaptan a todas las edades y niveles. En concreto, 487 ciclistas han hecho la ruta larga -que este a\u00f1o era especialmente exigente, con 60 kil\u00f3metros de recorrido y un desnivel de 550 metros-; otros 304 han optado por la ruta corta -de 29 kil\u00f3metros-; y 188 han disfrutado del recorrido familiar.<\/p>\n<p><img decoding=\"async\" src=\"https:\/\/www.europesays.com\/es\/wp-content\/uploads\/2025\/09\/CB346UILEZBGTDV7TW3UNEUFNQ.jpeg\" alt=\"L\u00ednea de salida de la BTT de Aspanoa.\" width=\"4\" height=\"3\"  loading=\"lazy\"\/><\/p>\n<p>L\u00ednea de salida de la BTT de Aspanoa. \/ Aspanoa<\/p>\n<p>Ampliar<img decoding=\"async\" src=\"https:\/\/www.europesays.com\/es\/wp-content\/uploads\/2025\/09\/1759156590_492_CB346UILEZBGTDV7TW3UNEUFNQ.jpeg\" alt=\"L\u00ednea de salida de la BTT de Aspanoa.\" width=\"4\" height=\"3\" loading=\"lazy\"\/><\/p>\n<p>L\u00ednea de salida de la BTT de Aspanoa. \/ Aspanoa<\/p>\n<p>Cerrar<\/p>\n<p>El encargado de cortar la cinta ha sido Pepe Pelegr\u00edn. Aspanoa ha querido homenajearlo porque este zaragozano de 81 a\u00f1os es el actual r\u00e9cord mundial de ultraciclismo para mayores de 80 a\u00f1os. Esta gesta la logr\u00f3 el pasado mes de abril en la Feria de Zaragoza tras pedalear 474 kil\u00f3metros en solo 24 horas. Y todo ello en el marco de un reto solidario que recaud\u00f3 fondos para Atades y Aspanoa. <\/p>\n<p><img decoding=\"async\" src=\"https:\/\/www.europesays.com\/es\/wp-content\/uploads\/2025\/09\/CYCFK5KFZJDKLBJ7XHY5QPHWAY.JPG\" alt=\"Ciclistas solidarios en la BTT de Aspanoa.\" width=\"4\" height=\"3\"  loading=\"lazy\"\/><\/p>\n<p>Ciclistas solidarios en la BTT de Aspanoa. \/ Cadena SER<\/p>\n<p>Ampliar<img decoding=\"async\" src=\"https:\/\/www.europesays.com\/es\/wp-content\/uploads\/2025\/09\/1759156592_582_CYCFK5KFZJDKLBJ7XHY5QPHWAY.JPG\" alt=\"Ciclistas solidarios en la BTT de Aspanoa.\" width=\"4\" height=\"3\" loading=\"lazy\"\/><\/p>\n<p>Ciclistas solidarios en la BTT de Aspanoa. \/ Cadena SER<\/p>\n<p>Cerrar<\/p>\n<p>Junto a Pelegr\u00edn, han estado presentes en este acto el subdelegado del Gobierno en Huesca, Jos\u00e9 Carlos Campo; la diputada provincial de Servicios Sociales, Lola Ibort; la alcaldesa de Almud\u00e9var, Sof\u00eda Avellanas; la directora de la Fundaci\u00f3n Caja Rural de Arag\u00f3n, Laura Prada; y el presidente y el gerente de Aspanoa, Gabriel Tirado y Juan Carlos Ac\u00edn.<\/p>\n<p>Estos \u00faltimos han manifestado su \u201cemoci\u00f3n\u201d por este \u00e9xito solidario, que resulta \u201cvital\u201d para la Asociaci\u00f3n y, en concreto, para financiar los servicios que se prestan en la Casa de Aspanoa en Almud\u00e9var. Unas instalaciones que acogen cada a\u00f1o a m\u00e1s de 100 ni\u00f1os y adolescentes con c\u00e1ncer en las distintas fases de la enfermedad a trav\u00e9s de diferentes campamentos, as\u00ed como otras muchas actividades en las que participan otros menores afectados y sus familias como convivencias, respiros, talleres de cocina, jornadas de formaci\u00f3n, etc\u00e9tera.<\/p>\n<p>Esta actividad cuenta con la colaboraci\u00f3n indispensable de diversas empresas e instituciones, entre las que destacan el Ayuntamiento de Almud\u00e9var, Adisseo, Ars Alendi, Electricidad Medina, Fundaci\u00f3n Caja Rural de Arag\u00f3n, Huesca La Magia, Pasteler\u00eda Tolosana, Transportes Torn\u00e9 y Cooperativa Virgen de la Corona. <\/p>\n","protected":false},"excerpt":{"rendered":"Huesca El municipio altoaragon\u00e9s de Almud\u00e9var se ha llenado esta ma\u00f1ana de deporte y de solidaridad con motivo&hellip;\n","protected":false},"author":2,"featured_media":146646,"comment_status":"","ping_status":"","sticky":false,"template":"","format":"standard","meta":{"footnotes":""},"categories":[273],"tags":[313,312,168,25,24,23,167],"class_list":{"0":"post-146645","1":"post","2":"type-post","3":"status-publish","4":"format-standard","5":"has-post-thumbnail","7":"category-ciclismo","8":"tag-ciclismo","9":"tag-cycling","10":"tag-deportes","11":"tag-es","12":"tag-espana","13":"tag-spain","14":"tag-sports"},"share_on_mastodon":{"url":"","error":""},"_links":{"self":[{"href":"https:\/\/www.europesays.com\/es\/wp-json\/wp\/v2\/posts\/146645","targetHints":{"allow":["GET"]}}],"collection":[{"href":"https:\/\/www.europesays.com\/es\/wp-json\/wp\/v2\/posts"}],"about":[{"href":"https:\/\/www.europesays.com\/es\/wp-json\/wp\/v2\/types\/post"}],"author":[{"embeddable":true,"href":"https:\/\/www.europesays.com\/es\/wp-json\/wp\/v2\/users\/2"}],"replies":[{"embeddable":true,"href":"https:\/\/www.europesays.com\/es\/wp-json\/wp\/v2\/comments?post=146645"}],"version-history":[{"count":0,"href":"https:\/\/www.europesays.com\/es\/wp-json\/wp\/v2\/posts\/146645\/revisions"}],"wp:featuredmedia":[{"embeddable":true,"href":"https:\/\/www.europesays.com\/es\/wp-json\/wp\/v2\/media\/146646"}],"wp:attachment":[{"href":"https:\/\/www.europesays.com\/es\/wp-json\/wp\/v2\/media?parent=146645"}],"wp:term":[{"taxonomy":"category","embeddable":true,"href":"https:\/\/www.europesays.com\/es\/wp-json\/wp\/v2\/categories?post=146645"},{"taxonomy":"post_tag","embeddable":true,"href":"https:\/\/www.europesays.com\/es\/wp-json\/wp\/v2\/tags?post=146645"}],"curies":[{"name":"wp","href":"https:\/\/api.w.org\/{rel}","templated":true}]}}