{"id":146651,"date":"2025-09-29T14:39:10","date_gmt":"2025-09-29T14:39:10","guid":{"rendered":"https:\/\/www.europesays.com\/es\/146651\/"},"modified":"2025-09-29T14:39:10","modified_gmt":"2025-09-29T14:39:10","slug":"el-real-betis-realiza-su-ofrenda-floral-del-curso-2025-26-en-la-hermandad-del-museo","status":"publish","type":"post","link":"https:\/\/www.europesays.com\/es\/146651\/","title":{"rendered":"El Real Betis realiza su ofrenda floral del curso 2025-26 en la Hermandad del Museo"},"content":{"rendered":"<p><img decoding=\"async\" class=\"voc-author__img\" src=\"https:\/\/www.europesays.com\/es\/wp-content\/uploads\/2025\/07\/autor-3498-foto-5.png\" alt=\"Fran Montes de Oca\"\/><\/p>\n<p>29\/09\/2025<br \/>\n<br \/><strong><br \/>\nActualizado a las 15:25h.<br \/>\n<\/strong><\/p>\n<p class=\"voc-p\" style=\"\">El <strong>Real Betis<\/strong> realiz\u00f3 este lunes su tradicional ofrenda floral de cada inicio de temporada; este curso 2025-2026 ante los venerados titulares de la <strong>Hermandad del Museo<\/strong>. Al solemne acto ha acudido la plana mayor del club, encabezada por el presidente, \u00c1ngel Haro, y el vicepresidente, Jos\u00e9 Miguel L\u00f3pez Catal\u00e1n; el consejo de administraci\u00f3n; el director deportivo, Manu Fajardo; Pellegrini junto a su cuerpo t\u00e9cnico, Rafael Gordillo, Joaqu\u00edn S\u00e1nchez, as\u00ed como el grueso de la primera plantilla verdiblanca. No pudieron asistir, por diferentes motivos, Isco, Deossa, Natan, Amrabat, Antony y Abde.<\/p>\n<p class=\"voc-p\" style=\"\">La junta de gobierno de la cofrad\u00eda del <strong>Lunes Santo<\/strong> fue la encargada de recibir a los representantes de la entidad. Este a\u00f1o, la elecci\u00f3n del Museo tiene un significado especial. Y es que el Real Betis Balompi\u00e9 ha querido con su ofrenda rendir homenaje a la fecunda historia de la Archicofrad\u00eda del Cristo de la Expiraci\u00f3n y la Virgen de las Aguas, que conmemora nada menos que el <strong>450 aniversario de su fundaci\u00f3n<\/strong> y de la creaci\u00f3n del impresionante Crucificado de Marcos Cabrera.<\/p>\n<p>Video.<\/p>\n<p>El Betis, en la capilla del Museo<\/p>\n<p>V\u00edctor Rodr\u00edguez \/ ABC<\/p>\n<p class=\"voc-p\" style=\"\">Adem\u00e1s de su valor hist\u00f3rico, el Betis quiere destacar la <strong>labor social<\/strong> de la Hermandad, permanentemente volcada en obras asistenciales a trav\u00e9s de su Patronato ben\u00e9fico-social, especialmente intensificadas con motivo de este aniversario.<\/p>\n<p>\nRecorrido por la Fe y la Afici\u00f3n B\u00e9tica\n<\/p>\n<p class=\"voc-p\" style=\"\">La celebraci\u00f3n de esta ofrenda que el Betis realiza cada a\u00f1o en distintos templos es una tradici\u00f3n instaurada por el consejo b\u00e9tico hace ya una d\u00e9cada. El objetivo es agradecer <strong>la fidelidad y el inquebrantable apoyo de los b\u00e9ticos en cada rinc\u00f3n de Sevilla y su provincia<\/strong>, reconociendo a las hermandades y cofrad\u00edas como pilares de la devoci\u00f3n popular andaluza.<\/p>\n<p class=\"voc-p\" style=\"\">A lo largo de estos a\u00f1os, el club ha visitado lugares emblem\u00e1ticos: desde el Cerro del \u00c1guila (2015) y Santa Genoveva (2016), pasando por Triana (Esperanza de Triana y Divina Pastora en 2017), hasta pueblos como Dos Hermanas (Valme en 2018), Coria del R\u00edo (Estrella en 2019), Villaverde del R\u00edo (Aguas Santas en 2022) o Tomares (Sacramental en 2024). Tambi\u00e9n se han realizado actos significativos en la Macarena (2023) y el hist\u00f3rico traslado del Se\u00f1or del Gran Poder (2021), con la \u00fanica pausa forzosa en 2020 a causa de la pandemia global.<\/p>\n<p>Reportar un error<\/p>\n","protected":false},"excerpt":{"rendered":"29\/09\/2025 Actualizado a las 15:25h. El Real Betis realiz\u00f3 este lunes su tradicional ofrenda floral de cada inicio&hellip;\n","protected":false},"author":2,"featured_media":146652,"comment_status":"","ping_status":"","sticky":false,"template":"","format":"standard","meta":{"footnotes":""},"categories":[268],"tags":[291,168,25,24,280,282,13456,470,21322,281,23,167],"class_list":{"0":"post-146651","1":"post","2":"type-post","3":"status-publish","4":"format-standard","5":"has-post-thumbnail","7":"category-futbol","8":"tag-betis","9":"tag-deportes","10":"tag-es","11":"tag-espana","12":"tag-football","13":"tag-futbol","14":"tag-hermandad","15":"tag-museo","16":"tag-ofrenda","17":"tag-soccer","18":"tag-spain","19":"tag-sports"},"share_on_mastodon":{"url":"","error":""},"_links":{"self":[{"href":"https:\/\/www.europesays.com\/es\/wp-json\/wp\/v2\/posts\/146651","targetHints":{"allow":["GET"]}}],"collection":[{"href":"https:\/\/www.europesays.com\/es\/wp-json\/wp\/v2\/posts"}],"about":[{"href":"https:\/\/www.europesays.com\/es\/wp-json\/wp\/v2\/types\/post"}],"author":[{"embeddable":true,"href":"https:\/\/www.europesays.com\/es\/wp-json\/wp\/v2\/users\/2"}],"replies":[{"embeddable":true,"href":"https:\/\/www.europesays.com\/es\/wp-json\/wp\/v2\/comments?post=146651"}],"version-history":[{"count":0,"href":"https:\/\/www.europesays.com\/es\/wp-json\/wp\/v2\/posts\/146651\/revisions"}],"wp:featuredmedia":[{"embeddable":true,"href":"https:\/\/www.europesays.com\/es\/wp-json\/wp\/v2\/media\/146652"}],"wp:attachment":[{"href":"https:\/\/www.europesays.com\/es\/wp-json\/wp\/v2\/media?parent=146651"}],"wp:term":[{"taxonomy":"category","embeddable":true,"href":"https:\/\/www.europesays.com\/es\/wp-json\/wp\/v2\/categories?post=146651"},{"taxonomy":"post_tag","embeddable":true,"href":"https:\/\/www.europesays.com\/es\/wp-json\/wp\/v2\/tags?post=146651"}],"curies":[{"name":"wp","href":"https:\/\/api.w.org\/{rel}","templated":true}]}}