{"id":146653,"date":"2025-09-29T14:40:10","date_gmt":"2025-09-29T14:40:10","guid":{"rendered":"https:\/\/www.europesays.com\/es\/146653\/"},"modified":"2025-09-29T14:40:10","modified_gmt":"2025-09-29T14:40:10","slug":"por-vosotras-no-mato-muero","status":"publish","type":"post","link":"https:\/\/www.europesays.com\/es\/146653\/","title":{"rendered":"Por vosotras no mato, muero"},"content":{"rendered":"<p id=\"eU9TFc_xIn\" data-wc=\"71\"><strong>Miki Nadal\u00a0<\/strong>celebra una vuelta m\u00e1s al sol. El carism\u00e1tico presentador de Zapeando\u00a0soplas las velas de su 58 cumplea\u00f1os rodeados de <a class=\"hm-link ho-link\" href=\"https:\/\/www.hola.com\/actualidad\/20240917718645\/miki-nadal-en-casa-tres-hijas\/\" data-mrf-recirculation=\"article-body-link\" rel=\"nofollow noopener\" target=\"_blank\">su mujer y sus tres hijas<\/a>: Carmen naci\u00f3 de su relaci\u00f3n con Carola Esc\u00e1mez, y Galatea y \u00c1ngela, de su relaci\u00f3n actual con Helena Aldea, con quien lleva cinco a\u00f1os de feliz relaci\u00f3n. Si de algo disfruta plenamente, es de pasar tiempo con <strong>las cuatro mujeres de su vida.<\/strong><\/p>\n<p> <img src=\"https:\/\/www.europesays.com\/es\/wp-content\/uploads\/2025\/09\/41eab2bf0aa7-miki-nadal.jpg\"   width=\"768\" height=\"1024\" loading=\"lazy\" decoding=\"async\" alt=\"Miki Nadal celebra su cumple con su mujer y sus tres hijas\" fetchpriority=\"auto\" class=\"image ho-image\"\/>\u00a9 nadalmikiMiki Nadal celebra su cumple con su mujer y sus tres hijas<\/p>\n<p id=\"eUS7yI9k63\" data-wc=\"104\">As\u00ed lo ha expresado a trav\u00e9s de unas emotivas palabras: \u00abCuantos m\u00e1s a\u00f1os cumples, m\u00e1s r\u00e1pido pasa el tiempo. Por eso yo lo quiero aprovechar y exprimir sin demora y la mejor manera de vivir mi vida es pasar el mayor tiempo posible con estas tres bendiciones que la diosa Fortuna me ha regalado y <strong>al lado de la mujer y madre que m\u00e1s admiro y quiero en este mundo.<\/strong> Poquito m\u00e1s me hace falta para ser completamente feliz. Y hoy soy tan feliz que me apetece compartirlo con todo el mundo. Carmen, Galatea, \u00c1ngela, Helena, yo por vosotras no mato\u2026 Por vosotras muero\u00bb.<\/p>\n<p id=\"evVU417BQN\" data-wc=\"93\">Sus seguidores no tardaron en felicitarle con muestras de cari\u00f1o y mensajes en los que destacaban su faceta m\u00e1s entra\u00f1able, la de padre entregado y compa\u00f1ero incondicional. \u00ab\u00a1Muchas Felicidades Miki! Disfruta a tope con tu hermosa familia!\u00bb, le ha deseado<strong>\u00a0Jaydy Michel,<\/strong> mientras que<strong>\u00a0Chenoa l<\/strong>e dedica: \u00abFelicidades rey, sois luz. Otra de las felicitaciones m\u00e1s destacadas ha sido la de<strong>\u00a0Cristina Pedroche, su compa\u00f1era y amiga \u00edntima,<\/strong> que fue quien le present\u00f3 a Helena Aldea y es <a class=\"hm-link ho-link\" href=\"https:\/\/www.hola.com\/actualidad\/20230418230190\/cristina-pedroche-bautizo-hija-miki-nadal\/\" data-mrf-recirculation=\"article-body-link\" rel=\"nofollow noopener\" target=\"_blank\">la madrina de bautismo de su hija Galatea<\/a>. \u00abTe queremos, feliz cumplea\u00f1os\u00bb, le ha deseado.<\/p>\n<p> <img src=\"https:\/\/www.europesays.com\/es\/wp-content\/uploads\/2025\/09\/8c16edd1cc17-helena-aldea-z.jpg\"   width=\"913\" height=\"1024\" loading=\"lazy\" decoding=\"async\" alt=\"helena aldea\" fetchpriority=\"auto\" class=\"image ho-image\"\/>\u00a9 caprichealcMiki Nadal conoci\u00f3 a Helena Aldea gracias a Cristina Pedroche<\/p>\n<p id=\"ei_m2SiDut\" data-wc=\"119\">Miki Nadal ha encontrado en su familia su mejor refugio, aunque no lo puede disfrutar todo el tiempo que le gustar\u00eda. Carmen, de 10 a\u00f1os, naci\u00f3 fruto de su matrimonio con Carola Esc\u00e1mez, de quien se separ\u00f3 en 2019, una ruptura que trajo un largo y <a class=\"hm-link ho-link\" href=\"https:\/\/www.hola.com\/actualidad\/20211130200559\/carola-escamez-miki-nadal-victoria\/\" data-mrf-recirculation=\"article-body-link\" rel=\"nofollow noopener\" target=\"_blank\">duro litigio para la expareja, y que no parece tener fin<\/a>. Entretanto, el humorista pasa la mayor parte de su tiempo en Madrid, donde trabaja al frente del programa\u00a0Zapeando, mientras que su pareja, Helena Aldea, tiene su sede laboral en Alicante. Es cofundadora de la marca de ropa Capriche,\u00a0una firma que visten Paula Echevarr\u00eda, la influencer Marta Carriedo y Eva Gonz\u00e1lez, entre otras, y tiene su tienda en la ciudad mediterr\u00e1nea.<\/p>\n<p> <img src=\"https:\/\/www.europesays.com\/es\/wp-content\/uploads\/2025\/09\/8a248d652141-europapress6203661mikinadalhelenaaldeapresentanhijaangelasalidaruber1.jpg\"   width=\"1024\" height=\"682\" loading=\"lazy\" decoding=\"async\" alt=\"Miki Nadal y Helena Aldea salen del hospital con \u00c1ngela, su segunda hija en com\u00fan\" fetchpriority=\"auto\" class=\"image ho-image\"\/>\u00a9 Europa PressMiki Nadal y Helena Aldea tras ser padres de su hija \u00c1ngela<\/p>\n<p id=\"eiBePxR3mW9\" data-wc=\"72\">Su hija peque\u00f1a,<strong>\u00a0\u00c1ngela, cumpli\u00f3 su primer a\u00f1o el pasado 9 de septiembre<\/strong>, mientras que Galatea, cumplir\u00e1 tres el pr\u00f3ximo 14 de octubre, y ya ha comenzado el curso escolar en Alicante, tal y como ha se\u00f1alado\u00a0El Espa\u00f1ol. Aunque de momento no han pasado por el altar, el humorista ha encontrado la estabilidad al lado de la dise\u00f1adora Helena Aldea, a la que conoci\u00f3 en el desaparecido StreetXO de Dabiz Mu\u00f1oz.<\/p>\n","protected":false},"excerpt":{"rendered":"Miki Nadal\u00a0celebra una vuelta m\u00e1s al sol. El carism\u00e1tico presentador de Zapeando\u00a0soplas las velas de su 58 cumplea\u00f1os&hellip;\n","protected":false},"author":2,"featured_media":146654,"comment_status":"","ping_status":"","sticky":false,"template":"","format":"standard","meta":{"footnotes":""},"categories":[174],"tags":[517,255,146,147,25,24,256,45014,23],"class_list":{"0":"post-146653","1":"post","2":"type-post","3":"status-publish","4":"format-standard","5":"has-post-thumbnail","7":"category-famosos","8":"tag-actualidad","9":"tag-celebrities","10":"tag-entertainment","11":"tag-entretenimiento","12":"tag-es","13":"tag-espana","14":"tag-famosos","15":"tag-miki-nadal","16":"tag-spain"},"share_on_mastodon":{"url":"","error":""},"_links":{"self":[{"href":"https:\/\/www.europesays.com\/es\/wp-json\/wp\/v2\/posts\/146653","targetHints":{"allow":["GET"]}}],"collection":[{"href":"https:\/\/www.europesays.com\/es\/wp-json\/wp\/v2\/posts"}],"about":[{"href":"https:\/\/www.europesays.com\/es\/wp-json\/wp\/v2\/types\/post"}],"author":[{"embeddable":true,"href":"https:\/\/www.europesays.com\/es\/wp-json\/wp\/v2\/users\/2"}],"replies":[{"embeddable":true,"href":"https:\/\/www.europesays.com\/es\/wp-json\/wp\/v2\/comments?post=146653"}],"version-history":[{"count":0,"href":"https:\/\/www.europesays.com\/es\/wp-json\/wp\/v2\/posts\/146653\/revisions"}],"wp:featuredmedia":[{"embeddable":true,"href":"https:\/\/www.europesays.com\/es\/wp-json\/wp\/v2\/media\/146654"}],"wp:attachment":[{"href":"https:\/\/www.europesays.com\/es\/wp-json\/wp\/v2\/media?parent=146653"}],"wp:term":[{"taxonomy":"category","embeddable":true,"href":"https:\/\/www.europesays.com\/es\/wp-json\/wp\/v2\/categories?post=146653"},{"taxonomy":"post_tag","embeddable":true,"href":"https:\/\/www.europesays.com\/es\/wp-json\/wp\/v2\/tags?post=146653"}],"curies":[{"name":"wp","href":"https:\/\/api.w.org\/{rel}","templated":true}]}}