{"id":146655,"date":"2025-09-29T14:41:23","date_gmt":"2025-09-29T14:41:23","guid":{"rendered":"https:\/\/www.europesays.com\/es\/146655\/"},"modified":"2025-09-29T14:41:23","modified_gmt":"2025-09-29T14:41:23","slug":"una-casa-pequena-35-m2-aumenta-su-espacio-con-soluciones-creativas-y-acogedoras","status":"publish","type":"post","link":"https:\/\/www.europesays.com\/es\/146655\/","title":{"rendered":"Una casa peque\u00f1a 35 m2 aumenta su espacio con soluciones creativas y acogedoras"},"content":{"rendered":"<p><strong>Una casa peque\u00f1a en Mil\u00e1n que parece mucho m\u00e1s grande que sus 35 metros cuadrados.<\/strong><\/p>\n<p>Vivir en un espacio reducido no significa sacrificar la comodidad, ni mucho menos la belleza. De hecho, los datos sugieren todo lo contrario: a menudo, el espacio limitado inspira soluciones creativas, capaces de transformar las limitaciones en oportunidades. Este es el caso de esta <strong>casa peque\u00f1a en Mil\u00e1n<\/strong>, en el coraz\u00f3n de la ciudad, dise\u00f1ada por Elena Tomlenova y su equipo de Archventil. Aqu\u00ed, en tan solo 35 metros cuadrados, cobra vida un proyecto que es mucho m\u00e1s que una simple vivienda: \u201ces un laboratorio de ideas y un ejemplo concreto de c\u00f3mo el dise\u00f1o puede cambiar nuestra forma de vida\u201d. <strong>Cada elemento fue dise\u00f1ado para maximizar el espacio<\/strong>, creando la sensaci\u00f3n de estar en un lugar m\u00e1s amplio y di\u00e1fano de lo que su tama\u00f1o sugiere.<\/p>\n<p>El secreto, quiz\u00e1s, reside en el uso inteligente de <strong>la luz natural<\/strong>, en <strong>la elecci\u00f3n de colores<\/strong> que amplifican la percepci\u00f3n y en <strong>soluciones personalizadas<\/strong> que optimizan cada cent\u00edmetro. Armarios que se integran con las paredes, muebles multifuncionales y detalles arquitect\u00f3nicos inteligentes. El proyecto se convierte as\u00ed en un <strong>manifiesto del dise\u00f1o contempor\u00e1neo<\/strong>: <strong>acogedor, funcional y refinado.<\/strong> No solo un espacio habitable, sino un lugar que demuestra c\u00f3mo incluso las dimensiones m\u00e1s peque\u00f1as pueden ofrecer armon\u00eda, comodidad y, sobre todo, belleza.<\/p>\n<p>\u00abCada detalle est\u00e1 calibrado al mil\u00edmetro\u00bb, explica la dise\u00f1adora Eelena Tomlenova, \u00abcada elecci\u00f3n de mobiliario dialoga con la arquitectura: el resultado es un refugio urbano donde est\u00e9tica y funcionalidad coexisten en perfecto equilibrio\u00bb.<\/p>\n<p><img decoding=\"async\" alt=\"Recmara minimalista con espejo\" loading=\"lazy\" class=\"ResponsiveImageContainer-eNxvmU cfBbTk responsive-image__image\"   src=\"https:\/\/www.europesays.com\/es\/wp-content\/uploads\/2025\/09\/1759156882_48_5.jpg\"\/><\/p>\n<p>Alessandro Santi.<\/p>\n<p><img decoding=\"async\" alt=\"Elena Tomlenova posa en su recmara minimalista con espejo\" loading=\"lazy\" class=\"ResponsiveImageContainer-eNxvmU cfBbTk responsive-image__image\"   src=\"https:\/\/www.europesays.com\/es\/wp-content\/uploads\/2025\/09\/9.jpg\"\/><\/p>\n<p>Alessandro Santi<\/p>\n<p>\u00bfC\u00f3mo optimizar al m\u00e1ximo un espacio reducido?<\/p>\n<p><strong>El proyecto de esta casa peque\u00f1a<\/strong> <strong>nace de la necesidad de crear un espacio a medida.<\/strong> Una vivienda en Mil\u00e1n capaz de combinar comodidad y modernidad sin sacrificar la elegancia. \u201cEl objetivo era crear un espacio \u00edntimo, pero funcional, acogedor y refinado, donde cada detalle contribuye a una atm\u00f3sfera equilibrada y personal\u201d. La pared color ladrillo, que se repite como un leitmotiv desde la entrada hasta el dormitorio, introduce una atm\u00f3sfera c\u00e1lida y sofisticada, convirti\u00e9ndose en un aut\u00e9ntico hilo conductor visual y crom\u00e1tico. En contraste, los tonos m\u00e1s suaves de beige y gris paloma <a href=\"https:\/\/www.admagazine.com\/articulos\/un-pequeno-departamento-de-32-m2-es-organizado-con-un-almacenamiento-inteligente\" target=\"_blank\" rel=\"nofollow noopener\">extienden el espacio<\/a>, aportando una sensaci\u00f3n de amplitud, luminosidad y una armon\u00eda generalizada. El mobiliario cuidadosamente seleccionado y <strong>la abundante luz natural que se filtra por las ventanas<\/strong> completan el efecto general, transformando el espacio en un elegante y contempor\u00e1neo refugio urbano.<\/p>\n<p><img decoding=\"async\" alt=\"Habitaci\u00f3n con decoraci\u00f3n geomtrica\" loading=\"lazy\" class=\"ResponsiveImageContainer-eNxvmU cfBbTk responsive-image__image\"   src=\"https:\/\/www.europesays.com\/es\/wp-content\/uploads\/2025\/09\/1759156882_287_18.jpg\"\/><\/p>\n<p>Alessandro Santi<\/p>\n<p>El coraz\u00f3n del proyecto reside en la confecci\u00f3n de los interiores<\/p>\n<p>La caracter\u00edstica clave de este proyecto es la pared de cristal dise\u00f1ada a medida con marcos de acero. No es solo una soluci\u00f3n funcional, sino un toque verdaderamente impactante. Define los espacios sin cerrarlos por completo, permitiendo que la luz fluya libremente en la <strong>casa peque\u00f1a<\/strong> y mantenga la sensaci\u00f3n de amplitud. \u201cEs ese <a href=\"https:\/\/www.admagazine.com\/articulos\/formas-de-usar-pintura-para-crear-elementos-arquitectonicos\" target=\"_blank\" rel=\"nofollow noopener\">elemento arquitect\u00f3nico<\/a> el que dota al hogar de un car\u00e1cter inmediato\u201d, revela el estudio. Junto a \u00e9l, la cocina y el armario, dise\u00f1ados por Centro Veneto del Mobile, maximizan las dimensiones compactas. En el suelo, la calidez del parqu\u00e9 natural de CP Parquet amplifica la sensaci\u00f3n de bienvenida, mientras que el mobiliario seleccionado \u2014desde Bolzan hasta Connubia, desde Kavehome hasta Zara Home\u2014 expresa una precisa elecci\u00f3n estil\u00edstica: funcional pero nunca predecible, sofisticado pero con toques accesibles. Cada pieza est\u00e1 dise\u00f1ada como parte de una narrativa \u00fanica. Desde la cama con canap\u00e9 que oculta espacio extra hasta el sof\u00e1 cama para recibir invitados, desde los pufs redondos que tambi\u00e9n sirven como mesas de centro hasta la mesa de centro que transforma el sal\u00f3n en un lugar de encuentro. <strong>Un detalle recurrente une todo: la geometr\u00eda del c\u00edrculo<\/strong>. Se repite en las l\u00e1mparas, los accesorios e incluso en el ba\u00f1o, creando una sensaci\u00f3n de continuidad que hace que la vivienda se perciba fluida, armoniosa y sorprendentemente coherente.<\/p>\n<p>A pesar de sus reducidas dimensiones\u00bb, prosigue Elena, \u00abesta casa resulta sorprendentemente generosa en t\u00e9rminos de funcionalidad\u00bb.<\/p>\n<p><img decoding=\"async\" alt=\"Habitaci\u00f3n con pared naranja y cortinas blancas\" loading=\"lazy\" class=\"ResponsiveImageContainer-eNxvmU cfBbTk responsive-image__image\"   src=\"https:\/\/www.europesays.com\/es\/wp-content\/uploads\/2025\/09\/22.jpg\"\/><\/p>\n<p>Alessandro Santi<\/p>\n","protected":false},"excerpt":{"rendered":"Una casa peque\u00f1a en Mil\u00e1n que parece mucho m\u00e1s grande que sus 35 metros cuadrados. Vivir en un&hellip;\n","protected":false},"author":2,"featured_media":146656,"comment_status":"","ping_status":"","sticky":false,"template":"","format":"standard","meta":{"footnotes":""},"categories":[173],"tags":[229,233,231,230,9258,8372,232,234,146,147,25,24,23],"class_list":{"0":"post-146655","1":"post","2":"type-post","3":"status-publish","4":"format-standard","5":"has-post-thumbnail","7":"category-arte-y-diseno","8":"tag-arte","9":"tag-arte-y-diseno","10":"tag-arts","11":"tag-arts-and-design","12":"tag-casas-pequenas","13":"tag-decoracion","14":"tag-design","15":"tag-diseno","16":"tag-entertainment","17":"tag-entretenimiento","18":"tag-es","19":"tag-espana","20":"tag-spain"},"share_on_mastodon":{"url":"","error":""},"_links":{"self":[{"href":"https:\/\/www.europesays.com\/es\/wp-json\/wp\/v2\/posts\/146655","targetHints":{"allow":["GET"]}}],"collection":[{"href":"https:\/\/www.europesays.com\/es\/wp-json\/wp\/v2\/posts"}],"about":[{"href":"https:\/\/www.europesays.com\/es\/wp-json\/wp\/v2\/types\/post"}],"author":[{"embeddable":true,"href":"https:\/\/www.europesays.com\/es\/wp-json\/wp\/v2\/users\/2"}],"replies":[{"embeddable":true,"href":"https:\/\/www.europesays.com\/es\/wp-json\/wp\/v2\/comments?post=146655"}],"version-history":[{"count":0,"href":"https:\/\/www.europesays.com\/es\/wp-json\/wp\/v2\/posts\/146655\/revisions"}],"wp:featuredmedia":[{"embeddable":true,"href":"https:\/\/www.europesays.com\/es\/wp-json\/wp\/v2\/media\/146656"}],"wp:attachment":[{"href":"https:\/\/www.europesays.com\/es\/wp-json\/wp\/v2\/media?parent=146655"}],"wp:term":[{"taxonomy":"category","embeddable":true,"href":"https:\/\/www.europesays.com\/es\/wp-json\/wp\/v2\/categories?post=146655"},{"taxonomy":"post_tag","embeddable":true,"href":"https:\/\/www.europesays.com\/es\/wp-json\/wp\/v2\/tags?post=146655"}],"curies":[{"name":"wp","href":"https:\/\/api.w.org\/{rel}","templated":true}]}}