{"id":146657,"date":"2025-09-29T14:42:10","date_gmt":"2025-09-29T14:42:10","guid":{"rendered":"https:\/\/www.europesays.com\/es\/146657\/"},"modified":"2025-09-29T14:42:10","modified_gmt":"2025-09-29T14:42:10","slug":"es-una-de-las-librerias-mas-bonitas-del-mundo-y-esta-en-madrid","status":"publish","type":"post","link":"https:\/\/www.europesays.com\/es\/146657\/","title":{"rendered":"Es una de las librer\u00edas m\u00e1s bonitas del mundo&#8230; y est\u00e1 en Madrid"},"content":{"rendered":"<p data-start=\"267\" data-end=\"689\">En el n\u00famero 19 de la calle de Lope de Vega, en el coraz\u00f3n del <a href=\"https:\/\/www.timeout.es\/madrid\/es\/que-hacer\/las-letras-barrio\" rel=\"nofollow noopener\" target=\"_blank\">Barrio de las Letras<\/a>, se esconde un lugar que muchos consideran la librer\u00eda m\u00e1s bonita de Madrid y una de las m\u00e1s bellas del mundo: la <strong data-start=\"390\" data-end=\"411\">Miguel de Miranda<\/strong>. Fundada en 1949, este refugio literario se ha convertido en un para\u00edso para los cazadores de rarezas y para los que adoran el aroma de los libros viejos y los secretos que esconden. Sus estanter\u00edas esconden primeras ediciones, ejemplares descatalogados y vol\u00famenes que resultan pr\u00e1cticamente imposibles de encontrar en otros rincones del mundo editorial.<\/p>\n<p data-start=\"691\" data-end=\"1190\">El dise\u00f1o del espacio es parte de su encanto. Dos plantas unidas por una <strong data-start=\"764\" data-end=\"787\">escalera de caracol<\/strong> invitan al visitante a perderse entre columnas doradas, relojes antiguos y mapas que conviven con miles de libros apilados hasta el techo. Arriba, desde la balconada, decenas de cuadros parecen vigilar a los curiosos que recorren el local en busca de una nueva joya literaria. El ambiente recuerda a las bibliotecas de novela cl\u00e1sica y ha llevado a compararla con la c\u00e9lebre librer\u00eda Lello de Oporto.<\/p>\n<p><img decoding=\"async\" id=\"017c0971-ec40-f36d-64bf-ada26ce8ea64\" class=\"photo lazy inline\" loading=\"lazy\" data-component=\"lazy-embed\" src=\"https:\/\/www.europesays.com\/es\/wp-content\/uploads\/2025\/09\/1759156930_88_image.webp.webp\" alt=\"Librer\u00eda Miguel de Miranda.\" data-caption=\"\" data-credit=\"Librer\u00eda Miguel de Miranda.\" data-width-class=\"\" data-image-id=\"106324282\"\/>&#13;<br \/>\nLibrer\u00eda Miguel de Miranda.&#13;<\/p>\n<p>Un viaje al pasado<\/p>\n<p data-start=\"1192\" data-end=\"1589\">Pero la magia de la Miguel de Miranda va m\u00e1s all\u00e1 de su interior. Est\u00e1 enclavada en un barrio\u00a0donde caminar es hacerlo sobre la huella de<strong> Lope, Cervantes, G\u00f3ngora o Quevedo.<\/strong> All\u00ed, la literatura se respira en cada esquina.<\/p>\n<p data-start=\"1591\" data-end=\"1844\">Visitar esta librer\u00eda es mucho m\u00e1s que comprar un libro: es adentrarse en <strong>un pedazo de historia de la ciudad,<\/strong> rodearse de belleza y descubrir que todav\u00eda existen espacios donde los libros, antiguos o nuevos, siguen siendo los aut\u00e9nticos protagonistas.<\/p>\n<p><strong>NO TE LO PIERDAS:\u00a0<a href=\"https:\/\/www.timeout.es\/madrid\/es\/noticias\/libros-a-1-euro-primeras-ediciones-y-manuscritos-originales-vuelve-esta-feria-literaria-otonal-a-madrid-082725\" rel=\"nofollow noopener\" target=\"_blank\">Joyas literarias, manuscritos originales y t\u00edtulos a 1 euro: vuelve a Madrid la feria donde encontrar libros \u00fanicos<\/a><\/strong><br \/>\n<strong>\u00bfBuscas m\u00e1s planes? \u00a1Inscr\u00edbete en nuestra\u00a0<a href=\"https:\/\/www.timeout.es\/madrid\/es\/newsletter?cid=mad~editorial~acquisition~newsletter~contentlink\" target=\"_blank\" data-saferedirecturl=\"https:\/\/www.google.com\/url?q=https:\/\/www.timeout.es\/madrid\/es\/newsletter?cid%3Dmad~editorial~acquisition~newsletter~contentlink&amp;source=gmail&amp;ust=1715088232784000&amp;usg=AOvVaw1l0Ah0eZexOJldYPoJn4E1\" rel=\"nofollow noopener\">newsletter<\/a>\u00a0y no te pierdas ninguno!<\/strong><\/p>\n","protected":false},"excerpt":{"rendered":"En el n\u00famero 19 de la calle de Lope de Vega, en el coraz\u00f3n del Barrio de las&hellip;\n","protected":false},"author":2,"featured_media":146658,"comment_status":"","ping_status":"","sticky":false,"template":"","format":"standard","meta":{"footnotes":""},"categories":[172],"tags":[224,29924,146,147,25,24,23426,225,29927,11378,23,28714],"class_list":{"0":"post-146657","1":"post","2":"type-post","3":"status-publish","4":"format-standard","5":"has-post-thumbnail","7":"category-libros","8":"tag-books","9":"tag-categorias-que-hacer","10":"tag-entertainment","11":"tag-entretenimiento","12":"tag-es","13":"tag-espana","14":"tag-global-kickers-love-local","15":"tag-libros","16":"tag-noticias-ciudad","17":"tag-que-hacer","18":"tag-spain","19":"tag-tema-good-for-para-llevar-a-turistas"},"share_on_mastodon":{"url":"","error":""},"_links":{"self":[{"href":"https:\/\/www.europesays.com\/es\/wp-json\/wp\/v2\/posts\/146657","targetHints":{"allow":["GET"]}}],"collection":[{"href":"https:\/\/www.europesays.com\/es\/wp-json\/wp\/v2\/posts"}],"about":[{"href":"https:\/\/www.europesays.com\/es\/wp-json\/wp\/v2\/types\/post"}],"author":[{"embeddable":true,"href":"https:\/\/www.europesays.com\/es\/wp-json\/wp\/v2\/users\/2"}],"replies":[{"embeddable":true,"href":"https:\/\/www.europesays.com\/es\/wp-json\/wp\/v2\/comments?post=146657"}],"version-history":[{"count":0,"href":"https:\/\/www.europesays.com\/es\/wp-json\/wp\/v2\/posts\/146657\/revisions"}],"wp:featuredmedia":[{"embeddable":true,"href":"https:\/\/www.europesays.com\/es\/wp-json\/wp\/v2\/media\/146658"}],"wp:attachment":[{"href":"https:\/\/www.europesays.com\/es\/wp-json\/wp\/v2\/media?parent=146657"}],"wp:term":[{"taxonomy":"category","embeddable":true,"href":"https:\/\/www.europesays.com\/es\/wp-json\/wp\/v2\/categories?post=146657"},{"taxonomy":"post_tag","embeddable":true,"href":"https:\/\/www.europesays.com\/es\/wp-json\/wp\/v2\/tags?post=146657"}],"curies":[{"name":"wp","href":"https:\/\/api.w.org\/{rel}","templated":true}]}}