{"id":146664,"date":"2025-09-29T14:46:07","date_gmt":"2025-09-29T14:46:07","guid":{"rendered":"https:\/\/www.europesays.com\/es\/146664\/"},"modified":"2025-09-29T14:46:07","modified_gmt":"2025-09-29T14:46:07","slug":"aplazado-el-encuentro-entre-el-valencia-cf-y-el-real-oviedo-real-oviedo","status":"publish","type":"post","link":"https:\/\/www.europesays.com\/es\/146664\/","title":{"rendered":"Aplazado el encuentro entre el Valencia CF y el Real Oviedo | Real Oviedo"},"content":{"rendered":"<p>Las autoridades competentes, reunidas en la ma\u00f1ana de este lunes, han decidido aplazar el encuentro que deb\u00eda enfrentar esta noche al Valencia CF y al Real Oviedo en Mestalla, correspondiente a la s\u00e9ptima jornada de LALIGA, debido a la alerta roja que afecta a la ciudad de Valencia por las adversas condiciones meteorol\u00f3gicas.<\/p>\n<p>El Real Oviedo respalda la decisi\u00f3n adoptada, siempre priorizando la seguridad de todos los implicados. El Club quiere trasladar un mensaje de prudencia a sus aficionados, a quienes insta a extremar la precauci\u00f3n y a seguir en todo momento las indicaciones y notificaciones de las autoridades. Lamentamos los inconvenientes ocasionados a los seguidores oviedistas desplazados por el aplazamiento del partido.<\/p>\n<p>El choque ante el Valencia CF se disputar\u00e1 ma\u00f1ana martes, 30 de septiembre, en Mestalla a las 20:00 horas.<\/p>\n","protected":false},"excerpt":{"rendered":"Las autoridades competentes, reunidas en la ma\u00f1ana de este lunes, han decidido aplazar el encuentro que deb\u00eda enfrentar&hellip;\n","protected":false},"author":2,"featured_media":146665,"comment_status":"","ping_status":"","sticky":false,"template":"","format":"standard","meta":{"footnotes":""},"categories":[93],"tags":[168,25,24,23,167],"class_list":{"0":"post-146664","1":"post","2":"type-post","3":"status-publish","4":"format-standard","5":"has-post-thumbnail","7":"category-deportes","8":"tag-deportes","9":"tag-es","10":"tag-espana","11":"tag-spain","12":"tag-sports"},"share_on_mastodon":{"url":"","error":""},"_links":{"self":[{"href":"https:\/\/www.europesays.com\/es\/wp-json\/wp\/v2\/posts\/146664","targetHints":{"allow":["GET"]}}],"collection":[{"href":"https:\/\/www.europesays.com\/es\/wp-json\/wp\/v2\/posts"}],"about":[{"href":"https:\/\/www.europesays.com\/es\/wp-json\/wp\/v2\/types\/post"}],"author":[{"embeddable":true,"href":"https:\/\/www.europesays.com\/es\/wp-json\/wp\/v2\/users\/2"}],"replies":[{"embeddable":true,"href":"https:\/\/www.europesays.com\/es\/wp-json\/wp\/v2\/comments?post=146664"}],"version-history":[{"count":0,"href":"https:\/\/www.europesays.com\/es\/wp-json\/wp\/v2\/posts\/146664\/revisions"}],"wp:featuredmedia":[{"embeddable":true,"href":"https:\/\/www.europesays.com\/es\/wp-json\/wp\/v2\/media\/146665"}],"wp:attachment":[{"href":"https:\/\/www.europesays.com\/es\/wp-json\/wp\/v2\/media?parent=146664"}],"wp:term":[{"taxonomy":"category","embeddable":true,"href":"https:\/\/www.europesays.com\/es\/wp-json\/wp\/v2\/categories?post=146664"},{"taxonomy":"post_tag","embeddable":true,"href":"https:\/\/www.europesays.com\/es\/wp-json\/wp\/v2\/tags?post=146664"}],"curies":[{"name":"wp","href":"https:\/\/api.w.org\/{rel}","templated":true}]}}