{"id":146666,"date":"2025-09-29T14:47:07","date_gmt":"2025-09-29T14:47:07","guid":{"rendered":"https:\/\/www.europesays.com\/es\/146666\/"},"modified":"2025-09-29T14:47:07","modified_gmt":"2025-09-29T14:47:07","slug":"recomendaciones-y-fechas-por-comunidad-autonoma","status":"publish","type":"post","link":"https:\/\/www.europesays.com\/es\/146666\/","title":{"rendered":"recomendaciones y fechas por comunidad aut\u00f3noma"},"content":{"rendered":"<p class=\"c-paragraph\">Espa\u00f1a empieza la temporada la<a href=\"https:\/\/www.20minutos.es\/nacional\/sanidad-recomienda-grupos-personas-vacunarse-contra-gripe-temporada-2025-2026_6373216_0.html\" rel=\"nofollow noopener\" target=\"_blank\"> campa\u00f1a de vacunaci\u00f3n\u00a0<\/a><b><a href=\"\">frente a la gripe<\/a>. <\/b>Es cierto que desde la temporada de 2021-2022, desde el Ministerio de Sanidad se recomendaba vacunarse contra la gripe y la covid-19 de manera conjunta. Sin embargo, para este a\u00f1o y debido a la escasa circulaci\u00f3n de esta \u00faltima enfermedad, se ha decidido<b> emitir recomendaciones por separado<\/b> para hacer frente a ambos virus. El objetivo, tal y como marca Sanidad, es \u00abreforzar la protecci\u00f3n de las personas m\u00e1s vulnerables para reducir la morbimortalidad, as\u00ed como <b>disminuir el impacto de esas infecciones<\/b> sobre la capacidad de la atenci\u00f3n sanitaria y sociosanitaria\u00bb.\u00a0<\/p>\n<p class=\"c-paragraph\"><b><b>La vacunaci\u00f3n antigripal comenzar\u00e1 el pr\u00f3ximo 15 de octubre<\/b><\/b>\u00a0para todas aquellas personas vulnerables y finalizar\u00e1 el 31 de enero. Para ello, el Sistema Nacional de Salud\u00a0<b>recomienda la vacuna de la gripe <\/b><b>a\u00a0cuatro<b>\u00a0grupos de poblaci\u00f3n en este 2025\/2026.\u00a0<\/b><\/b><\/p>\n<p>Qui\u00e9nes tienen que vacunarse contra la gripe<\/p>\n<p class=\"c-paragraph\">Uno de los grupos que tienen que recibir la vacuna de la gripe establecidos por el Ministerio de Sanidad son las<b> personas con mayor riesgo de complicaciones<\/b>. Es decir, poblaci\u00f3n que supera los 60 a\u00f1os de edad, pero tambi\u00e9n la infantil que va de entre los 6 y 59 meses de edad. Aqu\u00ed tambi\u00e9n se incluyen a las mujeres embarazadas en cualquier trimestre o en puerperio.\u00a0<\/p>\n<p class=\"c-paragraph\">Tambi\u00e9n est\u00e1n incluidas\u00a0<b><b>personas de 5 a 18 a\u00f1os que reciben\u00a0tratamiento prolongado con \u00e1cido acetilsalic\u00edlico<\/b><\/b>, por la posibilidad de desarrollar un s\u00edndrome de Reye tras la gripe. O personas entre 5 y 59 a\u00f1os de edad que presenten estas<b><b>\u00a0condiciones de riesgo<\/b><\/b>\u00a0tras la infecci\u00f3n:<\/p>\n<ul>\n<li>Internas en centros de discapacidad, residencias de mayores e instituciones cerradas.<\/li>\n<li>Diabetes mellitus y s\u00edndrome de Cushing.<\/li>\n<li>Obesidad m\u00f3rbida.<\/li>\n<li>Enfermedades\u00a0cr\u00f3nicas cardiovasculares, neurol\u00f3gicas o respiratorias, incluyendo displasia broncopulmonar, fibrosis qu\u00edstica y asma.<\/li>\n<li>Enfermedad renal cr\u00f3nica y s\u00edndrome nefr\u00f3tico.<\/li>\n<li>Hemoglobinopat\u00edas y anemias o hemofilia, otros trastornos de la coagulaci\u00f3n y trastornos hemorr\u00e1gicos cr\u00f3nicos, as\u00ed como receptores de hemoderivados y transfusiones m\u00faltiples.<\/li>\n<li>Asplenia o disfunci\u00f3n espl\u00e9nica grave.<\/li>\n<li><a href=\"https:\/\/www.20minutos.es\/salud\/medicina\/estos-son-los-sintomas-de-la-insuficiencia-hepatica-una-complicacion-grave-de-muchas-enfermedades-4973894\/\" title=\"Estos son los s\u00edntomas de la insuficiencia hep\u00e1tica, una complicaci\u00f3n grave de muchas enfermedades\" rel=\"nofollow noopener\" target=\"_blank\">Enfermedad hep\u00e1tica cr\u00f3nica<\/a>, incluyendo alcoholismo.<\/li>\n<li>Enfermedades neuromusculares graves.<\/li>\n<li>Inmunosupresi\u00f3n (incluyendo las inmunodeficiencias primarias y la originada por la infecci\u00f3n por VIH o por f\u00e1rmacos, as\u00ed como en los receptores de trasplante, d\u00e9ficit de complemento y terapia CAR-T).<\/li>\n<li>C\u00e1ncer y hemopat\u00edas malignas.<\/li>\n<li>Enfermedad inflamatoria cr\u00f3nica.<\/li>\n<li>Trastornos y enfermedades que conllevan disfunci\u00f3n cognitiva: s\u00edndrome de Down, demencias y otras.<\/li>\n<li>Enfermedad cel\u00edaca.<\/li>\n<li>F\u00edstula de l\u00edquido cefalorraqu\u00eddeo, implante coclear o en espera del mismo.<\/li>\n<li>Personas fumadoras.<\/li>\n<\/ul>\n<p class=\"c-paragraph\">El resto de grupos lo completan las <b>personas que trabajan en servicios esenciales <\/b>(personal sanitario,\u00a0Fuerzas y cuerpos de seguridad del Estado, Fuerzas Armadas, Bomberos y Servicios de protecci\u00f3n civil), <b>personas que puedan transmitir la gripe a poblaci\u00f3n de riesgo <\/b>(personas que proporcionen cuidados domiciliarios, convivientes con enfermos, estudiantes en pr\u00e1cticas en centros sanitarios, etc.) y <b>otros grupos de riesgo<\/b> (personal de guarder\u00edas y centros de educaci\u00f3n infantil\u00a0o personas\u00a0con\u00a0exposici\u00f3n laboral directa a animales o a sus secreciones).<\/p>\n<p class=\"c-paragraph\">Antes de recibir la vacuna, hay que saber si la comunidad aut\u00f3noma ha empezado el proceso de inmunizar a su poblaci\u00f3n.\u00a0<\/p>\n<p>Calendario de vacunaci\u00f3n de la gripe 2025-2026 en Andaluc\u00eda<\/p>\n<p class=\"c-paragraph\"><b>Andaluc\u00eda<\/b>\u00a0ha puesto en marcha <a href=\"https:\/\/www.20minutos.es\/andalucia\/andalucia-vacunacion-gripe_6372322_0.html\" rel=\"nofollow noopener\" target=\"_blank\">su\u00a0<b><b>campa\u00f1a de vacunaci\u00f3n contra la gripe<\/b><\/b>\u00a0para proteger a los ciudadanos<\/a>. Este martes, 30 de septiembre, se empiezan a administrar las primeras dosis a menores de 5 a\u00f1os, embarazadas y docentes de educaci\u00f3n infantil. Tras esto, se abre el calendario al resto de la poblaci\u00f3n. Estas son las fechas se\u00f1aladas:\u00a0<\/p>\n<ul>\n<li><b>30 de septiembre.<\/b>\u00a0Menores de 5 a\u00f1os, embarazadas y docentes de educaci\u00f3n infantil.<\/li>\n<li><b>\u200b6 de octubre. <\/b>Residencias de mayores, centros de discapacidad, profesionales sanitarios y sociosanitarios.<\/li>\n<li><b>14 de octubre.<\/b>\u00a0Mayores de 80 a\u00f1os y dependientes.<\/li>\n<li><b>20 de octubre.<\/b>\u00a0Personas de 70 a\u00f1os o m\u00e1s y los ni\u00f1os de m\u00e1s de 5 con patolog\u00edas previas.<\/li>\n<li><b>27 de octubre.<\/b>\u00a0\u200bPersonas de 60 a\u00f1os o m\u00e1s, profesionales esenciales (cuerpos y fuerzas de seguridad del Estado, bomberos y protecci\u00f3n civil), profesionales con exposici\u00f3n directa a animales e instituciones penitenciarias.<\/li>\n<\/ul>\n<p class=\"c-paragraph\">Para vacunarse ser\u00e1 necesario<b> tener cita previa<\/b> que se puede solicitar de forma presencial en el centro sanitario, telef\u00f3nica o a trav\u00e9s de la app\u00a0<a href=\"https:\/\/www.sspa.juntadeandalucia.es\/servicioandaluzdesalud\/clicsalud\/\" rel=\"nofollow noreferrer noopener\" target=\"_blank\">ClicSalud<\/a>.<\/p>\n<p>Calendario de vacunaci\u00f3n de la gripe 2025-2026 en\u00a0Arag\u00f3n\u00a0<\/p>\n<p class=\"c-paragraph\"><b>Arag\u00f3n <\/b>ha establecido un calendario escalonado. Su vacunaci\u00f3n empieza <b>el 1 de octubre<\/b> y la primera semana ser\u00e1n los mayores que viven en residencias quienes reciba la dosis. Despu\u00e9s, llega el turno de los mayores de 80 a\u00f1os, poblaci\u00f3n infantil y otros grupos en riesgo.\u00a0<\/p>\n<p>Calendario de vacunaci\u00f3n de la gripe 2025-2026 en\u00a0Islas Baleares\u00a0<\/p>\n<p class=\"c-paragraph\"><b>Baleares <\/b>todav\u00eda no ha comunicado de forma oficial cu\u00e1les ser\u00e1n las fechas en las que se vacunar\u00e1 a su poblaci\u00f3n.\u00a0<\/p>\n<p>Calendario de vacunaci\u00f3n de la gripe 2025-2026 en\u00a0Islas Canarias\u00a0<\/p>\n<p class=\"c-paragraph\">A pesar de que en <b>Canarias <\/b>tampoco hay una fecha concreta hay que recordar que el a\u00f1o pasado empez\u00f3 a mediados de octubre.<a href=\"https:\/\/www3.gobiernodecanarias.org\/medusa\/edublog\/ceeepetralorenzo\/2025\/09\/23\/campana-escolar-de-vacunacion-contra-la-gripe-2025\/\" rel=\"nofollow noreferrer noopener\" target=\"_blank\">\u00a0Una de las novedades que s\u00ed ha comunicado el Gobierno canario<\/a> es que la vacunaci\u00f3n contra la gripe llega directamente a los centros educativos. Es decir, que<b> la dosis se administrar\u00e1 a los alumnos de Educaci\u00f3n Infantil de 3, 4 y 5 a\u00f1os<\/b>.\u00a0<\/p>\n<p>Calendario de vacunaci\u00f3n de la gripe 2025-2026 en\u00a0Cantabria\u00a0<\/p>\n<p class=\"c-paragraph\"><b>Cantabria <\/b>empieza a partir del 29 de septiembre a administrar las dosis a los mayores que viven en residencias. Ser\u00e1 hacia el 6 de octubre cuando la vacunaci\u00f3n se inicie para otras personas con patolog\u00edas.\u00a0<\/p>\n<p>Calendario de vacunaci\u00f3n de la gripe 2025-2026 en\u00a0Castilla-La Mancha<\/p>\n<p class=\"c-paragraph\"><b>Castilla-La Mancha<\/b> todav\u00eda no ha comunicado de forma oficial su calendario de vacunaci\u00f3n para hacer frente a la gripe.\u00a0<\/p>\n<p>Calendario de vacunaci\u00f3n de la gripe 2025-2026 en Catalu\u00f1a<\/p>\n<p class=\"c-paragraph\"><a href=\"https:\/\/www.20minutos.es\/cataluna\/calendario-vacunacion-contra-gripe-catalunya-fechas-grupos-riesgo-como-solicitar-cita-previa_6372332_0.html\" rel=\"nofollow noopener\" target=\"_blank\"><b>Catalu\u00f1a\u00a0<\/b>arranc\u00f3 el pasado<b> 22 de septiembre<\/b> <\/a>la campa\u00f1a de inmunizaci\u00f3n tanto contra la gripe como contra la covid-19. En esta primera fase se est\u00e1 vacunando a las personas que viven en residencias, a los mayores de 80 a\u00f1os, a las mujeres embarazadas y a quienes reciben atenci\u00f3n domiciliaria. Tambi\u00e9n se incluye al personal sanitario y a los ni\u00f1os de 6 a 59 meses, que \u00fanicamente recibir\u00e1n la vacuna antigripal.\u00a0<\/p>\n<p class=\"c-paragraph\">En la segunda fase, que empieza el <b>13 de octubre<\/b>, se extender\u00e1 al resto de grupos de riesgo y colectivos esenciales.<\/p>\n<p>Calendario de vacunaci\u00f3n de la gripe 2025-2026 en Comunidad de Madrid\u00a0<\/p>\n<p class=\"c-paragraph\"><a href=\"https:\/\/www.20minutos.es\/madrid\/calendario-vacunacion-gripe-madrid-2025-2026-fechas-grupos-riesgo-como-pedir-cita_6372718_0.html\" rel=\"nofollow noopener\" target=\"_blank\">La\u00a0<b>Comunidad de Madrid<\/b>\u00a0arranca\u00a0su\u00a0campa\u00f1a de vacunaci\u00f3n<\/a>\u00a0simult\u00e1nea contra la gripe y la covid-19 el\u00a0<b><b>15 de octubre de 2025<\/b><\/b>\u00a0para los\u00a0mayores de 60 a\u00f1os, usuarios de residencias y otros colectivos de riesgo.\u00a0<\/p>\n<p class=\"c-paragraph\">Adem\u00e1s, a partir del 1 de octubre empieza la inmunizaci\u00f3n frente al\u00a0<b><b>virus respiratorio sincitial<\/b><\/b>, responsable de la mayor\u00eda de casos graves de\u00a0<a href=\"https:\/\/www.20minutos.es\/madrid\/cita-previa-vacunar-bebes-frente-bronquiolitis-abre-lunes-madrid_6240227_0.html\" title=\"La cita previa para vacunar a los beb\u00e9s frente a la bronquiolitis abre el lunes en Madrid\" rel=\"nofollow noopener\" target=\"_blank\">bronquiolitis<\/a>\u00a0en beb\u00e9s. Se vacunar\u00e1 a reci\u00e9n nacidos y beb\u00e9s de hasta cinco meses. Y por primera vez en Espa\u00f1a estar\u00e1n <a href=\"https:\/\/www.20minutos.es\/noticia\/5692939\/0\/la-vacuna-de-la-neumonia-se-administrara-tambien-a-mayores-y-vulnerables-en-madrid\/\" rel=\"nofollow noopener\" target=\"_blank\">incluidos los mayores de 60 a\u00f1os que viven en residencias y pacientes vulnerables<\/a> en esta campa\u00f1a.\u00a0<\/p>\n<p>Calendario de vacunaci\u00f3n de la gripe 2025-2026 en Navarra<\/p>\n<p class=\"c-paragraph\"><b>Navarra <\/b>inicia su campa\u00f1a conjunta frente a la gripe y la covid-19 en la segunda quincena de octubre. Los sanitarios seguir\u00e1n administrando dosis hasta mediados de diciembre. Llegada esa fecha solo la mantendr\u00e1n para los que cumplan una serie de requisitos: nuevas embarazadas, pacientes nuevos con factores de riesgo o viajeros internacionales que est\u00e9n en el grupo de riesgo.\u00a0<\/p>\n<p>Calendario de vacunaci\u00f3n de la gripe 2025-2026 en la Comunidad Valenciana\u00a0<\/p>\n<p class=\"c-paragraph\">La <b>Comunidad Valenciana<\/b> empieza la inmunizaci\u00f3n de su poblaci\u00f3n <b>el 1 de octubre <\/b>en los grupos m\u00e1s vulnerables: mayores de residencias, personas con discapacidad de centros especiales, alumnos de infantil (menores de 3 a 6 a\u00f1os) y lactantes menores de 6 meses.\u00a0<\/p>\n<p class=\"c-paragraph\">Para el resto de la poblaci\u00f3n se abrir\u00e1 <b>el 15 de octubre<\/b>, priorizando siempre a las personas de riesgo.\u00a0<\/p>\n<p>Calendario de vacunaci\u00f3n de la gripe 2025-2026 en Extremadura<\/p>\n<p class=\"c-paragraph\"><b>Extremadura <\/b>empieza a vacunar contra la gripe y la covid el 14 de octubre y la campa\u00f1a se extender\u00e1 hasta finales de enero. Adem\u00e1s, al igual que ocurre en la Comunidad de Madrid,\u00a0este oto\u00f1o por primera vez incluye a los mayores de 60 a\u00f1os en la vacunaci\u00f3n contra el virus sincitial.\u00a0<\/p>\n<p>Calendario de vacunaci\u00f3n de la gripe 2025-2026 en Galicia<\/p>\n<p class=\"c-paragraph\">En <b>Galicia <\/b>este 29 de septiembre<a href=\"https:\/\/www.20minutos.es\/galicia\/arranca-campana-vacunacion-gripe-galicia-calendario-grupos-riesgo-novedades-como-solicitar-cita_6400567_0.html\" rel=\"nofollow noopener\" target=\"_blank\"> ha arrancado la campa\u00f1a en las residencias y centros de personas con discapacidad<\/a>. A partir del<b> 13 de octubre<\/b> empieza la vacunaci\u00f3n infantil en centros de salud y colegios. Adem\u00e1s, este a\u00f1o se ha incluido la protecci\u00f3n frente al virus respiratorio sincitial.\u00a0<\/p>\n<p>Calendario de vacunaci\u00f3n de la gripe 2025-2026 en el Pa\u00eds Vasco<\/p>\n<p class=\"c-paragraph\">El <b>Pa\u00eds Vasco<\/b>\u00a0empieza su campa\u00f1a en la primera semana de octubre. Para esta ocasi\u00f3n, no hay grandes novedades. Seguir\u00e1 el mismo modelo de otros a\u00f1os.\u00a0<\/p>\n<p>Calendario de vacunaci\u00f3n de la gripe 2025-2026 en la Regi\u00f3n de Murcia<\/p>\n<p class=\"c-paragraph\">La <b>Regi\u00f3n de Murcia<\/b> ha arrancado este lunes 29 de septiembre la vacunaci\u00f3n en los colegios. Se espera que reciban la dosis unos 120.000 alumnos de entre 2 y 9 a\u00f1os.\u00a0<\/p>\n<p>Calendario de vacunaci\u00f3n de la gripe 2025-2026 en La Rioja<\/p>\n<p class=\"c-paragraph\"><b>La Rioja<\/b>, al igual que ha hecho Galicia, extiende su vacunaci\u00f3n infantil contra la gripe hasta los 11 a\u00f1os. Adem\u00e1s, siguiendo el ejemplo de otras comunidades, tambi\u00e9n ha sumado a los mayores a la inmunizaci\u00f3n frente al VRS.\u00a0<\/p>\n","protected":false},"excerpt":{"rendered":"Espa\u00f1a empieza la temporada la campa\u00f1a de vacunaci\u00f3n\u00a0frente a la gripe. Es cierto que desde la temporada de&hellip;\n","protected":false},"author":2,"featured_media":146667,"comment_status":"","ping_status":"","sticky":false,"template":"","format":"standard","meta":{"footnotes":""},"categories":[92],"tags":[45015,2996,25,24,7749,165,166,3215,23,1454],"class_list":{"0":"post-146666","1":"post","2":"type-post","3":"status-publish","4":"format-standard","5":"has-post-thumbnail","7":"category-salud","8":"tag-calendario-de-vacunacion","9":"tag-enfermedad","10":"tag-es","11":"tag-espana","12":"tag-gripe","13":"tag-health","14":"tag-salud","15":"tag-seo20","16":"tag-spain","17":"tag-vacunas"},"share_on_mastodon":{"url":"","error":""},"_links":{"self":[{"href":"https:\/\/www.europesays.com\/es\/wp-json\/wp\/v2\/posts\/146666","targetHints":{"allow":["GET"]}}],"collection":[{"href":"https:\/\/www.europesays.com\/es\/wp-json\/wp\/v2\/posts"}],"about":[{"href":"https:\/\/www.europesays.com\/es\/wp-json\/wp\/v2\/types\/post"}],"author":[{"embeddable":true,"href":"https:\/\/www.europesays.com\/es\/wp-json\/wp\/v2\/users\/2"}],"replies":[{"embeddable":true,"href":"https:\/\/www.europesays.com\/es\/wp-json\/wp\/v2\/comments?post=146666"}],"version-history":[{"count":0,"href":"https:\/\/www.europesays.com\/es\/wp-json\/wp\/v2\/posts\/146666\/revisions"}],"wp:featuredmedia":[{"embeddable":true,"href":"https:\/\/www.europesays.com\/es\/wp-json\/wp\/v2\/media\/146667"}],"wp:attachment":[{"href":"https:\/\/www.europesays.com\/es\/wp-json\/wp\/v2\/media?parent=146666"}],"wp:term":[{"taxonomy":"category","embeddable":true,"href":"https:\/\/www.europesays.com\/es\/wp-json\/wp\/v2\/categories?post=146666"},{"taxonomy":"post_tag","embeddable":true,"href":"https:\/\/www.europesays.com\/es\/wp-json\/wp\/v2\/tags?post=146666"}],"curies":[{"name":"wp","href":"https:\/\/api.w.org\/{rel}","templated":true}]}}