{"id":146674,"date":"2025-09-29T14:51:06","date_gmt":"2025-09-29T14:51:06","guid":{"rendered":"https:\/\/www.europesays.com\/es\/146674\/"},"modified":"2025-09-29T14:51:06","modified_gmt":"2025-09-29T14:51:06","slug":"trump-insiste-en-que-impondra-aranceles-del-100-a-las-peliculas-hechas-fuera-de-estados-unidos-internacional","status":"publish","type":"post","link":"https:\/\/www.europesays.com\/es\/146674\/","title":{"rendered":"Trump insiste en que impondr\u00e1 aranceles del 100% a las pel\u00edculas \u201chechas fuera de Estados Unidos\u201d | Internacional"},"content":{"rendered":"<p class=\"\">Un arancel del 100% a las pel\u00edculas \u201cque se produzcan fuera de Estados Unidos\u201d. El presidente Donald Trump a\u00f1adi\u00f3 este lunes esa nueva tasa al repertorio de armas de su guerra comercial en pos del aislacionismo <a href=\"https:\/\/elpais.com\/cultura\/2025-05-05\/trump-anuncia-100-de-aranceles-a-las-peliculas-producidas-en-el-extranjero-hollywood-esta-siendo-devastado.html\" target=\"_blank\" rel=\"noreferrer nofollow noopener\" title=\"https:\/\/elpais.com\/cultura\/2025-05-05\/trump-anuncia-100-de-aranceles-a-las-peliculas-producidas-en-el-extranjero-hollywood-esta-siendo-devastado.html\">que preconiza su fe en el America First (Estados Unidos primero)<\/a>, adem\u00e1s de otro gravamen (que no especific\u00f3 de qu\u00e9 cuant\u00eda) a \u201ccualquier pa\u00eds que no fabrique sus muebles\u201d en el pa\u00eds.<\/p>\n<p class=\"\">Ambos anuncios los hizo en su red social. El del cine justific\u00f3 en el \u201crobo\u201d que, a su juicio, \u201cotros pa\u00edses\u201d han llevado a cabo con la industria cinematogr\u00e1fica estadounidense \u201ccomo quien roba un dulce a un beb\u00e9\u201d. Trump aprovech\u00f3 el anuncio para cargar contra uno de su blancos predilectos, el gobernador dem\u00f3crata de California, Gavin Newsom, \u201cd\u00e9bil e incompetente\u201d, <a href=\"https:\/\/elpais.com\/internacional\/2025-09-26\/trump-impondra-aranceles-del-100-a-los-farmacos-que-no-se-produzcan-en-estados-unidos.html\" target=\"_blank\" rel=\"noreferrer nofollow noopener\" title=\"https:\/\/elpais.com\/internacional\/2025-09-26\/trump-impondra-aranceles-del-100-a-los-farmacos-que-no-se-produzcan-en-estados-unidos.html\">al que acusa de no hacer nada por evitar ese supuesto latrocinio.<\/a> <\/p>\n<p class=\"\">Faltaron en ese mensaje muchos detalles para entender c\u00f3mo funcionar\u00e1n esos grav\u00e1menes (\u00bfsubir\u00e1n los precios de las entradas para esas pel\u00edculas?), pero, sobre todo, cu\u00e1ndo entrar\u00e1n en vigor. Por la redacci\u00f3n del texto se entiende que las pel\u00edculas extranjeras pagar\u00e1n ese arancel, pero tambi\u00e9n los filmes estadounidenses que se rueden en el exterior. <\/p>\n<p class=\"\">En el caso de los muebles, Trump justifica el nuevo arancel en el hecho de que Carolina del Norte ha perdido ese negocio \u201cfrente a China y otros pa\u00edses\u201d. <\/p>\n<p>Amenaza repetida<\/p>\n<p class=\"\">Si la amenaza del cine resulta familiar, es porque Trump ya la lanz\u00f3 en mayo pasado, \u201cAutorizo al Departamento de Comercio a empezar el proceso de instituir el 100% <a href=\"https:\/\/elpais.com\/economia\/2025-05-03\/los-gigantes-tecnologicos-sortean-el-inicio-de-la-guerra-comercial-con-ventas-y-beneficios-record.html\" rel=\"nofollow noopener\" title=\"https:\/\/elpais.com\/economia\/2025-05-03\/los-gigantes-tecnologicos-sortean-el-inicio-de-la-guerra-comercial-con-ventas-y-beneficios-record.html\" target=\"_blank\">de los aranceles<\/a> en cualquier pel\u00edcula llegada a nuestro pa\u00eds producida en tierras extranjeras\u201d, avis\u00f3, tambi\u00e9n sin dar m\u00e1s detalles.<\/p>\n<p class=\"\">El objetivo de Trump, dec\u00eda en su mensaje con exclamaciones y may\u00fasculas, es proteger el cine aut\u00f3ctono a trav\u00e9s de este mandato al Departamento de Comercio y a la Oficina del Representante Comercial de EE UU, encabezados por Howard Lutnick y Jamieson Greer: \u201c\u00a1QUEREMOS CINE HECHO EN ESTADOS UNIDOS, OTRA VEZ!\u201d, escribi\u00f3 Trump, tras advertir que la industria cinematogr\u00e1fica estadounidense \u201cest\u00e1 muriendo r\u00e1pidamente\u201d. <\/p>\n<p class=\"\">El anuncio de este lunes llega despu\u00e9s de que la semana pasada Trump lanzar\u00e1 una nueva bater\u00eda de aranceles sectoriales para gravar los f\u00e1rmacos que no se produzcan en Estados Unidos (100%), salvo los de aquellas compa\u00f1\u00edas que est\u00e9n construyendo una planta en territorio nacional; los muebles de cocina y los tocadores de ba\u00f1o (50%); y los camiones pesados \u201c\u00a1grandes! fabricados en otras partes del mundo\u00bb (25%). <a href=\"https:\/\/elpais.com\/internacional\/2025-08-01\/la-economia-mundial-se-adentra-en-la-era-de-los-aranceles-de-trump.html\" rel=\"nofollow noopener\" title=\"https:\/\/elpais.com\/internacional\/2025-08-01\/la-economia-mundial-se-adentra-en-la-era-de-los-aranceles-de-trump.html\" target=\"_blank\">Todos esos grav\u00e1menes entrar\u00e1n en vigor, si nada cambia por el camino, el 1 de octubre.<\/a><\/p>\n<p class=\"\">Esos <a href=\"https:\/\/elpais.com\/internacional\/2025-05-12\/trump-decreta-una-rebaja-de-hasta-el-80-en-los-precios-de-los-medicamentos-y-exige-a-las-farmaceuticas-que-los-suban-al-resto-de-paises-desarrollados.html\" rel=\"nofollow noopener\" title=\"https:\/\/elpais.com\/internacional\/2025-05-12\/trump-decreta-una-rebaja-de-hasta-el-80-en-los-precios-de-los-medicamentos-y-exige-a-las-farmaceuticas-que-los-suban-al-resto-de-paises-desarrollados.html\" target=\"_blank\">tres grav\u00e1menes<\/a>, y, ahora, los del cine, entran en la categor\u00eda de las tasas con las que Trump ha abofeteado a los fabricantes de coches o a los productores de aluminio, acero o cobre (todos ellos con un 50%).<\/p>\n<p class=\"\">Por otro lado van los aranceles que Trump se empe\u00f1a en llamar \u201crec\u00edprocos\u201d, porque considera que con ellos contesta a d\u00e9cadas de maltrato a Estados Unidos por parte de sus socios comerciales. Estos, que est\u00e1n impugnados ante el Tribunal Supremo, que se espera que dicte sentencia antes de fin de a\u00f1o, van variando de pa\u00eds en pa\u00eds, como parte de una lista que a veces pareciera gobernada por el capricho.<\/p>\n","protected":false},"excerpt":{"rendered":"Un arancel del 100% a las pel\u00edculas \u201cque se produzcan fuera de Estados Unidos\u201d. El presidente Donald Trump&hellip;\n","protected":false},"author":2,"featured_media":146675,"comment_status":"","ping_status":"","sticky":false,"template":"","format":"standard","meta":{"footnotes":""},"categories":[42],"tags":[889,4135,5854,17,18,177,5852,5853,5857,352,95,629,5855,13,14,5850,11,1505,5856,61,62,63,64,19,20,9,10,15,16,5851,12,21,22,65,66,67],"class_list":{"0":"post-146674","1":"post","2":"type-post","3":"status-publish","4":"format-standard","5":"has-post-thumbnail","7":"category-internacional","8":"tag-america","9":"tag-aranceles","10":"tag-balanza-comercial","11":"tag-breaking-news","12":"tag-breakingnews","13":"tag-cine","14":"tag-comercio-exterior","15":"tag-comercio-internacional","16":"tag-deficit-comercial","17":"tag-donald-trump","18":"tag-economia","19":"tag-estados-unidos","20":"tag-exportaciones","21":"tag-featured-news","22":"tag-featurednews","23":"tag-guerra-comercial","24":"tag-headlines","25":"tag-hollywood","26":"tag-importaciones","27":"tag-internacional","28":"tag-international","29":"tag-international-news","30":"tag-internationalnews","31":"tag-latest-news","32":"tag-latestnews","33":"tag-news","34":"tag-noticias","35":"tag-noticias-destacadas","36":"tag-noticiasdestacadas","37":"tag-proteccionismo","38":"tag-titulares","39":"tag-ultimas-noticias","40":"tag-ultimasnoticias","41":"tag-world","42":"tag-world-news","43":"tag-worldnews"},"share_on_mastodon":{"url":"","error":""},"_links":{"self":[{"href":"https:\/\/www.europesays.com\/es\/wp-json\/wp\/v2\/posts\/146674","targetHints":{"allow":["GET"]}}],"collection":[{"href":"https:\/\/www.europesays.com\/es\/wp-json\/wp\/v2\/posts"}],"about":[{"href":"https:\/\/www.europesays.com\/es\/wp-json\/wp\/v2\/types\/post"}],"author":[{"embeddable":true,"href":"https:\/\/www.europesays.com\/es\/wp-json\/wp\/v2\/users\/2"}],"replies":[{"embeddable":true,"href":"https:\/\/www.europesays.com\/es\/wp-json\/wp\/v2\/comments?post=146674"}],"version-history":[{"count":0,"href":"https:\/\/www.europesays.com\/es\/wp-json\/wp\/v2\/posts\/146674\/revisions"}],"wp:featuredmedia":[{"embeddable":true,"href":"https:\/\/www.europesays.com\/es\/wp-json\/wp\/v2\/media\/146675"}],"wp:attachment":[{"href":"https:\/\/www.europesays.com\/es\/wp-json\/wp\/v2\/media?parent=146674"}],"wp:term":[{"taxonomy":"category","embeddable":true,"href":"https:\/\/www.europesays.com\/es\/wp-json\/wp\/v2\/categories?post=146674"},{"taxonomy":"post_tag","embeddable":true,"href":"https:\/\/www.europesays.com\/es\/wp-json\/wp\/v2\/tags?post=146674"}],"curies":[{"name":"wp","href":"https:\/\/api.w.org\/{rel}","templated":true}]}}