{"id":146678,"date":"2025-09-29T14:53:23","date_gmt":"2025-09-29T14:53:23","guid":{"rendered":"https:\/\/www.europesays.com\/es\/146678\/"},"modified":"2025-09-29T14:53:23","modified_gmt":"2025-09-29T14:53:23","slug":"portal-de-noticias-del-gobierno-de-canarias-148","status":"publish","type":"post","link":"https:\/\/www.europesays.com\/es\/146678\/","title":{"rendered":"Portal de Noticias del Gobierno de Canarias"},"content":{"rendered":"<blockquote>\n<p>Las solicitudes se pueden presentar a partir de hoy, 29 de septiembre, y hasta el 17 de octubre, para acceder a ayudas de hasta 250 euros al mes durante dos a\u00f1os<\/p>\n<p>El programa, dotado con m\u00e1s de 10 millones de euros, incluye una aportaci\u00f3n extraordinaria del Cabildo de Lanzarote de 1,4 millones, para ampliar su alcance en la isla<\/p>\n<\/blockquote>\n<p>El consejero de Obras P\u00fablicas, Vivienda y Movilidad del Gobierno de Canarias, Pablo Rodr\u00edguez, ha informado en la sesi\u00f3n del Consejo de Gobierno celebrada hoy, de que el Ejecutivo, a trav\u00e9s de la Consejer\u00eda de Obras P\u00fablicas, Vivienda y Movilidad, ha abierto el plazo para solicitar el Bono de Alquiler Joven 2025, una ayuda dirigida a personas de entre 18 y 35 a\u00f1os con el fin de facilitar el acceso a la vivienda y apoyar los procesos de emancipaci\u00f3n. La convocatoria estar\u00e1 disponible entre el 29 de septiembre y el 17 de octubre de 2025 y permitir\u00e1 recibir hasta 250 euros mensuales durante un periodo de 24 meses. Adem\u00e1s, las personas que ya cuentan con un contrato de arrendamiento desde el 1 de enero de 2024 podr\u00e1n beneficiarse de la subvenci\u00f3n con car\u00e1cter retroactivo.<\/p>\n<p>La iniciativa, que es gestionada por el Instituto Canario de la Vivienda (ICAVI), cuenta con un presupuesto global de 10,6 millones de euros procedentes del Ministerio de Vivienda y Agenda Urbana. Las solicitudes deber\u00e1n presentarse a trav\u00e9s de la sede electr\u00f3nica del Gobierno de Canarias, a trav\u00e9s del siguiente enlace:<a href=\"https:\/\/sede.gobiernodecanarias.org\/sede\/tramites\/7410\" rel=\"nofollow noopener\" target=\"_blank\"> https:\/\/sede.gobiernodecanarias.org\/sede\/tramites\/7410<\/a><\/p>\n<p>Entre los requisitos b\u00e1sicos para acceder al bono se encuentran la acreditaci\u00f3n de residencia legal en Espa\u00f1a, disponer de ingresos regulares que no superen tres veces el IPREM anual y figurar como titular o cesionario de un contrato de arrendamiento en el Archipi\u00e9lago. El importe m\u00e1ximo de la renta mensual depender\u00e1 del municipio de residencia, con l\u00edmites fijados en 900, 750 o 600 euros seg\u00fan la zona, mientras que en el caso de alquiler de habitaciones los topes ser\u00e1n de 450, 375 o 300 euros respectivamente.<\/p>\n<p>El abono de la subvenci\u00f3n se realizar\u00e1 de manera semestral tras la justificaci\u00f3n del pago del alquiler, aunque en aquellos casos en que la solicitud se presente con efectos retroactivos podr\u00e1 abonarse directamente en el momento de la concesi\u00f3n, siempre que se acrediten los recibos correspondientes.<\/p>\n<p><strong>Convenio con el Cabildo de Lanzarote<\/strong><\/p>\n<p>En Lanzarote, el convenio firmado entre el ICAVI y el Cabildo insular incluye una aportaci\u00f3n de 1,4 millones de euros por parte del Cabildo, que permitir\u00e1 reforzar la cobertura de la ayuda en la isla y aumentar el n\u00famero de j\u00f3venes beneficiarios.<\/p>\n<p>La aportaci\u00f3n del Cabildo se integrar\u00e1 en la gesti\u00f3n ordinaria que realiza el Instituto Canario de la Vivienda, lo que permitir\u00e1 optimizar la tramitaci\u00f3n, evitar duplicidades administrativas y asegurar una gesti\u00f3n coordinada y transparente de los fondos p\u00fablicos.<\/p>\n","protected":false},"excerpt":{"rendered":"Las solicitudes se pueden presentar a partir de hoy, 29 de septiembre, y hasta el 17 de octubre,&hellip;\n","protected":false},"author":2,"featured_media":146679,"comment_status":"","ping_status":"","sticky":false,"template":"","format":"standard","meta":{"footnotes":""},"categories":[5],"tags":[17,18,25,24,13,14,11,19,20,9,10,15,16,23,12,21,22],"class_list":{"0":"post-146678","1":"post","2":"type-post","3":"status-publish","4":"format-standard","5":"has-post-thumbnail","7":"category-titulares","8":"tag-breaking-news","9":"tag-breakingnews","10":"tag-es","11":"tag-espana","12":"tag-featured-news","13":"tag-featurednews","14":"tag-headlines","15":"tag-latest-news","16":"tag-latestnews","17":"tag-news","18":"tag-noticias","19":"tag-noticias-destacadas","20":"tag-noticiasdestacadas","21":"tag-spain","22":"tag-titulares","23":"tag-ultimas-noticias","24":"tag-ultimasnoticias"},"share_on_mastodon":{"url":"","error":""},"_links":{"self":[{"href":"https:\/\/www.europesays.com\/es\/wp-json\/wp\/v2\/posts\/146678","targetHints":{"allow":["GET"]}}],"collection":[{"href":"https:\/\/www.europesays.com\/es\/wp-json\/wp\/v2\/posts"}],"about":[{"href":"https:\/\/www.europesays.com\/es\/wp-json\/wp\/v2\/types\/post"}],"author":[{"embeddable":true,"href":"https:\/\/www.europesays.com\/es\/wp-json\/wp\/v2\/users\/2"}],"replies":[{"embeddable":true,"href":"https:\/\/www.europesays.com\/es\/wp-json\/wp\/v2\/comments?post=146678"}],"version-history":[{"count":0,"href":"https:\/\/www.europesays.com\/es\/wp-json\/wp\/v2\/posts\/146678\/revisions"}],"wp:featuredmedia":[{"embeddable":true,"href":"https:\/\/www.europesays.com\/es\/wp-json\/wp\/v2\/media\/146679"}],"wp:attachment":[{"href":"https:\/\/www.europesays.com\/es\/wp-json\/wp\/v2\/media?parent=146678"}],"wp:term":[{"taxonomy":"category","embeddable":true,"href":"https:\/\/www.europesays.com\/es\/wp-json\/wp\/v2\/categories?post=146678"},{"taxonomy":"post_tag","embeddable":true,"href":"https:\/\/www.europesays.com\/es\/wp-json\/wp\/v2\/tags?post=146678"}],"curies":[{"name":"wp","href":"https:\/\/api.w.org\/{rel}","templated":true}]}}