{"id":146688,"date":"2025-09-29T15:01:08","date_gmt":"2025-09-29T15:01:08","guid":{"rendered":"https:\/\/www.europesays.com\/es\/146688\/"},"modified":"2025-09-29T15:01:08","modified_gmt":"2025-09-29T15:01:08","slug":"quien-es-dejan-kamenjasevic-el-alma-mater-espanol-del-dubai-basketball","status":"publish","type":"post","link":"https:\/\/www.europesays.com\/es\/146688\/","title":{"rendered":"\u00bfQui\u00e9n es Dejan Kamenjasevic, el alma mater &#8216;espa\u00f1ol&#8217; del Dubai Basketball?"},"content":{"rendered":"<p data-gtm-element-container=\"modulo-texto-link\" class=\"paragraph\">El Dubai Basketball se ha presentado en sociedad este lunes ante una representaci\u00f3n de periodistas europeos desplazados hasta este ciudad de Oriente Medio que a partir de ma\u00f1ana competir\u00e1 con los mejores equipos del mundo fuera del \u00e1mbito NBA. Los encargados de explicar las caracter\u00edsticas de este ex\u00f3tico proyecto han sido su CEO y genera manager, el bosnio Dejan Kamenjasevic, el director del Departamento de Eventos Deportivos del Dubai Ports Council, Eisa Sharif Al Marzooqi, y el CEO de la <a href=\"https:\/\/www.mundodeportivo.com\/baloncesto\/euroliga\/20250929\/1002541373\/baja-sensible-panathinaikos-recibe-barca-cuatro-dias.html\" target=\"_blank\" rel=\"nofollow noopener\">Euroliga<\/a>, el lituano Paulius Motiejunas.<\/p>\n<p data-gtm-element-container=\"modulo-texto-link\" class=\"paragraph\">Kamenjasevic, alma mater del \u00faltimo equipo en llegar a la Euroliga, naci\u00f3 en Sarajevo (Bosnia) hace 50 a\u00f1os pero es medio espa\u00f1ol, pues de joven lleg\u00f3 a Girona como refugiado de la guerra de los Balcanes. All\u00ed empez\u00f3 una carrera en el baloncesto que le llev\u00f3, tras su etapa como jugador, a dedicarse a los banquillos, llegando a ser ayudante de Zan Tabak en el Baskonia en 2012. Tambi\u00e9n fue traductor de Svetislav Pesic, con el que guarda una estrecha relaci\u00f3n, durante su etapa en el Bar\u00e7a. \u00abGirona es mi ciudad, all\u00ed tengo a los ni\u00f1os y mi casa. Me emociona al hablar de Girona y Catalunya porque me acuerdo de cuando llegu\u00e9 como refugiado. Catalunya y Espa\u00f1a son mi pa\u00eds, tengo pasaporte espa\u00f1ol\u00bb, nos explica en esta entrevista.<\/p>\n","protected":false},"excerpt":{"rendered":"El Dubai Basketball se ha presentado en sociedad este lunes ante una representaci\u00f3n de periodistas europeos desplazados hasta&hellip;\n","protected":false},"author":2,"featured_media":146689,"comment_status":"","ping_status":"","sticky":false,"template":"","format":"standard","meta":{"footnotes":""},"categories":[269],"tags":[299,298,168,25,24,23,167],"class_list":{"0":"post-146688","1":"post","2":"type-post","3":"status-publish","4":"format-standard","5":"has-post-thumbnail","7":"category-baloncesto","8":"tag-baloncesto","9":"tag-basketball","10":"tag-deportes","11":"tag-es","12":"tag-espana","13":"tag-spain","14":"tag-sports"},"share_on_mastodon":{"url":"","error":""},"_links":{"self":[{"href":"https:\/\/www.europesays.com\/es\/wp-json\/wp\/v2\/posts\/146688","targetHints":{"allow":["GET"]}}],"collection":[{"href":"https:\/\/www.europesays.com\/es\/wp-json\/wp\/v2\/posts"}],"about":[{"href":"https:\/\/www.europesays.com\/es\/wp-json\/wp\/v2\/types\/post"}],"author":[{"embeddable":true,"href":"https:\/\/www.europesays.com\/es\/wp-json\/wp\/v2\/users\/2"}],"replies":[{"embeddable":true,"href":"https:\/\/www.europesays.com\/es\/wp-json\/wp\/v2\/comments?post=146688"}],"version-history":[{"count":0,"href":"https:\/\/www.europesays.com\/es\/wp-json\/wp\/v2\/posts\/146688\/revisions"}],"wp:featuredmedia":[{"embeddable":true,"href":"https:\/\/www.europesays.com\/es\/wp-json\/wp\/v2\/media\/146689"}],"wp:attachment":[{"href":"https:\/\/www.europesays.com\/es\/wp-json\/wp\/v2\/media?parent=146688"}],"wp:term":[{"taxonomy":"category","embeddable":true,"href":"https:\/\/www.europesays.com\/es\/wp-json\/wp\/v2\/categories?post=146688"},{"taxonomy":"post_tag","embeddable":true,"href":"https:\/\/www.europesays.com\/es\/wp-json\/wp\/v2\/tags?post=146688"}],"curies":[{"name":"wp","href":"https:\/\/api.w.org\/{rel}","templated":true}]}}