{"id":146690,"date":"2025-09-29T15:02:09","date_gmt":"2025-09-29T15:02:09","guid":{"rendered":"https:\/\/www.europesays.com\/es\/146690\/"},"modified":"2025-09-29T15:02:09","modified_gmt":"2025-09-29T15:02:09","slug":"el-malaga-regreso-en-bus-de-burgos-llegada-a-las-4-de-la-manana-con-caras-largas","status":"publish","type":"post","link":"https:\/\/www.europesays.com\/es\/146690\/","title":{"rendered":"El M\u00e1laga regres\u00f3 en bus de Burgos: llegada a las 4 de la ma\u00f1ana con caras largas"},"content":{"rendered":"<p><a href=\"https:\/\/www.merchanendirecto.es\/wp-content\/uploads\/2024\/07\/autobus-malaga-scaled.jpg\" data-caption=\"Foto: M\u00e1laga CF\" rel=\"nofollow noopener\" target=\"_blank\"><img loading=\"lazy\" decoding=\"async\" width=\"696\" height=\"391\" class=\"entry-thumb td-modal-image\" src=\"https:\/\/www.europesays.com\/es\/wp-content\/uploads\/2025\/09\/autobus-malaga-696x391.jpg\"   alt=\"\" title=\"autobus-malaga\"\/><\/a>Foto: M\u00e1laga CF<\/p>\n<p>Viaje de vuelta complicado para el <strong>M\u00e1laga CF<\/strong> tras su derrota ante el Burgos. Tercer partido consecutivo perdiendo para los de Sergio Pellicer y viaje de vuelta con mucha seriedad en los rostros de los jugadores malaguistas. <strong>Pasadas las 19:00 horas de la tarde sali\u00f3 el autob\u00fas del M\u00e1laga desde El Plant\u00edo direcci\u00f3n hacia La Rosaleda. <\/strong>Un viaje que termin\u00f3 a las cuatro de la ma\u00f1ana y en el que las conversaciones del vestuario iban sobre la derrota y como revertir esta din\u00e1mica negativa que ha llegado tras el partido ante el Granada donde el M\u00e1laga lleg\u00f3 a ser l\u00edder de Segunda al descanso.<\/p>\n<p><strong>Seg\u00fan afirman fuentes del club malaguista, el regreso en bus se hizo a petici\u00f3n de los jugadores para dormir ya en M\u00e1laga este lunes<\/strong>. El equipo no trabaja este primer d\u00eda de la semana y regresar\u00e1 al curro el martes por la tarde esperando buenas noticias desde la enfermer\u00eda. El viaje de vuelta ha estado marcado por la derrota y por los rostros largos a la llegada del equipo a Martiricos. Un partido perdido que ha escocido de m\u00e1s a la plantilla y al cuerpo t\u00e9cnico malaguista. Son cuatro jornadas sin ganar.\u00a0<\/p>\n<p>Pellicer fue expulsado en Burgos<\/p>\n<p><a href=\"https:\/\/www.merchanendirecto.es\/malaga-cf\/pellicer-no-se-sentara-en-el-banquillo-en-santander-por-expulsion\/\" target=\"_blank\" rel=\"noreferrer noopener nofollow\">Pellicer fue expulsado al finalizar el encuentro. El t\u00e9cnico malaguista vivi\u00f3 en primera persona la remontada del Burgos, en un partido en el que el M\u00e1laga no fue inferior a su rival<\/a>. Para colmo, el encuentro termin\u00f3 con la expulsi\u00f3n de Sergio Pellicer. El entrenador vio la tarjeta roja una vez finalizado el choque, seg\u00fan recoge el acta arbitral: \u201cPor dirigirse a m\u00ed tras la finalizaci\u00f3n del partido, a\u00fan sobre el terreno de juego, diciendo \u2018ya ver\u00e1s la locura que has montado\u2019\u201d.<\/p>\n<p>El informe arbitral tambi\u00e9n detalla que Pellicer prolong\u00f3 sus protestas en el t\u00fanel de vestuarios, lo que podr\u00eda acarrearle una sanci\u00f3n de entre dos y cuatro encuentros. De momento, no podr\u00e1 sentarse en el banquillo en la pr\u00f3xima cita del M\u00e1laga frente al Racing de Santander en El Sardinero. \u201cEl entrenador visitante, D. Sergio Pellicer Garc\u00eda, tras la finalizaci\u00f3n del encuentro y estando en el t\u00fanel de vestuarios, ha continuado protestando a voz en grito hasta la puerta del vestuario arbitral\u201d, a\u00f1ade el acta. Viaje de vuelta complicado para el <strong>M\u00e1laga CF<\/strong> tras su derrota ante el Burgos.<\/p>\n","protected":false},"excerpt":{"rendered":"Foto: M\u00e1laga CF Viaje de vuelta complicado para el M\u00e1laga CF tras su derrota ante el Burgos. Tercer&hellip;\n","protected":false},"author":2,"featured_media":146691,"comment_status":"","ping_status":"","sticky":false,"template":"","format":"standard","meta":{"footnotes":""},"categories":[268],"tags":[10221,168,25,24,280,282,1963,281,23,167],"class_list":{"0":"post-146690","1":"post","2":"type-post","3":"status-publish","4":"format-standard","5":"has-post-thumbnail","7":"category-futbol","8":"tag-burgos-cf","9":"tag-deportes","10":"tag-es","11":"tag-espana","12":"tag-football","13":"tag-futbol","14":"tag-malaga-cf","15":"tag-soccer","16":"tag-spain","17":"tag-sports"},"share_on_mastodon":{"url":"","error":""},"_links":{"self":[{"href":"https:\/\/www.europesays.com\/es\/wp-json\/wp\/v2\/posts\/146690","targetHints":{"allow":["GET"]}}],"collection":[{"href":"https:\/\/www.europesays.com\/es\/wp-json\/wp\/v2\/posts"}],"about":[{"href":"https:\/\/www.europesays.com\/es\/wp-json\/wp\/v2\/types\/post"}],"author":[{"embeddable":true,"href":"https:\/\/www.europesays.com\/es\/wp-json\/wp\/v2\/users\/2"}],"replies":[{"embeddable":true,"href":"https:\/\/www.europesays.com\/es\/wp-json\/wp\/v2\/comments?post=146690"}],"version-history":[{"count":0,"href":"https:\/\/www.europesays.com\/es\/wp-json\/wp\/v2\/posts\/146690\/revisions"}],"wp:featuredmedia":[{"embeddable":true,"href":"https:\/\/www.europesays.com\/es\/wp-json\/wp\/v2\/media\/146691"}],"wp:attachment":[{"href":"https:\/\/www.europesays.com\/es\/wp-json\/wp\/v2\/media?parent=146690"}],"wp:term":[{"taxonomy":"category","embeddable":true,"href":"https:\/\/www.europesays.com\/es\/wp-json\/wp\/v2\/categories?post=146690"},{"taxonomy":"post_tag","embeddable":true,"href":"https:\/\/www.europesays.com\/es\/wp-json\/wp\/v2\/tags?post=146690"}],"curies":[{"name":"wp","href":"https:\/\/api.w.org\/{rel}","templated":true}]}}