{"id":146696,"date":"2025-09-29T15:05:08","date_gmt":"2025-09-29T15:05:08","guid":{"rendered":"https:\/\/www.europesays.com\/es\/146696\/"},"modified":"2025-09-29T15:05:08","modified_gmt":"2025-09-29T15:05:08","slug":"un-libro-interactivo-de-gran-formato-promueve-la-salud-cardiovascular-en-el-virgen-del-rocio-de-sevilla","status":"publish","type":"post","link":"https:\/\/www.europesays.com\/es\/146696\/","title":{"rendered":"Un libro interactivo de gran formato promueve la salud cardiovascular en el Virgen del Roc\u00edo de Sevilla"},"content":{"rendered":"<p>&#8216;Caperucita. Una aventura del coraz\u00f3n&#8217; estar\u00e1 expuesto hasta el 10 de octubre en el hall del Hospital General<\/p>\n<p>   SEVILLA, 29 Sep. (EUROPA PRESS) &#8211; <\/p>\n<p>   El Hospital Universitario Virgen del Roc\u00edo de Sevillase ha sumado al D\u00eda del Coraz\u00f3n con la exposici\u00f3n de un original libro interactivo que podr\u00e1n usar los usuarios del centro: &#8216;Caperucita. Una aventura del coraz\u00f3n&#8217;. Este cl\u00e1sico se ha reinventado para contar con una narrativa l\u00fadica y visual para adultos e invita al lector a convertirse en protagonista de la historia.<\/p>\n<p>    Siguiendo el formato de los libros &#8216;Elige tu propia aventura&#8217;, cada persona ir\u00e1 tomando decisiones en nombre de una Caperucita muy actual a lo largo del relato. El ejemplar se ha colocado en el vest\u00edbulo principal del Hospital General del Virgen del Roc\u00edo y permanecer\u00e1 all\u00ed durante 10 d\u00edas. Las ilustraciones son de Grillante y los textos de Alberto Haj-Salej, informa en una nota de prensa.<\/p>\n<p>    La iniciativa, promovida por la biotecnol\u00f3gica Amgen, es de car\u00e1cter nacional. Por ello estar\u00e1 de manera simult\u00e1nea en salas de espera de otros hospitales o centros sanitarios de M\u00e1laga, Barcelona y Madrid, Barcelona, Valencia, Salamanca, y Zamora. As\u00ed se persigue que el usuario, seg\u00fan tome elecciones m\u00e1s o menos saludables, haga que la protagonista alcance uno de los cuatro finales posibles, que reflejan c\u00f3mo los h\u00e1bitos de vida influyen directamente en la salud cardiovascular.<\/p>\n<p>    De este modo, el cuento se convierte en la met\u00e1fora perfecta de c\u00f3mo malos h\u00e1bitos como fumar, beber alcohol, llevar una vida sedentaria o el estr\u00e9s pueden tener graves consecuencias. De hecho, las enfermedades cardiovasculares son de las primeras causas de mortalidad en Espa\u00f1a.<\/p>\n<p>    Sin embargo, el 80% de los eventos cardiovasculares, como los infartos de miocardio y los ictus, se puede prevenir con h\u00e1bitos de vida saludables. En efecto, la evidencia cient\u00edfica demuestra que hasta el 80% de los eventos cardiovasculares se pueden prevenir si se act\u00faa sobre los factores de riesgo modificables, como los metab\u00f3licos (presi\u00f3n arterial, colesterol, glucosa o \u00edndice de masa corporal elevados), los asociados a h\u00e1bitos de vida (alimentaci\u00f3n poco saludable, inactividad f\u00edsica, sedentarismo, consumo de tabaco y alcohol) y los ambientales (contaminaci\u00f3n, exposici\u00f3n a plomo o temperaturas extremas).<\/p>\n","protected":false},"excerpt":{"rendered":"&#8216;Caperucita. Una aventura del coraz\u00f3n&#8217; estar\u00e1 expuesto hasta el 10 de octubre en el hall del Hospital General&hellip;\n","protected":false},"author":2,"featured_media":146697,"comment_status":"","ping_status":"","sticky":false,"template":"","format":"standard","meta":{"footnotes":""},"categories":[172],"tags":[224,146,147,25,24,225,23],"class_list":{"0":"post-146696","1":"post","2":"type-post","3":"status-publish","4":"format-standard","5":"has-post-thumbnail","7":"category-libros","8":"tag-books","9":"tag-entertainment","10":"tag-entretenimiento","11":"tag-es","12":"tag-espana","13":"tag-libros","14":"tag-spain"},"share_on_mastodon":{"url":"","error":""},"_links":{"self":[{"href":"https:\/\/www.europesays.com\/es\/wp-json\/wp\/v2\/posts\/146696","targetHints":{"allow":["GET"]}}],"collection":[{"href":"https:\/\/www.europesays.com\/es\/wp-json\/wp\/v2\/posts"}],"about":[{"href":"https:\/\/www.europesays.com\/es\/wp-json\/wp\/v2\/types\/post"}],"author":[{"embeddable":true,"href":"https:\/\/www.europesays.com\/es\/wp-json\/wp\/v2\/users\/2"}],"replies":[{"embeddable":true,"href":"https:\/\/www.europesays.com\/es\/wp-json\/wp\/v2\/comments?post=146696"}],"version-history":[{"count":0,"href":"https:\/\/www.europesays.com\/es\/wp-json\/wp\/v2\/posts\/146696\/revisions"}],"wp:featuredmedia":[{"embeddable":true,"href":"https:\/\/www.europesays.com\/es\/wp-json\/wp\/v2\/media\/146697"}],"wp:attachment":[{"href":"https:\/\/www.europesays.com\/es\/wp-json\/wp\/v2\/media?parent=146696"}],"wp:term":[{"taxonomy":"category","embeddable":true,"href":"https:\/\/www.europesays.com\/es\/wp-json\/wp\/v2\/categories?post=146696"},{"taxonomy":"post_tag","embeddable":true,"href":"https:\/\/www.europesays.com\/es\/wp-json\/wp\/v2\/tags?post=146696"}],"curies":[{"name":"wp","href":"https:\/\/api.w.org\/{rel}","templated":true}]}}