{"id":146704,"date":"2025-09-29T15:09:12","date_gmt":"2025-09-29T15:09:12","guid":{"rendered":"https:\/\/www.europesays.com\/es\/146704\/"},"modified":"2025-09-29T15:09:12","modified_gmt":"2025-09-29T15:09:12","slug":"xabi-alonso-sobre-el-5-2-del-derbi-duele-ha-dolido-pero-ya-estamos-en-modo-champions-futbol-deportes","status":"publish","type":"post","link":"https:\/\/www.europesays.com\/es\/146704\/","title":{"rendered":"Xabi Alonso, sobre el 5-2 del derbi: \u201cDuele&#8230; Ha dolido, pero ya estamos en modo Champions\u201d | F\u00fatbol | Deportes"},"content":{"rendered":"<p class=\"\">El eco de <a href=\"https:\/\/elpais.com\/deportes\/futbol\/2025-09-27\/el-atletico-destroza-al-madrid-y-da-la-campanada-en-el-derbi.html\" target=\"_self\" rel=\"nofollow noopener\" title=\"https:\/\/elpais.com\/deportes\/futbol\/2025-09-27\/el-atletico-destroza-al-madrid-y-da-la-campanada-en-el-derbi.html\">la contundente derrota del Real Madrid en el derbi<\/a> del s\u00e1bado en el Metropolitano (5-2) todav\u00eda no se apaga, pero Xabi Alonso quiere limitar su influencia en sus futbolistas: \u201cCreo que tanto en la victoria como en la derrota la sensaci\u00f3n nos tiene que durar 24 horas. Para bien o para mal\u201d, dijo este lunes en Almaty, donde ma\u00f1ana disputa el segundo partido de la fase de liga de la Liga de Campeones contra el Kairat (18.45, Movistar). \u201cDuele&#8230; Ha dolido, pero ya estamos en modo Champions\u201d. Y ah\u00ed quiere empezar a usar las ense\u00f1anzas el sopapo del Atl\u00e9tico de Madrid: \u201c<a href=\"https:\/\/elpais.com\/deportes\/futbol\/2025-09-27\/xabi-alonso-asume-el-desastre-del-real-madrid-no-hay-excusas-no-hemos-competido-hay-que-ser-autocriticos.html\" target=\"_self\" rel=\"nofollow noopener\" title=\"https:\/\/elpais.com\/deportes\/futbol\/2025-09-27\/xabi-alonso-asume-el-desastre-del-real-madrid-no-hay-excusas-no-hemos-competido-hay-que-ser-autocriticos.html\">No hay que analizar solo la actitud<\/a>. Hay razones futbol\u00edsticas tambi\u00e9n. Las vamos a poder usar para ma\u00f1ana. Es parte del proceso de adaptaci\u00f3n, de aprendizaje\u201d.<\/p>\n<p class=\"\">La l\u00ednea del t\u00e9cnico es clara, pero a Fede Valverde le est\u00e1 costando m\u00e1s la digesti\u00f3n de la goleada. \u201cFueron d\u00edas muy duros. A nivel futbol\u00edstico, muy jodidos por el partido del otro d\u00eda. La derrota para nosotros fue un golpe muy duro\u201d, record\u00f3. El grupo la ha estado rumiando como pocas veces: \u201cCharlamos mucho. Tuvimos muchas conversaciones. Creo que desde que estoy aqu\u00ed en el Madrid hab\u00eda pasado muy pocas veces: juntarnos tantos jugadores a charlar, a intentar cambiar la din\u00e1mica del grupo, del equipo, de lo que fue el otro d\u00eda, la actitud\u201d.<\/p>\n<p class=\"\">Aunque Xabi no cree que esa actitud fuera la raz\u00f3n \u00fanica de la derrota en el derbi, el relato del uruguayo trasluce cierto sentimiento de culpa presente en esas conversaciones de la plantilla <a href=\"https:\/\/elpais.com\/deportes\/futbol\/2025-09-27\/el-atletico-destroza-al-madrid-y-da-la-campanada-en-el-derbi.html\" target=\"_self\" rel=\"nofollow noopener\" title=\"https:\/\/elpais.com\/deportes\/futbol\/2025-09-27\/el-atletico-destroza-al-madrid-y-da-la-campanada-en-el-derbi.html\">por la manera en que afrontaron el derbi<\/a>: \u201cHicimos mucho hincapi\u00e9 en la actitud en el campo. Intentar salir m\u00e1s fuertes, m\u00e1s concentrados\u201d, dijo. \u201cPodemos fallar en muchas cosas. En pases, no meter goles, defender mal&#8230; La actitud creo que no se negocia. La actitud es lo primero, por lo menos para demostrar que queremos ganar el partido y no salir como los primeros minutos, que mostramos otra actitud, como si el empate nos sirviera, como si estuvi\u00e9ramos jugando el partido ya como campeones. Tenemos que cambiar eso, y ma\u00f1ana tenemos el primer partido para cambiar esa actitud\u201d.<\/p>\n","protected":false},"excerpt":{"rendered":"El eco de la contundente derrota del Real Madrid en el derbi del s\u00e1bado en el Metropolitano (5-2)&hellip;\n","protected":false},"author":2,"featured_media":146705,"comment_status":"","ping_status":"","sticky":false,"template":"","format":"standard","meta":{"footnotes":""},"categories":[93],"tags":[1241,1540,168,1539,25,24,42441,282,1538,3048,23,167,10344],"class_list":{"0":"post-146704","1":"post","2":"type-post","3":"status-publish","4":"format-standard","5":"has-post-thumbnail","7":"category-deportes","8":"tag-champions-league","9":"tag-competiciones","10":"tag-deportes","11":"tag-entrenadores","12":"tag-es","13":"tag-espana","14":"tag-federico-valverde","15":"tag-futbol","16":"tag-futbolistas","17":"tag-real-madrid","18":"tag-spain","19":"tag-sports","20":"tag-xabi-alonso"},"share_on_mastodon":{"url":"","error":""},"_links":{"self":[{"href":"https:\/\/www.europesays.com\/es\/wp-json\/wp\/v2\/posts\/146704","targetHints":{"allow":["GET"]}}],"collection":[{"href":"https:\/\/www.europesays.com\/es\/wp-json\/wp\/v2\/posts"}],"about":[{"href":"https:\/\/www.europesays.com\/es\/wp-json\/wp\/v2\/types\/post"}],"author":[{"embeddable":true,"href":"https:\/\/www.europesays.com\/es\/wp-json\/wp\/v2\/users\/2"}],"replies":[{"embeddable":true,"href":"https:\/\/www.europesays.com\/es\/wp-json\/wp\/v2\/comments?post=146704"}],"version-history":[{"count":0,"href":"https:\/\/www.europesays.com\/es\/wp-json\/wp\/v2\/posts\/146704\/revisions"}],"wp:featuredmedia":[{"embeddable":true,"href":"https:\/\/www.europesays.com\/es\/wp-json\/wp\/v2\/media\/146705"}],"wp:attachment":[{"href":"https:\/\/www.europesays.com\/es\/wp-json\/wp\/v2\/media?parent=146704"}],"wp:term":[{"taxonomy":"category","embeddable":true,"href":"https:\/\/www.europesays.com\/es\/wp-json\/wp\/v2\/categories?post=146704"},{"taxonomy":"post_tag","embeddable":true,"href":"https:\/\/www.europesays.com\/es\/wp-json\/wp\/v2\/tags?post=146704"}],"curies":[{"name":"wp","href":"https:\/\/api.w.org\/{rel}","templated":true}]}}