{"id":146714,"date":"2025-09-29T15:14:07","date_gmt":"2025-09-29T15:14:07","guid":{"rendered":"https:\/\/www.europesays.com\/es\/146714\/"},"modified":"2025-09-29T15:14:07","modified_gmt":"2025-09-29T15:14:07","slug":"claves-del-plan-de-paz-de-21-puntos-de-trump-para-gaza","status":"publish","type":"post","link":"https:\/\/www.europesays.com\/es\/146714\/","title":{"rendered":"Claves del plan de paz de 21 puntos de Trump para Gaza"},"content":{"rendered":"<p>Tras casi dos a\u00f1os de conflicto en Gaza, la Administraci\u00f3n del presidente estadounidense, <strong>Donald Trump<\/strong>, ha puesto sobre la mesa un ambicioso plan de 21 puntos que busca no solo poner fin inmediato a la masacre, sino redibujar el futuro pol\u00edtico de la Franja. La propuesta incluye la liberaci\u00f3n de rehenes, el relevo de Ham\u00e1s del control pol\u00edtico y militar y una v\u00eda hacia la creaci\u00f3n de un Estado palestino.<\/p>\n<p>El plan, que supone una <a href=\"https:\/\/www.rtve.es\/play\/videos\/telediario-1\/planes-trump-oriente-proximo-reconstruir-gaza-convertirla-resort-lujo\/16739324\/\" target=\"_blank\" rel=\"nofollow noopener\">ruptura respecto al discurso inicial de Trump<\/a>, ha sido elaborado por el enviado especial de Estados Unidos a Oriente Medio, <strong>Steve Witkoff<\/strong>, a su vez asesorado por el exasesor principal de la Casa Blanca, <strong>Jared Kushner<\/strong>, y el ex primer ministro brit\u00e1nico, <strong>Tony Blair<\/strong>, seg\u00fan la prensa brit\u00e1nica. Adem\u00e1s de las ya mencionadas, el texto, seg\u00fan han revelado medios como el israel\u00ed The Times of Israel, incluye medidas humanitarias urgentes, un plan econ\u00f3mico de reconstrucci\u00f3n, la creaci\u00f3n de una zona especial con incentivos para inversores y el despliegue de una fuerza internacional de estabilizaci\u00f3n.<\/p>\n<p>La iniciativa contempla a su vez que<strong> Israel se comprometa a no ocupar ni anexionar la Franja<\/strong> y a ceder gradualmente el control. De esta forma, el documento, que seg\u00fan The Times of Israel fue compartido con pa\u00edses \u00e1rabes y musulmanes mediadores de un acuerdo en la Franja en los m\u00e1rgenes de la Asamblea General la semana pasada, busca articular de forma viable un \u00abd\u00eda despu\u00e9s\u00bb tras el fin de las hostilidades.<\/p>\n<p>Pero el entusiasmo de la Casa Blanca, que ha asegurado estar \u00ab<strong>muy cerca<\/strong>\u00bb de llegar a un acuerdo y espera que \u00ab<strong>ambas partes acepten<\/strong>\u00ab, choca de frente con la ret\u00f3rica del primer ministro israel\u00ed, <strong>Benjam\u00edn Netanyahu<\/strong>. El mandatario ha rechazado reiteradamente cualquier f\u00f3rmula que contemple un Estado palestino, menci\u00f3n que ya destac\u00f3 en su <a href=\"https:\/\/www.rtve.es\/noticias\/20250926\/directo-benjamin-netanyahu-interviene-asamblea-general-onu\/16744339.shtml\" target=\"_blank\" rel=\"nofollow noopener\">\u00faltimo discurso frente a la Asamblea General de la ONU<\/a>. La reuni\u00f3n de este lunes entre ambos mandatarios se torna clave para decidir la disposici\u00f3n de Netanyahu a aceptar la propuesta.<\/p>\n<p>\u00abPara alcanzar un acuerdo razonable para ambas partes, <strong>ambas tienen que ceder un poco y podr\u00edan retirarse un poco descontentas<\/strong>, pero as\u00ed es como, en \u00faltima instancia, vamos a poner fin a este conflicto\u00bb, ha contemplado la portavoz de la Casa Blanca, <strong>Karoline Leavitt<\/strong>, en una entrevista al programa Fox News.<\/p>\n<p>Cabe destacar que, incluso si Tel Aviv acepta, tras el <a href=\"https:\/\/www.rtve.es\/noticias\/20250909\/israel-confirma-ataque-contra-brazo-politico-hamas-tras-producirse-explosion-doha-catar\/16722517.shtml\" target=\"_blank\" rel=\"nofollow noopener\">ataque israel\u00ed del 9 de septiembre en Doha<\/a>, actualmente no hay una diplomacia activa entre el grupo islamista e Israel que ponga fin a los combates a corto plazo. A este respecto, la Casa Blanca ha asegurado que Trump \u00abhablar\u00e1\u00bb pronto con Catar. De momento, <strong>el plan no ha sido presentado a Ham\u00e1s<\/strong>. <\/p>\n<p>Netanyahu y las l\u00edneas rojas<\/p>\n<p>El discurso del primer ministro israel\u00ed en la ONU el pasado viernes fue tajante: \u00ab<strong>Asesinar a jud\u00edos tiene recompensa<\/strong>\u00ab. Netanyahu no solo rechaza cualquier reconocimiento formal de un Estado palestino, sino que adem\u00e1s insiste en que Israel mantenga control absoluto de la seguridad en la regi\u00f3n hasta \u00abterminar el trabajo\u00bb con Hamas.<\/p>\n<p>Dentro de su coalici\u00f3n, ministros ultraderechistas como<strong> Bezalel Smotrich<\/strong> e Itamar <strong>Ben-Gvir<\/strong> rechazan frontalmente la cesi\u00f3n de poder en Gaza a un Gobierno interino supervisado desde fuera. Recientemente, el miembro del partido ultraderechista Otzma Yehudit (Poder Jud\u00edo), <strong>Yitzhak Kroizer<\/strong>, ha expresado a The Media Line su categ\u00f3rica oposici\u00f3n al plan. \u00abIsrael no entr\u00f3 en esta guerra para entregar Gaza en bandeja de plata a otra entidad terrorista\u00bb, ha recalcado.<\/p>\n<p>El presidente estadounidense sabe que el \u00e9xito de su propuesta depende de obligar a Netanyahu a aceptar concesiones impopulares dentro de su coalici\u00f3n, si bien cualquier decisi\u00f3n que choque contra la facci\u00f3n sionista amenaza con tumbar al Gobierno israel\u00ed. <\/p>\n<p>De ocurrir este supuesto, Netanyahu enfrentar\u00eda una <strong>posici\u00f3n inc\u00f3moda<\/strong>. El jefe de Gobierno est\u00e1 <a href=\"https:\/\/www.rtve.es\/noticias\/20241210\/israel-netanyahu-corrupcion-juicio-declaracion\/16365900.shtml\" target=\"_blank\" rel=\"nofollow noopener\">acusado de varios cargos de corrupci\u00f3n<\/a> y podr\u00eda ser sometido a duras condenas de prisi\u00f3n si pierde su puesto al frente del Ejecutivo.<\/p>\n<p>Del rechazo de Ham\u00e1s a la renuencia de la Autoridad Palestina<\/p>\n<p>El plan parte de una condici\u00f3n dif\u00edcil de cumplir: la renuncia total de Ham\u00e1s a las armas y la entrega de todos los rehenes de una sola vez. El grupo islamista considera que mantener cautivos a los israel\u00edes es <strong>su principal carta negociadora<\/strong>, y pese a que ha mostrado en propuestas de alto el fuego anteriores su intenci\u00f3n de ceder la administraci\u00f3n civil de la Franja a un Gobierno de transici\u00f3n, no as\u00ed lo ha hecho con la renuncia a la lucha armada.<\/p>\n<p>Esta desmilitarizaci\u00f3n de Gaza no solo se limitar\u00eda a entregar las armas, tambi\u00e9n contempla la destrucci\u00f3n de los t\u00faneles e infraestructura b\u00e9licas construidas durante d\u00e9cadas por Ham\u00e1s. Esto tambi\u00e9n supone aplicar un programa de \u00ab<strong>desradicalizaci\u00f3n<\/strong>\u00ab, elemento percibido por la formaci\u00f3n como una imposici\u00f3n unilateral de valores contrarios a su causa.<\/p>\n<p>A esto se suman las reservas de otras facciones no incluidas directamente en el acuerdo preliminar, como la Yihad Isl\u00e1mica Palestina, que podr\u00edan <strong>dinamitar cualquier acuerdo que no contemple su participaci\u00f3n<\/strong>. Por otro lado, la idea de aplicar un plan en \u00ab<strong>zonas libres de terrorismo<\/strong>\u00bb podr\u00eda fragmentar a\u00fan m\u00e1s la Franja, creando administraciones paralelas en el territorio con presencia de Ham\u00e1s. Esto \u00faltimo podr\u00eda hacer inviable la creaci\u00f3n de un Estado palestino o procurar su estabilidad en el futuro.<\/p>\n<p>La creaci\u00f3n de un Estado palestino es ya de por s\u00ed difusa. El punto 20 del plan <strong>no establece unos requisitos m\u00ednimos<\/strong> para determinar qu\u00e9 situaci\u00f3n en la Franja es apta para avanzar en la consecuci\u00f3n de un pa\u00eds independiente. Esto puede suponer que su creaci\u00f3n quede supeditada a una autoridad arbitraria que frene o paralice seg\u00fan las circunstancias su aprobaci\u00f3n.<\/p>\n<p>El Gobierno de la Autoridad Palestina, radicado en Ramala (Cisjordania) tampoco lo tiene f\u00e1cil para aceptar este plan. La AP reclama<strong> ser reconocida como la \u00fanica autoridad leg\u00edtima<\/strong> sobre Gaza y Cisjordania (algo que la ultraderecha israel\u00ed tampoco ve con buenos ojos), de ah\u00ed su rechazo a un modelo de un Gobierno provisional de tecn\u00f3cratas bajo tutela internacional. Asimismo, exige que cualquier plan incluya una afirmaci\u00f3n expl\u00edcita sobre un Estado palestino con fronteras de 1967 y Jerusal\u00e9n Este como capital. Sin esas garant\u00edas, la AP teme quedar reducida a un actor simb\u00f3lico sin poder real.<\/p>\n","protected":false},"excerpt":{"rendered":"Tras casi dos a\u00f1os de conflicto en Gaza, la Administraci\u00f3n del presidente estadounidense, Donald Trump, ha puesto sobre&hellip;\n","protected":false},"author":2,"featured_media":146715,"comment_status":"","ping_status":"","sticky":false,"template":"","format":"standard","meta":{"footnotes":""},"categories":[42],"tags":[17,18,13,14,11,61,62,63,64,19,20,9,10,15,16,12,21,22,65,66,67],"class_list":{"0":"post-146714","1":"post","2":"type-post","3":"status-publish","4":"format-standard","5":"has-post-thumbnail","7":"category-internacional","8":"tag-breaking-news","9":"tag-breakingnews","10":"tag-featured-news","11":"tag-featurednews","12":"tag-headlines","13":"tag-internacional","14":"tag-international","15":"tag-international-news","16":"tag-internationalnews","17":"tag-latest-news","18":"tag-latestnews","19":"tag-news","20":"tag-noticias","21":"tag-noticias-destacadas","22":"tag-noticiasdestacadas","23":"tag-titulares","24":"tag-ultimas-noticias","25":"tag-ultimasnoticias","26":"tag-world","27":"tag-world-news","28":"tag-worldnews"},"share_on_mastodon":{"url":"","error":""},"_links":{"self":[{"href":"https:\/\/www.europesays.com\/es\/wp-json\/wp\/v2\/posts\/146714","targetHints":{"allow":["GET"]}}],"collection":[{"href":"https:\/\/www.europesays.com\/es\/wp-json\/wp\/v2\/posts"}],"about":[{"href":"https:\/\/www.europesays.com\/es\/wp-json\/wp\/v2\/types\/post"}],"author":[{"embeddable":true,"href":"https:\/\/www.europesays.com\/es\/wp-json\/wp\/v2\/users\/2"}],"replies":[{"embeddable":true,"href":"https:\/\/www.europesays.com\/es\/wp-json\/wp\/v2\/comments?post=146714"}],"version-history":[{"count":0,"href":"https:\/\/www.europesays.com\/es\/wp-json\/wp\/v2\/posts\/146714\/revisions"}],"wp:featuredmedia":[{"embeddable":true,"href":"https:\/\/www.europesays.com\/es\/wp-json\/wp\/v2\/media\/146715"}],"wp:attachment":[{"href":"https:\/\/www.europesays.com\/es\/wp-json\/wp\/v2\/media?parent=146714"}],"wp:term":[{"taxonomy":"category","embeddable":true,"href":"https:\/\/www.europesays.com\/es\/wp-json\/wp\/v2\/categories?post=146714"},{"taxonomy":"post_tag","embeddable":true,"href":"https:\/\/www.europesays.com\/es\/wp-json\/wp\/v2\/tags?post=146714"}],"curies":[{"name":"wp","href":"https:\/\/api.w.org\/{rel}","templated":true}]}}