{"id":146716,"date":"2025-09-29T15:15:07","date_gmt":"2025-09-29T15:15:07","guid":{"rendered":"https:\/\/www.europesays.com\/es\/146716\/"},"modified":"2025-09-29T15:15:07","modified_gmt":"2025-09-29T15:15:07","slug":"la-esposa-del-presidente-del-gobierno-espanol-no-acude-a-la-citacion-del-juez-en-un-caso-de-supuesta-malversacion-swi-swissinfo-ch","status":"publish","type":"post","link":"https:\/\/www.europesays.com\/es\/146716\/","title":{"rendered":"La esposa del presidente del Gobierno espa\u00f1ol no acude a la citaci\u00f3n del juez en un caso de supuesta malversaci\u00f3n &#8211; SWI swissinfo.ch"},"content":{"rendered":"<ol>\n<li><a href=\"https:\/\/news.google.com\/rss\/articles\/CBMi-gFBVV95cUxQRnp4My0wQm9XQ3ZZeEF4NHVMMTQ3dzVKcEJEbF95NE9fMUdMT2xrZzAwWXJxUGZfSDV2WnRkSjdSY3JtLU1mT3JYc3lwTlBJZ1Uta2tnODJyUGR5Y0FiSjc4RHdvdGlDUjRndE41QTZKazlOeWZuSmJYVnVIZFF2X0tSV01STEpLczE1RV9zTWtxcjV5clRYQ3BSa09wSzBEZXVpN0hJakNJNVlLeVJaQldBS3RxMWxOOFJfNGo0VE5nN1hMaXkyOU92MDRSaExSZ0FKNTJyalVwdXpzSlBfOEFueXJBVTdfd0JVNk5Qc3VkSmFMY1FnY3p3?oc=5\" target=\"_blank\" rel=\"nofollow noopener\">La esposa del presidente del Gobierno espa\u00f1ol no acude a la citaci\u00f3n del juez en un caso de supuesta malversaci\u00f3n<\/a>&nbsp;&nbsp;SWI swissinfo.ch<\/li>\n<li><a href=\"https:\/\/news.google.com\/rss\/articles\/CBMiekFVX3lxTE0yT2hkaE84TEJpSmF4Rlk1MWhyN01lUkRRTjVfOFkxTW56R213OGxZOTUtcm4yVU9POUlxUnBqeDF2SkcyZEJvcGxKOXNSSUlLa2s0OVRzUFRaZnpxeUdPWGRUUzFLeExqTGFfaC1xS09Xa1d0emVodFpR?oc=5\" target=\"_blank\" rel=\"nofollow noopener\">Media docena de recursos para frenar que Bego\u00f1a G\u00f3mez acabe frente a un jurado por malversaci\u00f3n<\/a>&nbsp;&nbsp;El Mundo<\/li>\n<li><a href=\"https:\/\/news.google.com\/rss\/articles\/CBMisgFBVV95cUxNTkcyOG83VE5jWUpDWVpKcElYblBGcDFaVV9HeUI2aHZmRlBvT2c3c2RSQnF0YXRTQXJwcnhLeXZrU0lBd0RNQXJqZnZISUZ4b1dDajFTalpkVk44RUh6QV9KMlBsQzg5Uzd4R3podkdEYjFwREVKM3J5UmRxRXlmaDJBOGxsbGhPWHEyci1kTDNtTFhYQVVMaXU0eUlXakRScWFfT3c5ajVHcjFXWWRMYnRB0gGyAUFVX3lxTE9fdUlld3NfUElRRHh0cW1UZm5jdUxwSlBHanBfWFVtb2RyUXhZVG5EOWxYN0FkX0xOcDU5M3hPSWZlcFRPYlVoMEJfeldWd1BjamZYNHBEdVRrY3d1X0ZjMmp2ZVlJdUlrSzBWSEh2QkdZZVBRT0F2eWExNWRBazZFXzJPLXJDT1hQOFpsUHRKYy1ncTMwc1dLVVJuczBJSFFxd3hpcjR6REgxc1F0SjZ3NUE?oc=5\" target=\"_blank\" rel=\"nofollow noopener\">La instrucci\u00f3n de Peinado contra Bego\u00f1a G\u00f3mez que sigue sorprendiendo<\/a>&nbsp;&nbsp;RTVE.es<\/li>\n<li><a href=\"https:\/\/news.google.com\/rss\/articles\/CBMiowFBVV95cUxQNWh3STVlNFdPWUg2QWdjdDZRcVVDS256NzNOTHFOdDhfMXltVFA3VlY0WmFsWG9fMzItd0ZRZnk1cGNZRlA0VXNXeGZCOW05LVF3dmp4N0RZcEI1OFNOQWo5Q3M5cHBVVFhWb2RYOGZIN2dCNFZ1RmZjMFBkRGNxSWd4RnZrWGlTcHpSWHZVU2UyM29pREZzWUNHeWpja3VOM3ZV?oc=5\" target=\"_blank\" rel=\"nofollow noopener\">El abogado Luis Mar\u00eda Pardo, convencido de cu\u00e1l ser\u00e1 la sentencia de Bego\u00f1a G\u00f3mez por malversaci\u00f3n: \u00abTiene un 92,8% de posibilidades\u00bb<\/a>&nbsp;&nbsp;ABC<\/li>\n<li><a href=\"https:\/\/news.google.com\/rss\/articles\/CBMi7AFBVV95cUxPenZXOUtNQW1DdEZ1QXozWG5vejdLT3lvY0tqMGRkTU01UEZjdndjV3ZhQklQQWZNT2VqR0h3R0JpVUFDRjF6eTFOQmhyOURvUGFPQlVWeEdrblBUVldIMl8tSlJ2RG5iVFV3WXFYMmUyYlFuNm5NYV9hbzlpamp5ZjhQU0RVV29JdWdneEJtVmRCdmhsMVAybzg1R1UyMXFoSjRZa2h1cXp4bXkwY2JQT25neXJZLTVobkRSbnlIOEF3OTVONnFKdWdXaURRV2VDVG9UTEVKei1memY5RFdCV2xENGlmTzFyU3p2Zg?oc=5\" target=\"_blank\" rel=\"nofollow noopener\">Cronolog\u00eda del plant\u00f3n de Bego\u00f1a G\u00f3mez: de la expectaci\u00f3n a las cr\u00edticas tras no comparecer ante el juez Peina<\/a>&nbsp;&nbsp;LaSexta<\/li>\n<\/ol>\n","protected":false},"excerpt":{"rendered":"La esposa del presidente del Gobierno espa\u00f1ol no acude a la citaci\u00f3n del juez en un caso de&hellip;\n","protected":false},"author":2,"featured_media":146673,"comment_status":"","ping_status":"","sticky":false,"template":"","format":"standard","meta":{"footnotes":""},"categories":[8],"tags":[17,18,25,24,13,14,11,19,20,9,10,15,16,23,12,21,22],"class_list":{"0":"post-146716","1":"post","2":"type-post","3":"status-publish","4":"format-standard","5":"has-post-thumbnail","7":"category-espana","8":"tag-breaking-news","9":"tag-breakingnews","10":"tag-es","11":"tag-espana","12":"tag-featured-news","13":"tag-featurednews","14":"tag-headlines","15":"tag-latest-news","16":"tag-latestnews","17":"tag-news","18":"tag-noticias","19":"tag-noticias-destacadas","20":"tag-noticiasdestacadas","21":"tag-spain","22":"tag-titulares","23":"tag-ultimas-noticias","24":"tag-ultimasnoticias"},"share_on_mastodon":{"url":"","error":""},"_links":{"self":[{"href":"https:\/\/www.europesays.com\/es\/wp-json\/wp\/v2\/posts\/146716","targetHints":{"allow":["GET"]}}],"collection":[{"href":"https:\/\/www.europesays.com\/es\/wp-json\/wp\/v2\/posts"}],"about":[{"href":"https:\/\/www.europesays.com\/es\/wp-json\/wp\/v2\/types\/post"}],"author":[{"embeddable":true,"href":"https:\/\/www.europesays.com\/es\/wp-json\/wp\/v2\/users\/2"}],"replies":[{"embeddable":true,"href":"https:\/\/www.europesays.com\/es\/wp-json\/wp\/v2\/comments?post=146716"}],"version-history":[{"count":0,"href":"https:\/\/www.europesays.com\/es\/wp-json\/wp\/v2\/posts\/146716\/revisions"}],"wp:featuredmedia":[{"embeddable":true,"href":"https:\/\/www.europesays.com\/es\/wp-json\/wp\/v2\/media\/146673"}],"wp:attachment":[{"href":"https:\/\/www.europesays.com\/es\/wp-json\/wp\/v2\/media?parent=146716"}],"wp:term":[{"taxonomy":"category","embeddable":true,"href":"https:\/\/www.europesays.com\/es\/wp-json\/wp\/v2\/categories?post=146716"},{"taxonomy":"post_tag","embeddable":true,"href":"https:\/\/www.europesays.com\/es\/wp-json\/wp\/v2\/tags?post=146716"}],"curies":[{"name":"wp","href":"https:\/\/api.w.org\/{rel}","templated":true}]}}