{"id":146717,"date":"2025-09-29T15:17:45","date_gmt":"2025-09-29T15:17:45","guid":{"rendered":"https:\/\/www.europesays.com\/es\/146717\/"},"modified":"2025-09-29T15:17:45","modified_gmt":"2025-09-29T15:17:45","slug":"torneos-de-debate-educativo-de-andalucia-correccion-de-errores-de-la-convocatoria","status":"publish","type":"post","link":"https:\/\/www.europesays.com\/es\/146717\/","title":{"rendered":"Torneos de Debate Educativo de Andaluc\u00eda: correcci\u00f3n de errores de la convocatoria"},"content":{"rendered":"<p>Convocatoria, para el curso acad\u00e9mico 2025\/2026, del V Torneo de Debate Educativo en sus fases de centro, provincial y auton\u00f3mica, dirigidos a centros docentes sostenidos con fondos p\u00fablicos de Andaluc\u00eda, en sus distintas modalidades, seg\u00fan la lengua utilizada:<\/p>\n<ul>&#13;<\/p>\n<li>Debate Educativo en lengua espa\u00f1ola.<\/li>\n<p>&#13;<\/p>\n<li>Debate Educativo en sus modalidades de ingl\u00e9s y franc\u00e9s.\u00a0<\/li>\n<p>&#13;\n<\/ul>\n","protected":false},"excerpt":{"rendered":"Convocatoria, para el curso acad\u00e9mico 2025\/2026, del V Torneo de Debate Educativo en sus fases de centro, provincial&hellip;\n","protected":false},"author":2,"featured_media":146718,"comment_status":"","ping_status":"","sticky":false,"template":"","format":"standard","meta":{"footnotes":""},"categories":[5],"tags":[17,18,25,24,13,14,11,19,20,9,10,15,16,23,12,45025,21,22],"class_list":{"0":"post-146717","1":"post","2":"type-post","3":"status-publish","4":"format-standard","5":"has-post-thumbnail","7":"category-titulares","8":"tag-breaking-news","9":"tag-breakingnews","10":"tag-es","11":"tag-espana","12":"tag-featured-news","13":"tag-featurednews","14":"tag-headlines","15":"tag-latest-news","16":"tag-latestnews","17":"tag-news","18":"tag-noticias","19":"tag-noticias-destacadas","20":"tag-noticiasdestacadas","21":"tag-spain","22":"tag-titulares","23":"tag-torneo-de-debate-educativo-de-andalucia-correccion-de-errores-de-la-convocatoria","24":"tag-ultimas-noticias","25":"tag-ultimasnoticias"},"share_on_mastodon":{"url":"","error":""},"_links":{"self":[{"href":"https:\/\/www.europesays.com\/es\/wp-json\/wp\/v2\/posts\/146717","targetHints":{"allow":["GET"]}}],"collection":[{"href":"https:\/\/www.europesays.com\/es\/wp-json\/wp\/v2\/posts"}],"about":[{"href":"https:\/\/www.europesays.com\/es\/wp-json\/wp\/v2\/types\/post"}],"author":[{"embeddable":true,"href":"https:\/\/www.europesays.com\/es\/wp-json\/wp\/v2\/users\/2"}],"replies":[{"embeddable":true,"href":"https:\/\/www.europesays.com\/es\/wp-json\/wp\/v2\/comments?post=146717"}],"version-history":[{"count":0,"href":"https:\/\/www.europesays.com\/es\/wp-json\/wp\/v2\/posts\/146717\/revisions"}],"wp:featuredmedia":[{"embeddable":true,"href":"https:\/\/www.europesays.com\/es\/wp-json\/wp\/v2\/media\/146718"}],"wp:attachment":[{"href":"https:\/\/www.europesays.com\/es\/wp-json\/wp\/v2\/media?parent=146717"}],"wp:term":[{"taxonomy":"category","embeddable":true,"href":"https:\/\/www.europesays.com\/es\/wp-json\/wp\/v2\/categories?post=146717"},{"taxonomy":"post_tag","embeddable":true,"href":"https:\/\/www.europesays.com\/es\/wp-json\/wp\/v2\/tags?post=146717"}],"curies":[{"name":"wp","href":"https:\/\/api.w.org\/{rel}","templated":true}]}}