{"id":146723,"date":"2025-09-29T15:23:10","date_gmt":"2025-09-29T15:23:10","guid":{"rendered":"https:\/\/www.europesays.com\/es\/146723\/"},"modified":"2025-09-29T15:23:10","modified_gmt":"2025-09-29T15:23:10","slug":"la-mayor-victoria-del-ciclista-gonzalo-arino","status":"publish","type":"post","link":"https:\/\/www.europesays.com\/es\/146723\/","title":{"rendered":"La mayor victoria del ciclista Gonzalo Ari\u00f1o"},"content":{"rendered":"<p><strong>Ganar la carrera contra un <a href=\"https:\/\/www.ultimahora.es\/etiqueta\/tumor+cerebral.html?utm_source=Inline-tag&amp;utm_medium=internal\" rel=\"nofollow noopener\" target=\"_blank\">tumor cerebral<\/a>, superar un <a href=\"https:\/\/www.ultimahora.es\/etiqueta\/c%C3%A1ncer.html?utm_source=Inline-tag&amp;utm_medium=internal\" rel=\"nofollow noopener\" target=\"_blank\">c\u00e1ncer<\/a> y dar un giro radical a su vida.<\/strong> Ese es el m\u00faltiple y esperanzador anuncio que ha realizado <strong>el ciclista del Illes Balears-Arabay Gonzalo Ari\u00f1o, de 25 a\u00f1os<\/strong>, y que meses atr\u00e1s anunciaba que se apartaba de la alta competici\u00f3n para someterse a un tratamiento que ha superado favorablemente. Por segunda vez, tras hacerlo cuatro a\u00f1os antes y poder seguir pedaleando.<\/p>\n<p>El corredor de la estructura que capitanea el empresario cafetero mallorqu\u00edn Toni Vallcaneras pas\u00f3 <strong>por quir\u00f3fano<\/strong> en julio para tratarse de ese tumor cerebral, y a finales de agosto todo parec\u00eda apuntar a una vuelta a la competici\u00f3n, que se tuvo que aplazar a consecuencia del resultado de unos <strong>an\u00e1lisis de sangre que no acababan de dar los par\u00e1metros esperados<\/strong>.<\/p>\n<p>Ahora, Gonzalo Ari\u00f1o comparte feliz la noticia de su mayor y mejor victoria y sus planes de futuro, que pasan por <strong>prepararse para ser director deportivo<\/strong>. \u00abHe ganado la etapa m\u00e1s importante de mi vida. Ya estoy en casa y, por primera vez, no tengo prisa de nada: s\u00f3lo quiero disfrutar de cada momento\u00bb, escrib\u00eda en una carta abierta el corredor hasta ahora del Illes Balears-Arabay.<\/p>\n<blockquote class=\"twitter-tweet\"><p>&#13;<\/p>\n<p>\u270d\ufe0f Carta abierta de <a href=\"https:\/\/twitter.com\/ArinoGonzalo?ref_src=twsrc%5Etfw\" rel=\"nofollow noopener\" target=\"_blank\">@ArinoGonzalo<\/a>:<\/p>\n<p>&#13;<\/p>\n<p>\u00ab\ud835\udc6f\ud835\udc86 \ud835\udc88\ud835\udc82\ud835\udc8f\ud835\udc82\ud835\udc85\ud835\udc90 \ud835\udc8d\ud835\udc82 \ud835\udc86\ud835\udc95\ud835\udc82\ud835\udc91\ud835\udc82 \ud835\udc8e\ud835\udc82\u0301\ud835\udc94 \ud835\udc8a\ud835\udc8e\ud835\udc91\ud835\udc90\ud835\udc93\ud835\udc95\ud835\udc82\ud835\udc8f\ud835\udc95\ud835\udc86 \ud835\udc85\ud835\udc86 \ud835\udc8e\ud835\udc8a \ud835\udc97\ud835\udc8a\ud835\udc85\ud835\udc82. Ya estoy en casa y, por primera vez, no tengo prisa: solo quiero disfrutar el momento\u00bb.<\/p>\n<p>&#13;<\/p>\n<p>\u00abNos vemos. En las carreteras. En la vida\u00bb.<\/p>\n<p>&#13;<\/p>\n<p>\ud835\uddda\ud835\udde5\ud835\uddd4\ud835\uddd6\ud835\udddc\ud835\uddd4\ud835\udde6 \u2764\ufe0f\ud83d\udeb4\ud83c\udffc <a href=\"https:\/\/t.co\/TSDQazIwfG\" rel=\"nofollow\">pic.twitter.com\/TSDQazIwfG<\/a><\/p>\n<p>&#13;<br \/>\n\u2014 Illes Balears &#8211; Arabay (@IBalearsArabay) <a href=\"https:\/\/twitter.com\/IBalearsArabay\/status\/1972572210729804068?ref_src=twsrc%5Etfw\" rel=\"nofollow noopener\" target=\"_blank\">September 29, 2025<\/a>\n<\/p><\/blockquote>\n<p><strong>\u00abEstar\u00e9 unos meses sin poder salir a la carretera, pero eso ya no me importa, valoro m\u00e1s las peque\u00f1as cosas\u00bb<\/strong>, prosigue, recordando que todo lo que ha aprendido a lo largo de estos meses \u00abcon m\u00e9dicos y enfermeras (una de ellas, su pareja) me sirve en mi d\u00eda a d\u00eda. Mentalmente me siento m\u00e1s fuerte que nunca frente a cualquier problema\u00bb, relata Gonzalo Ari\u00f1o, que esta temporada ha participado en carreras de nivel internacional como la Volta a la Comunitat Valenciana, O Gran Cami\u00f1o o el Gran Premio Miguel Indurain, antes de parar por motivos de salud.<\/p>\n<p>Retirada<\/p>\n<p>De la misma manera, quiso compartir la noticia de su retirada: <strong>\u00abCuelgo la bicicleta como ciclista profesional. Mi vida ha cambiado radicalmente\u00bb<\/strong>, dice, a la vez que explica que comenzar\u00e1 el curso para obtener el t\u00edtulo de director deportivo (Nivel 3) \u00abpara dar clases y dirigir en las escuelas de Benic\u00e0ssim\u00bb, apunta el castellonense. Ante esta nueva etapa en su vida personal y deportiva, agradece a su nutricionista, su director y a su entrenador, \u00d3scar Pelegr\u00ed, el apoyo incondicional para seguir \u00abcreciendo dentro y fuera de la bici\u00bb, a\u00f1adiendo que en este momento \u00abse cierra una puerta, pero se abre otra\u00bb, concluye su breve, pero emotivas misiva.<\/p>\n<p>                        <script async src=\"https:\/\/platform.twitter.com\/widgets.js\" charset=\"utf-8\"><\/script><\/p>\n","protected":false},"excerpt":{"rendered":"Ganar la carrera contra un tumor cerebral, superar un c\u00e1ncer y dar un giro radical a su vida.&hellip;\n","protected":false},"author":2,"featured_media":146724,"comment_status":"","ping_status":"","sticky":false,"template":"","format":"standard","meta":{"footnotes":""},"categories":[273],"tags":[45026,1066,313,312,1916,168,25,24,329,1915,23,167,327,22349,1794,1917],"class_list":{"0":"post-146723","1":"post","2":"type-post","3":"status-publish","4":"format-standard","5":"has-post-thumbnail","7":"category-ciclismo","8":"tag-arabay-team","9":"tag-cancer","10":"tag-ciclismo","11":"tag-cycling","12":"tag-deporte-balear","13":"tag-deportes","14":"tag-es","15":"tag-espana","16":"tag-golf","17":"tag-otros-deportes","18":"tag-spain","19":"tag-sports","20":"tag-tenis","21":"tag-tumor-cerebral","22":"tag-vela","23":"tag-voleibol"},"share_on_mastodon":{"url":"","error":""},"_links":{"self":[{"href":"https:\/\/www.europesays.com\/es\/wp-json\/wp\/v2\/posts\/146723","targetHints":{"allow":["GET"]}}],"collection":[{"href":"https:\/\/www.europesays.com\/es\/wp-json\/wp\/v2\/posts"}],"about":[{"href":"https:\/\/www.europesays.com\/es\/wp-json\/wp\/v2\/types\/post"}],"author":[{"embeddable":true,"href":"https:\/\/www.europesays.com\/es\/wp-json\/wp\/v2\/users\/2"}],"replies":[{"embeddable":true,"href":"https:\/\/www.europesays.com\/es\/wp-json\/wp\/v2\/comments?post=146723"}],"version-history":[{"count":0,"href":"https:\/\/www.europesays.com\/es\/wp-json\/wp\/v2\/posts\/146723\/revisions"}],"wp:featuredmedia":[{"embeddable":true,"href":"https:\/\/www.europesays.com\/es\/wp-json\/wp\/v2\/media\/146724"}],"wp:attachment":[{"href":"https:\/\/www.europesays.com\/es\/wp-json\/wp\/v2\/media?parent=146723"}],"wp:term":[{"taxonomy":"category","embeddable":true,"href":"https:\/\/www.europesays.com\/es\/wp-json\/wp\/v2\/categories?post=146723"},{"taxonomy":"post_tag","embeddable":true,"href":"https:\/\/www.europesays.com\/es\/wp-json\/wp\/v2\/tags?post=146723"}],"curies":[{"name":"wp","href":"https:\/\/api.w.org\/{rel}","templated":true}]}}