{"id":146805,"date":"2025-09-29T16:07:07","date_gmt":"2025-09-29T16:07:07","guid":{"rendered":"https:\/\/www.europesays.com\/es\/146805\/"},"modified":"2025-09-29T16:07:07","modified_gmt":"2025-09-29T16:07:07","slug":"polemica-con-la-regla-del-sobre-de-la-ryder-cup-que-ayudo-a-europa-a-ganar","status":"publish","type":"post","link":"https:\/\/www.europesays.com\/es\/146805\/","title":{"rendered":"Pol\u00e9mica con la \u2018regla del sobre\u2019 de la Ryder Cup que ayud\u00f3 a Europa a ganar"},"content":{"rendered":"<p data-mrf-recirculation=\"Links P\u00e1rrafos\" class=\"ue-c-article__paragraph paragraph ue-c-article--first-letter-highlighted\">La <strong>Ryder Cup 2025<\/strong> de <strong>Bethpage Black<\/strong> acaba de concluir, pero ya se ha abierto el primer debate, que tiene que ver con <strong>la curiosa \u2018regla del sobre\u2019<\/strong>\u00a0que <strong>s\u00f3lo se hab\u00eda tenido que utilizar en dos ocasiones<\/strong>\u00a0desde que se estableciera en 1979. Dicha norma es bastante singular, pues establece que <strong>los capitanes de Estados Unidos y Europa pongan el nombre de un golfista en un sobre que s\u00f3lo se abre si un jugador del equipo contrario se lesiona y no puede competir en la ronda final de individuales<\/strong>. Dado este caso, cada equipo recibe medio punto.\u00a0Durante las dos primeras jornadas no hay problema, porque un golfista lesionado puede ser sustituido antes de que empiece un partido por cualquier otro miembro de su equipo.<\/p>\n<p data-mrf-recirculation=\"Links P\u00e1rrafos\" class=\"ue-c-article__paragraph paragraph\">Europa acab\u00f3 el <strong>segundo d\u00eda<\/strong> la Ryder con un marcador favorable de <strong>11,5 a 4,5<\/strong>. Antes del inicio de los duelos individuales ya era de <strong>12 a 5<\/strong>, y en lugar de los 12 partidos establecidos se iban disputar 11 debido a la <strong>lesi\u00f3n en el cuello del noruego Viktor Hovland<\/strong>. El damnificado de EEUU fue <strong>Harris English<\/strong>. El marcador final de esta edici\u00f3n fue de <strong>15-13<\/strong>. Curiosamente, <strong>en la Solheim Cup<\/strong>, el equivalente femenino de la Ryder Cup, <strong>no existe la \u2018regla del sobre\u2019 y si una jugadora se retira por lesi\u00f3n, el oponente recibe el punto completo.<\/strong><\/p>\n<p data-mrf-recirculation=\"Links P\u00e1rrafos\" class=\"ue-c-article__paragraph paragraph\">El capit\u00e1n europeo, <strong>Luke Donald<\/strong>, dej\u00f3 entrever que no hay motivo para cambiar la regla y record\u00f3, cuando le preguntaron los medios, los dos casos precedentes en los que se hab\u00eda empleado la norma: <strong>\u201cCreo que pas\u00f3 en 1991 con Steve Pate (USA). Esa Ryder Cup tambi\u00e9n fue muy re\u00f1ida, 14,5-13,5 (USA). Tambi\u00e9n ocurri\u00f3 en 1993; Sam Torrance no pudo jugar por una lesi\u00f3n en el dedo del pie. Estados Unidos gan\u00f3 esa (15-13)\u201d<\/strong>. El ingl\u00e9s, a\u00f1adi\u00f3 que podr\u00eda sentirse perjudicado, pero que as\u00ed son las cosas: \u201cHabr\u00eda tenido plena confianza en que ganar\u00eda su punto si hubiera jugado\u201d. Eso s\u00ed, tambi\u00e9n mencion\u00f3 que todo estaba pactado: \u201cTenemos contratos por algo, un acuerdo de capitanes por algo, para situaciones que ocurren. <strong>La regla es la regla y ha estado vigente durante mucho tiempo\u201d<\/strong>.<\/p>\n<p data-mrf-recirculation=\"Links P\u00e1rrafos\" class=\"ue-c-article__paragraph paragraph\">Por el contrario, <strong>Keegan Bradley<\/strong>, capit\u00e1n estadounidense, est\u00e1 convencido de que hay que cambiar la hist\u00f3rica regla.<strong> \u00abTengo algunas ideas, pero no las voy a decir ahora, pero la regla tiene que cambiar. Es algo obvio para todos en el mundo del deporte, aqu\u00ed presentes<\/strong>. No tengo nada en contra de Viktor [Hovland]. Pero <strong>esa regla tiene que cambiar para la pr\u00f3xima Ryder Cup\u00bb<\/strong>, sentenci\u00f3 el l\u00edder del bando local. En Estados Unidos est\u00e1n que trinan y hay incluso quien dice que es la regla m\u00e1s injusta que existe en el deporte, en la l\u00ednea de esto que comentaba Bradley.<\/p>\n<p data-mrf-recirculation=\"Links P\u00e1rrafos\" class=\"ue-c-article__paragraph paragraph\"><strong>Cuando benefici\u00f3 al Team USA, tampoco se tomaron decisiones<\/strong> sobre un cambio. En esta ocasi\u00f3n, se mire por donde se mire, <strong>vino muy bien a Europa<\/strong> para acercarse a su objetivo porque era equipo que lideraba claramente. En cualquier caso, ayer durante la retransmisi\u00f3n de Movistar Golf, el golfista y comentarista <strong>Jos\u00e9 Manuel Lara<\/strong> apunt\u00f3 una posible soluci\u00f3n bastante coherente: <strong>que haya un reserva<\/strong>. La esencia del \u00faltimo d\u00eda es que se disputen los 12 partidos.<\/p>\n","protected":false},"excerpt":{"rendered":"La Ryder Cup 2025 de Bethpage Black acaba de concluir, pero ya se ha abierto el primer debate,&hellip;\n","protected":false},"author":2,"featured_media":146806,"comment_status":"","ping_status":"","sticky":false,"template":"","format":"standard","meta":{"footnotes":""},"categories":[275],"tags":[168,25,24,329,23,167],"class_list":{"0":"post-146805","1":"post","2":"type-post","3":"status-publish","4":"format-standard","5":"has-post-thumbnail","7":"category-golf","8":"tag-deportes","9":"tag-es","10":"tag-espana","11":"tag-golf","12":"tag-spain","13":"tag-sports"},"share_on_mastodon":{"url":"","error":""},"_links":{"self":[{"href":"https:\/\/www.europesays.com\/es\/wp-json\/wp\/v2\/posts\/146805","targetHints":{"allow":["GET"]}}],"collection":[{"href":"https:\/\/www.europesays.com\/es\/wp-json\/wp\/v2\/posts"}],"about":[{"href":"https:\/\/www.europesays.com\/es\/wp-json\/wp\/v2\/types\/post"}],"author":[{"embeddable":true,"href":"https:\/\/www.europesays.com\/es\/wp-json\/wp\/v2\/users\/2"}],"replies":[{"embeddable":true,"href":"https:\/\/www.europesays.com\/es\/wp-json\/wp\/v2\/comments?post=146805"}],"version-history":[{"count":0,"href":"https:\/\/www.europesays.com\/es\/wp-json\/wp\/v2\/posts\/146805\/revisions"}],"wp:featuredmedia":[{"embeddable":true,"href":"https:\/\/www.europesays.com\/es\/wp-json\/wp\/v2\/media\/146806"}],"wp:attachment":[{"href":"https:\/\/www.europesays.com\/es\/wp-json\/wp\/v2\/media?parent=146805"}],"wp:term":[{"taxonomy":"category","embeddable":true,"href":"https:\/\/www.europesays.com\/es\/wp-json\/wp\/v2\/categories?post=146805"},{"taxonomy":"post_tag","embeddable":true,"href":"https:\/\/www.europesays.com\/es\/wp-json\/wp\/v2\/tags?post=146805"}],"curies":[{"name":"wp","href":"https:\/\/api.w.org\/{rel}","templated":true}]}}