{"id":146811,"date":"2025-09-29T16:10:10","date_gmt":"2025-09-29T16:10:10","guid":{"rendered":"https:\/\/www.europesays.com\/es\/146811\/"},"modified":"2025-09-29T16:10:10","modified_gmt":"2025-09-29T16:10:10","slug":"tuve-que-tomar-la-decision-mas-dificil","status":"publish","type":"post","link":"https:\/\/www.europesays.com\/es\/146811\/","title":{"rendered":"Tuve que tomar la decisi\u00f3n m\u00e1s dif\u00edcil"},"content":{"rendered":"<p><b>Roscoe ha acompa\u00f1ado a Lewis Hamilton durante los \u00faltimos 12 a\u00f1os<\/b>, desde que llegase a la familia en 2013, viviendo los mejores momentos del brit\u00e1nico durante su carrera deportiva en el Gran Circo, ya que entre 2014 y 2020 el brit\u00e1nico gan\u00f3 seis de sus siete t\u00edtulos mundiales.<\/p>\n<p>Sin embargo, durante los \u00faltimas d\u00edas el piloto de Ferrari ha estado en vilo por el estado de salud de su bulldog ingl\u00e9s: Lewis anunci\u00f3 que Roscoe estaba ingresado en coma en el hospital. Finalmente,<b> el heptacampe\u00f3n mundial de F1 ha anunciado su muerte a trav\u00e9s de su Instagram<\/b>.<\/p>\n<p>Mensaje \u00edntegro de Lewis Hamilton<\/p>\n<p>\u00abDespu\u00e9s de cuatro d\u00edas de soporte vital, luchando con cada poco de fuerza que ten\u00eda, tuve que tomar la decisi\u00f3n m\u00e1s dif\u00edcil de mi vida y despedirme de Roscoe. Nunca dej\u00f3 de luchar, hasta el final. Me siento tan agradecido y honrado de haber compartido mi vida con un alma tan hermosa, un \u00e1ngel y un verdadero amigo. Traer a Roscoe a mi vida fue la mejor decisi\u00f3n que he tomado, y siempre apreciar\u00e9 los recuerdos que hemos creado juntos. Aunque perd\u00ed a Coco, nunca antes me hab\u00eda enfrentado a poner a dormir a un perro, aunque s\u00e9 que mi mam\u00e1 y muchos amigos cercanos lo han hecho. Es una de las experiencias m\u00e1s dolorosas y siento una profunda conexi\u00f3n con todos los que han pasado por la p\u00e9rdida de una mascota querida. Aunque fue tan dif\u00edcil, tenerlo fue una de las partes m\u00e1s hermosas de la vida, amar tan profundamente y ser amado a cambio.<\/p>\n<p>Gracias a todos por el amor y el apoyo que le hab\u00e9is mostrado a Roscoe a lo largo de los a\u00f1os. Ha sido muy especial presenciarlo y sentirlo.<\/p>\n<p>Muri\u00f3 el domingo por la tarde, 28 de septiembre, en mis brazos\u00bb.<\/p>\n<p>S\u00edguenos en nuestro <b><a title=\"canal de WhatsApp\" href=\"https:\/\/www.whatsapp.com\/channel\/0029Va6BhYH2phHPnlatwW3b\" target=\"_blank\" rel=\"nofollow noopener\">canal de WhatsApp<\/a><\/b> y no te pierdas la \u00faltima hora y toda la actualidad de <b><a title=\"antena3noticias.com\" href=\"https:\/\/www.antena3.com\/noticias\/\" target=\"_blank\" rel=\"nofollow noopener\">antena3noticias.com<\/a><\/b><\/p>\n<p>   <img decoding=\"async\" title=\"Imagen de archivo de Carlos Soria\" alt=\"Imagen de archivo de Carlos Soria\" width=\"480\" height=\"270\" src=\"https:\/\/www.europesays.com\/es\/wp-content\/uploads\/2025\/09\/imagen-archivo-carlos-soria_70.jpg\" loading=\"lazy\" class=\"lazy\"\/><\/p>\n","protected":false},"excerpt":{"rendered":"Roscoe ha acompa\u00f1ado a Lewis Hamilton durante los \u00faltimos 12 a\u00f1os, desde que llegase a la familia en&hellip;\n","protected":false},"author":2,"featured_media":146812,"comment_status":"","ping_status":"","sticky":false,"template":"","format":"standard","meta":{"footnotes":""},"categories":[270],"tags":[168,25,24,306,271,272,23,167],"class_list":{"0":"post-146811","1":"post","2":"type-post","3":"status-publish","4":"format-standard","5":"has-post-thumbnail","7":"category-formula-1","8":"tag-deportes","9":"tag-es","10":"tag-espana","11":"tag-f1","12":"tag-formula-1","13":"tag-formula1","14":"tag-spain","15":"tag-sports"},"share_on_mastodon":{"url":"","error":""},"_links":{"self":[{"href":"https:\/\/www.europesays.com\/es\/wp-json\/wp\/v2\/posts\/146811","targetHints":{"allow":["GET"]}}],"collection":[{"href":"https:\/\/www.europesays.com\/es\/wp-json\/wp\/v2\/posts"}],"about":[{"href":"https:\/\/www.europesays.com\/es\/wp-json\/wp\/v2\/types\/post"}],"author":[{"embeddable":true,"href":"https:\/\/www.europesays.com\/es\/wp-json\/wp\/v2\/users\/2"}],"replies":[{"embeddable":true,"href":"https:\/\/www.europesays.com\/es\/wp-json\/wp\/v2\/comments?post=146811"}],"version-history":[{"count":0,"href":"https:\/\/www.europesays.com\/es\/wp-json\/wp\/v2\/posts\/146811\/revisions"}],"wp:featuredmedia":[{"embeddable":true,"href":"https:\/\/www.europesays.com\/es\/wp-json\/wp\/v2\/media\/146812"}],"wp:attachment":[{"href":"https:\/\/www.europesays.com\/es\/wp-json\/wp\/v2\/media?parent=146811"}],"wp:term":[{"taxonomy":"category","embeddable":true,"href":"https:\/\/www.europesays.com\/es\/wp-json\/wp\/v2\/categories?post=146811"},{"taxonomy":"post_tag","embeddable":true,"href":"https:\/\/www.europesays.com\/es\/wp-json\/wp\/v2\/tags?post=146811"}],"curies":[{"name":"wp","href":"https:\/\/api.w.org\/{rel}","templated":true}]}}