{"id":146813,"date":"2025-09-29T16:11:13","date_gmt":"2025-09-29T16:11:13","guid":{"rendered":"https:\/\/www.europesays.com\/es\/146813\/"},"modified":"2025-09-29T16:11:13","modified_gmt":"2025-09-29T16:11:13","slug":"un-barca-herido-regresa-a-la-euroliga-con-ambicion-y-humildad","status":"publish","type":"post","link":"https:\/\/www.europesays.com\/es\/146813\/","title":{"rendered":"Un Bar\u00e7a &#8216;herido&#8217; regresa a la Euroliga con ambici\u00f3n y humildad"},"content":{"rendered":"<p class=\"ft-text\"><a class=\"ft-link ft-link--decoration\" href=\"https:\/\/www.sport.es\/es\/barca\/baloncesto\/\" rel=\"nofollow noopener\" target=\"_blank\"><strong>El Bar\u00e7a<\/strong><\/a> arranca una nueva edici\u00f3n de la <strong>Euroliga<\/strong> con la m\u00e1xima ambici\u00f3n, pero con un escenario inicial cargado de muchas inc\u00f3gnitas sobre el destino del cuadro azulgrana en la competici\u00f3n.<\/p>\n<p class=\"ft-text\"><strong>La importante rebaja salarial y por ende, de presupuesto,<\/strong> hace que el conjunto catal\u00e1n vea rebajadas sus posibilidades en una competici\u00f3n que sigue aumentando su potencial econ\u00f3mico campa\u00f1a tras campa\u00f1a. El curso es muy largo, pero de entrada, <strong>el proyecto del Bar\u00e7a parte por detr\u00e1s del vigente campe\u00f3n Fenerbah\u00e7e, de los dos griegos, de M\u00f3naco y del Real Madrid.<\/strong><\/p>\n<p>Recuperar la fortaleza del Palau, clave<\/p>\n<p class=\"ft-text\">El conjunto azulgrana viene de terminar en quinta posici\u00f3n el \u00faltimo curso, pero con la sensaci\u00f3n de que se pudieron hacer mejor las cosas, <strong>especialmente en un Palau que no fue el fort\u00edn de la temporada 23\/24.<\/strong> Lograr que el feudo azulgrana vuelva a ser una fortaleza es uno de los grandes objetivos del Bar\u00e7a para este a\u00f1o. En un calendario que se ir\u00e1 hasta las 38 jornadas de fase regular, hay que minimizar tropiezos y no ensalzar en exceso algunos triunfos inesperados. Pero desde luego, <strong>Joan Pe\u00f1arroya<\/strong> y sus jugadores deben hacerse fuertes en casa para contar con ese colch\u00f3n que le permita ocupar puestos nobles en la tabla.<\/p>\n<p><img decoding=\"async\" src=\"https:\/\/www.europesays.com\/es\/wp-content\/uploads\/2025\/09\/42f6732f-cdce-4479-9883-5e79359d27f3_alta-libre-aspect-ratio_default_0.jpg\" width=\"1200\" height=\"675\" alt=\"Joan Pe\u00f1arroya, junto a Kevin Punter\" class=\"ft-helper-img-rd\" loading=\"lazy\" hasdataaida=\"true\"\/><\/p>\n<p class=\"ft-helper-fontColor-quaternary ft-helper-fontSize-body-S ft-helper-spacer-t-xxs\">Joan Pe\u00f1arroya, junto a Kevin Punter  \/ FCB<\/p>\n<p>Las caras nuevas del proyecto azulgrana<\/p>\n<p class=\"ft-text\">El segundo a\u00f1o del t\u00e9cnico egarense al frente del Bar\u00e7a contar\u00e1 con la presencia de dos jugadores experimentados en la Euroliga y cuyos nombres est\u00e1n inscritos en las p\u00e1ginas doradas de la competici\u00f3n. Tanto <strong>Tornike Shengelia<\/strong> como <strong>Will Clyburn<\/strong> son instituciones en la competici\u00f3n europea. El georgiano es el duod\u00e9cimo m\u00e1ximo anotador hist\u00f3rico, mientras que el alero estadounidense arranca el curso en la 14\u00aa plaza. Son dos jugadores que garantizan puntos, pero cuyo rendimiento conjunto en la Virtus Bolonia el pasado curso dej\u00f3 muchas dudas. <strong>Myles Cale, Miles Norris y Juani Marcos<\/strong> completan los refuerzos, eso s\u00ed, sin experiencia en la m\u00e1xima competici\u00f3n continental.<\/p>\n<p><img decoding=\"async\" src=\"https:\/\/www.europesays.com\/es\/wp-content\/uploads\/2025\/09\/b624dd8f-a0b1-451e-b5b4-3725243befac_alta-libre-aspect-ratio_default_0.jpg\" width=\"1200\" height=\"675\" alt=\"El Bar\u00e7a conf\u00eda en la experiencia de Will Clyburn en la Euroliga para enderezar el rumbo en la competici\u00f3n continental\" class=\"ft-helper-img-rd\" loading=\"lazy\" hasdataaida=\"true\"\/><\/p>\n<p class=\"ft-helper-fontColor-quaternary ft-helper-fontSize-body-S ft-helper-spacer-t-xxs\">El Bar\u00e7a conf\u00eda en la experiencia de Will Clyburn en la Euroliga para enderezar el rumbo en la competici\u00f3n continental  \/ FCB<\/p>\n<p class=\"ft-text\">La veteran\u00eda acompa\u00f1a al Bar\u00e7a 25\/26. <strong>Clyburn, Jan Vesely y Nico Laprovittola ya tienen 35 a\u00f1os, y Shengelia y Tomas Satoransky cumplir\u00e1n 34 en las pr\u00f3ximas semanas.<\/strong> Tras la mala suerte vivida con las lesiones la pasada temporada tocar\u00e1 cuidar el minutaje de los m\u00e1s veteranos, pero lo cierto es que esa experiencia puede ser un grado en los momentos complicados si Pe\u00f1arroya puede contar con ellos. Especialmente el p\u00edvot checo, diferencial en toda su trayectoria y al que el Bar\u00e7a ech\u00f3 tanto de menos el a\u00f1o pasado.<\/p>\n<p>Punter, l\u00edder indiscutible<\/p>\n<p class=\"ft-text\">Con la salida de <strong>Jabari Parker,<\/strong> <strong>Kevin Punter<\/strong> toma definitivamente la batuta del equipo. Asegurada su continuidad en la capital catalana hasta 2028, el escolta neoyorquino quiere resarcirse en su segunda campa\u00f1a en el Palau. Le sigue acompa\u00f1ando aquella acci\u00f3n que err\u00f3 en el playoff de cuartos de final de la Euroliga ante M\u00f3naco, pero sigue con hambre de Euroliga, consciente de que los a\u00f1os pasan. Su segundo a\u00f1o en el Bar\u00e7a deber\u00eda traer <strong>evoluci\u00f3n.<\/strong><\/p>\n<p class=\"ft-text\">Un progreso que tambi\u00e9n se espera de <strong>Joel Parra y Dar\u00edo Brizuela.<\/strong> Ambos afrontan su tercer curso en la disciplina azulgrana, y son dos de los jugadores que m\u00e1s han sufrido esa ausencia de t\u00edtulos en sus dos primeros cursos en el equipo. Con Pe\u00f1arroya, el alero catal\u00e1n y el escolta donostiarra ya contaron con mayor protagonismo del que gozaron bajo la batuta de Roger Grimau, y son dos perfiles, especialmente la &#8216;Mamba Vasca&#8217; capaces de decantar cualquier partido del m\u00e1s alto nivel.<\/p>\n<p><img decoding=\"async\" src=\"https:\/\/www.europesays.com\/es\/wp-content\/uploads\/2025\/09\/68478b5e-9457-4bb7-af06-c3df745e079a_alta-libre-aspect-ratio_default_0.jpg\" width=\"1200\" height=\"675\" alt=\"Joel Parra y Dar\u00edo Brizuela cerraron sus renovaciones con el Bar\u00e7a\" class=\"ft-helper-img-rd\" loading=\"lazy\" hasdataaida=\"true\"\/><\/p>\n<p class=\"ft-helper-fontColor-quaternary ft-helper-fontSize-body-S ft-helper-spacer-t-xxs\">Joel Parra y Dar\u00edo Brizuela cerraron sus renovaciones con el Bar\u00e7a  \/ Javi Ferr\u00e1ndiz<\/p>\n<p>Un calendario que aprieta<\/p>\n<p class=\"ft-text\">El Bar\u00e7a tiene un <strong>inicio exigente<\/strong> de temporada en la Euroliga. Dos salidas a domicilio ante <strong>Hapoel Tel Aviv (30\/09) y Panathinaikos (03\/10), <\/strong>duelo en el Palau contra <strong>Valencia<\/strong> (10\/10) y otra doble jornada como visitantes ante <strong>Maccabi (14\/10) y Dubai (16\/10).<\/strong> El club azulgrana necesitar\u00e1 varias jornadas para calibrar cu\u00e1les pueden ser sus objetivos en la competici\u00f3n, y para comprobar cu\u00e1l es el nivel de sus competidores.<\/p>\n<p class=\"ft-text\">El club azulgrana es consciente de que <strong>la batalla por Europa est\u00e1 m\u00e1s cara que nunca<\/strong> y que, a diferencia de los \u00faltimos cursos, no acuden con el mismo arsenal de armas. So\u00f1ar con la tercera Euroliga de la secci\u00f3n azulgrana parece un algo ut\u00f3pico a finales de septiembre, y en manos de los jugadores est\u00e1 que se pueda acabar convirtiendo en una realidad.<\/p>\n","protected":false},"excerpt":{"rendered":"El Bar\u00e7a arranca una nueva edici\u00f3n de la Euroliga con la m\u00e1xima ambici\u00f3n, pero con un escenario inicial&hellip;\n","protected":false},"author":2,"featured_media":146814,"comment_status":"","ping_status":"","sticky":false,"template":"","format":"standard","meta":{"footnotes":""},"categories":[269],"tags":[1705,299,2296,298,168,25,24,833,2713,22611,23,167],"class_list":{"0":"post-146813","1":"post","2":"type-post","3":"status-publish","4":"format-standard","5":"has-post-thumbnail","7":"category-baloncesto","8":"tag-analisis","9":"tag-baloncesto","10":"tag-barca","11":"tag-basketball","12":"tag-deportes","13":"tag-es","14":"tag-espana","15":"tag-euroliga","16":"tag-jugadores","17":"tag-previa","18":"tag-spain","19":"tag-sports"},"share_on_mastodon":{"url":"","error":""},"_links":{"self":[{"href":"https:\/\/www.europesays.com\/es\/wp-json\/wp\/v2\/posts\/146813","targetHints":{"allow":["GET"]}}],"collection":[{"href":"https:\/\/www.europesays.com\/es\/wp-json\/wp\/v2\/posts"}],"about":[{"href":"https:\/\/www.europesays.com\/es\/wp-json\/wp\/v2\/types\/post"}],"author":[{"embeddable":true,"href":"https:\/\/www.europesays.com\/es\/wp-json\/wp\/v2\/users\/2"}],"replies":[{"embeddable":true,"href":"https:\/\/www.europesays.com\/es\/wp-json\/wp\/v2\/comments?post=146813"}],"version-history":[{"count":0,"href":"https:\/\/www.europesays.com\/es\/wp-json\/wp\/v2\/posts\/146813\/revisions"}],"wp:featuredmedia":[{"embeddable":true,"href":"https:\/\/www.europesays.com\/es\/wp-json\/wp\/v2\/media\/146814"}],"wp:attachment":[{"href":"https:\/\/www.europesays.com\/es\/wp-json\/wp\/v2\/media?parent=146813"}],"wp:term":[{"taxonomy":"category","embeddable":true,"href":"https:\/\/www.europesays.com\/es\/wp-json\/wp\/v2\/categories?post=146813"},{"taxonomy":"post_tag","embeddable":true,"href":"https:\/\/www.europesays.com\/es\/wp-json\/wp\/v2\/tags?post=146813"}],"curies":[{"name":"wp","href":"https:\/\/api.w.org\/{rel}","templated":true}]}}