{"id":146815,"date":"2025-09-29T16:12:08","date_gmt":"2025-09-29T16:12:08","guid":{"rendered":"https:\/\/www.europesays.com\/es\/146815\/"},"modified":"2025-09-29T16:12:08","modified_gmt":"2025-09-29T16:12:08","slug":"notas-7-suspensos-y-3-notables-en-la-dura-derrota-del-sporting-contra-el-albacete-la-voz-de-asturias","status":"publish","type":"post","link":"https:\/\/www.europesays.com\/es\/146815\/","title":{"rendered":"Notas: 7 suspensos y 3 notables en la dura derrota del Sporting contra el Albacete &#8211; La Voz de Asturias"},"content":{"rendered":"<ol>\n<li><a href=\"https:\/\/news.google.com\/rss\/articles\/CBMi7gFBVV95cUxPM21LUXMyTlBJTlhYZnpWZ0ZMYnZGdUVTUUdfNzBrUmwzWFNBaFo3QWxMN2x5MkRkd200Y0lYZXNpTFhXZGJQUVZZdHoyQUlYZFNkWHhKSGNWUkx5eHg0cEg5bXdHaXV2ZWVyOE85dktSUTR0ejJHbzhMRzdvOFRIOGY5azl0MzdZa08yMDdzM2E1NlhkWE9aMV9mOEZzWWFyV0I3clRaVldoMDNua1lkckJwcW9oa29GZjVtT3pSek8xbUhvcXI4dEozbzNyRVFwUDJZMmhGeFkxNnk1SFZ4anBqRnc2cmVodHFoWGJ30gGKAkFVX3lxTFBUUUdGZ2dVblRZRnpVN0FYSjN6RzVjX3NnZEdjT1pMVlVVZlBsenZMM2YwaW9tNnduOVo2cWpjOVdJQjhLcHdKeEZwZUFWa2U0S0EtSWVWRkgwWVAtZGMzTUdkWEZ3YmRoYTZnY08xODVZSTdfc2JPS3I0cWJHRkdHdTRGUXJXWmg3MmV4elpBcE5SckFFd3pQNDNBam9PejBuWjZLUDU5MXBGUlB1X3drcG5ySzZleTNBUUpWZkwtbnBMbk1ReDBtbUlEMnE5TWJHUW9iMm5qV3A5Y2QwSzVXSk1NZU9ZLWpoNHJ2T0d1LTlnSnlGekhUbUIzaFJqV3BXNHM0RldwaG1n?oc=5\" target=\"_blank\" rel=\"nofollow noopener\">Notas: 7 suspensos y 3 notables en la dura derrota del Sporting contra el Albacete<\/a>&nbsp;&nbsp;La Voz de Asturias<\/li>\n<li><a href=\"https:\/\/news.google.com\/rss\/articles\/CBMiqwFBVV95cUxOWFdLOUQtYW12TU4xMW1sV3JOZG9sUkU0WE1kY2kxV0JKam1sbHY3bGNRSThQaFVEZS1aUjRib2JScl9BV1p0X0lGbkNjWTEyZ2J1RjlXQWdnNHVlWUd0VHE2ZFJSNVBfTXE1bWpzbHNRbzJ3RTVkeGpsOWNmZV9ZYVcyWXNxVUFtVXRlOVVVWFZPa0RJazVKR2t5UlFCS1F0OXRPM0VxN3ptZVXSAasBQVVfeXFMT2I1cG1zdmpIa096UlFOdE1FVGFsaWVoSE85bzhONFZlVWtLRXF1QnF1RWpJeUpPVG1VY2hJeExBTjJqaG1TMzFkcjV4NWp5bHJQZUlIQkNNQXJ0Sl9Qd1A0MzItaVpvdEd3enMzVmlCd1dUS1RVZFNuUlRINUp5LVBBV1RBYzBhQXpmek9KUEt3TXplaXQwc3JpZllNelFNTHhuWDA0enRnbnZn?oc=5\" target=\"_blank\" rel=\"nofollow noopener\">Como una pu\u00f1alada en el coraz\u00f3n<\/a>&nbsp;&nbsp;Onda Cero<\/li>\n<li><a href=\"https:\/\/news.google.com\/rss\/articles\/CBMilwFBVV95cUxNd3M4NVNNQk5IcHBJRjRrT0I0UTUtNElWbXNPY2xqa25tNFdtMml4c29KTUxWbmZfVFBzZVVGaERnbEVEZnFnaDE4S2FPaC1Wa0F2NW9oVTM4U3ZwNVFlLV9hUzBEYjA5S3dIdnd4elhaanpYZmpWNTlNSmE3endncERZQndiNnVNUzBrSGtYWWRSSzhHMS1Z0gGrAUFVX3lxTE94OVhaS1Q4YVl3czd3VldKMkdqaWdpTERHTmZZdktfbnMyYTcxbjhOSGdWdWRVUlJMVFhLY2QwbGlabGhJWWtwSUdpakFyaEE2di1La2lKdGhGcUc3amZOMGc4WEhubFo0MXo4OHZaMjE3d1g4eHdRRlRrbm1uRXFpOUU4STdZQldQSzhoX0ZmMU96ZWJJTnZ2alhlXzJKVTFkYmhMZk83VEU2TQ?oc=5\" target=\"_blank\" rel=\"nofollow noopener\">Sporting 3 &#8211; 4 Albacete: resumen, goles y resultado<\/a>&nbsp;&nbsp;Diario AS<\/li>\n<li><a href=\"https:\/\/news.google.com\/rss\/articles\/CBMiwgFBVV95cUxOUDdnNEJyVWR6NVVLY3RoOEEyUUpDM2JUb2pMZU04VGZnRHFYSzU1SDAxbVhfQjRfUXBBbFNMczBJUWRCNEp0bjJQSW1ZYThfamVrVnBNZzgwUU8yRUl5YUU2U1pxdHhZWm5NVHAtem8wUXVtOG9LOVpuaWFLbHBwdXd0YUs2bTJjY1hRa1JRbTkwekFrNE1VQi1ULU50d3VCSnRXenF3YWpJMWRIYlVkdENoQmkwYjZfYzVoVk56R09EZw?oc=5\" target=\"_blank\" rel=\"nofollow noopener\">Sporting &#8211; Albacete en directo<\/a>&nbsp;&nbsp;El Mundo<\/li>\n<li><a href=\"https:\/\/news.google.com\/rss\/articles\/CBMi8AFBVV95cUxPTmtBVWlSSTlIOHFTV1BySHAwTUhvay1aMGF1Z3djOWh4dTd6Z09QeWZQQmlNSmhNSVFzUVl6QnBDR2JoMTFVY05OWU4tNFU2WHhEcGF1R3pXQ2RCdzVIM0VQSUpaNjZ4TVFFS2x2TEFYaEljTHhwVUZqUjFGMllFNzNOUVJHQ1VTQkpKX0E2aGxaZFdoREMtcVJScHQwRkhtM3M2eEtzOTl5N0F6SndERVktTDVUaVVYZ1JtMm0yMHBTaGNCa0NqdmhNekV2VExkRGRDWVl0VjkwZzlOcUQ0czFGanJFQ2hPZDVmcmgxMWHSAYQCQVVfeXFMTlRyMFhIWjRjVzFoX01udDdReXN4TEVyaEtvb244TElvMVlsS3AtRVEtVjljWk9RWHpSLUlxN0Y0dXEtYTcxaUw0R3dtdWdkUUtjdGxRbUlyTk9GV25nalV5aFJIWkR1R3hVekVDT3NHUHNqR2VrMTJkR3ptalUwUktWU3pMamV1MkNkWE9IMnl1WVlOMkhSQ2FfZ3NJd29RdmhUOTFvSW9wY3RMRnpDRW01b0k2VThxY3hSUURXUmNnOHlUVlNRSWpUMXd3ZzcxdVlCVThwSGdrUlNMSEJLZXd1VnRyZHJqMDhhZFUwcmVWMEVPOTNJTnZVY0JiSzdjSkZCMHQ?oc=5\" target=\"_blank\" rel=\"nofollow noopener\">Del rid\u00edculo a una remontada hist\u00f3rica: El Alba sale vivo de Gij\u00f3n con tres importantes puntos<\/a>&nbsp;&nbsp;Cadena SER<\/li>\n<\/ol>\n","protected":false},"excerpt":{"rendered":"Notas: 7 suspensos y 3 notables en la dura derrota del Sporting contra el Albacete&nbsp;&nbsp;La Voz de Asturias&hellip;\n","protected":false},"author":2,"featured_media":146816,"comment_status":"","ping_status":"","sticky":false,"template":"","format":"standard","meta":{"footnotes":""},"categories":[268],"tags":[168,25,24,280,282,281,23,4783,167],"class_list":{"0":"post-146815","1":"post","2":"type-post","3":"status-publish","4":"format-standard","5":"has-post-thumbnail","7":"category-futbol","8":"tag-deportes","9":"tag-es","10":"tag-espana","11":"tag-football","12":"tag-futbol","13":"tag-soccer","14":"tag-spain","15":"tag-sporting-de-gijon","16":"tag-sports"},"share_on_mastodon":{"url":"","error":""},"_links":{"self":[{"href":"https:\/\/www.europesays.com\/es\/wp-json\/wp\/v2\/posts\/146815","targetHints":{"allow":["GET"]}}],"collection":[{"href":"https:\/\/www.europesays.com\/es\/wp-json\/wp\/v2\/posts"}],"about":[{"href":"https:\/\/www.europesays.com\/es\/wp-json\/wp\/v2\/types\/post"}],"author":[{"embeddable":true,"href":"https:\/\/www.europesays.com\/es\/wp-json\/wp\/v2\/users\/2"}],"replies":[{"embeddable":true,"href":"https:\/\/www.europesays.com\/es\/wp-json\/wp\/v2\/comments?post=146815"}],"version-history":[{"count":0,"href":"https:\/\/www.europesays.com\/es\/wp-json\/wp\/v2\/posts\/146815\/revisions"}],"wp:featuredmedia":[{"embeddable":true,"href":"https:\/\/www.europesays.com\/es\/wp-json\/wp\/v2\/media\/146816"}],"wp:attachment":[{"href":"https:\/\/www.europesays.com\/es\/wp-json\/wp\/v2\/media?parent=146815"}],"wp:term":[{"taxonomy":"category","embeddable":true,"href":"https:\/\/www.europesays.com\/es\/wp-json\/wp\/v2\/categories?post=146815"},{"taxonomy":"post_tag","embeddable":true,"href":"https:\/\/www.europesays.com\/es\/wp-json\/wp\/v2\/tags?post=146815"}],"curies":[{"name":"wp","href":"https:\/\/api.w.org\/{rel}","templated":true}]}}